{"id":10124,"date":"2023-09-14T18:55:23","date_gmt":"2023-09-14T18:55:23","guid":{"rendered":"https:\/\/tabouleinfos.com\/?p=10124"},"modified":"2023-09-14T18:55:23","modified_gmt":"2023-09-14T18:55:23","slug":"les-artistes-maliens-nigeriens-et-burkinabes-persona-non-grata-en-france","status":"publish","type":"post","link":"https:\/\/tabouleinfos.com\/index.php\/les-artistes-maliens-nigeriens-et-burkinabes-persona-non-grata-en-france\/","title":{"rendered":"Les artistes Maliens, Nig\u00e9riens et Burkinab\u00e9s persona non grata en France"},"content":{"rendered":"<p><span style=\"font-size: 16pt\"><strong>Les directrices et directeurs des th\u00e9\u00e2tres publics ont re\u00e7u hier un mail r\u00e9dig\u00e9 par le minist\u00e8re de l\u2019Europe et des affaires \u00e9trang\u00e8res et qui a transit\u00e9 par les DRAC, leur demandant de \u00ab\u00a0suspendre, jusqu\u2019\u00e0 nouvel ordre, toute coop\u00e9ration avec le Mali, Niger, et le Burkina Faso\u00a0\u00bb. Un douche froide, notamment \u00e0 Limoges, pour son directeur Hassane Kassi Kouyat\u00e9 qui a re\u00e7u la missive alors qu\u2019il r\u00e9p\u00e8te \u00e0 la Sc\u00e8ne nationale d\u2019Aubusson,\u00a0Zo\u00e9\u00a0d\u2019Olivier Choini\u00e8re. Cette d\u00e9cision met en p\u00e9ril la venue de plusieurs artistes \u00e0 quelques jours du 40e festival des Francophonies \u2013 Des \u00e9critures \u00e0 la sc\u00e8ne qui d\u00e9bute le 21 septembre.<\/strong><\/span><\/p>\n<p><span style=\"font-size: 16pt\">Comme tous les adh\u00e9rents du Syndeac, de l\u2019Accn, de l\u2019A-CDCN, de l\u2019ACDN et de l\u2019ASN, Hassane Kassi Kouyat\u00e9 a d\u00e9couvert hier ce mail \u00e9manant du minist\u00e8re de l\u2019Europe et des affaires \u00e9trang\u00e8res. Il leur demande express\u00e9ment de suspendre <em>\u00ab\u00a0les projets de coop\u00e9ration qui sont men\u00e9s par vos \u00e9tablissements ou vos services avec des institutions ou des ressortissants de ces trois pays\u00a0\u00bb.\u00a0 Et ce \u00ab\u00a0sans d\u00e9lai, et sans aucune exception\u00a0\u00bb<\/em>. Le mail pr\u00e9cise : <em>\u00ab\u00a0Tous les soutiens financiers doivent \u00e9galement \u00eatre suspendus, y compris via des structures fran\u00e7aises, comme des associations par exemple. De la m\u00eame mani\u00e8re, aucune invitation de tout ressortissant de ces pays ne doit \u00eatre lanc\u00e9e. A compter de ce jour, la France ne d\u00e9livre plus de visas pour les ressortissants de ces trois pays sans aucune exception, et ce jusqu\u2019\u00e0 nouvel ordre\u00a0\u00bb.<\/em><\/span><\/p>\n<p><span style=\"font-size: 16pt\">Le Syndeac demande ce matin la tenue d\u2019une r\u00e9union imm\u00e9diate avec le minist\u00e8re des affaires \u00e9trang\u00e8res\u00a0pour que les arguments des professionnels soient \u00e9cout\u00e9s et que la solidarit\u00e9 de la France \u00e0 l\u2019\u00e9gard des artistes soit affirm\u00e9e avec force. Pour Hassane Kassi Kouyat\u00e9, franco-burkinab\u00e9, c\u2019est un coup dur. <em>\u00ab\u00a0On est tous otages des d\u00e9cisions politiques. Ces d\u00e9cisions me d\u00e9passent\u00a0\u00bb nous a-t-il expliqu\u00e9. \u00ab\u00a0Je n\u2019ai pas les tenants et les aboutissants, mais je les subis en tant qu\u2019organisateur et en tant qu\u2019artiste aussi\u00a0\u00bb<\/em>. Cette d\u00e9cision va aussi impacter le festival Sens Interdits qui se d\u00e9roule \u00e0 Lyon du 14 au 28 octobre 2023, qui doit accueillir plusieurs spectacle en provenance du Mali, dont\u00a0Taf\u00e9 Fanga ? Le Pouvoir du pagne ?\u00a0de Jeanne Diama dans la mise en sc\u00e8ne de Assitan Tangara.<\/span><\/p>\n<p><span style=\"font-size: 16pt\">Dans un communiqu\u00e9 le Syndeac, l\u2019Accn, l\u2019A-CDCN, l\u2019ACDN et de l\u2019ASN explique que ce message est \u00ab\u00a0totalement in\u00e9dit\u00a0\u00bb et que <em>\u00ab\u00a0cette interdiction totale concernant trois pays travers\u00e9s par des crises en effet tr\u00e8s graves n\u2019a \u00e9videmment aucun sens d\u2019un point de vue artistique et constitue une erreur majeure d\u2019un point de vue politique. C\u2019est tout le contraire qu\u2019il convient de faire. Cette politique de l\u2019interdiction de la circulation des artistes et de leurs \u0153uvres n\u2019a jamais pr\u00e9valu dans aucune autre crise internationale, des plus r\u00e9centes avec la Russie, aux plus anciennes et durables, avec la Chine\u00a0\u00bb.<\/em><\/span><\/p>\n<p><span style=\"font-size: 16pt\">Et ce soir, le minist\u00e8re de la culture explique qu\u2019 <em>\u00ab\u00a0aucune d\u00e9programmation d\u2019artistes, de quelque nationalit\u00e9 que ce soit, n\u2019est demand\u00e9e ni par le minist\u00e8re des Affaires \u00e9trang\u00e8res, ni par le minist\u00e8re de la Culture. Pour des raisons de s\u00e9curit\u00e9, la France a suspendu depuis le 7 ao\u00fbt la d\u00e9livrance de visas depuis Niamey, Ougadougou et Bamako, ainsi que la mise en \u0153uvre dans ces pays de nos actions de coop\u00e9ration culturelle. Cette d\u00e9cision n\u2019affecte pas les personnes qui seraient titulaires de visas d\u00e9livr\u00e9s avant cette date ou qui r\u00e9sident en France ou dans d\u2019autres pays\u00a0\u00bb<\/em>.<\/span><\/p>\n<p><span style=\"font-size: 16pt\">A lire sur\u00a0: <span style=\"color: #0000ff\"><a style=\"color: #0000ff\" href=\"https:\/\/sceneweb.fr\/les-artistes-maliens-nigeriens-et-burkinabes-persona-non-grata-en-france\/\"><strong>sceneweb.fr<\/strong><\/a><\/span><\/span><\/p>\n","protected":false},"excerpt":{"rendered":"<p>Les directrices et directeurs des th\u00e9\u00e2tres publics ont re\u00e7u hier un mail r\u00e9dig\u00e9 par le minist\u00e8re de l\u2019Europe et des affaires \u00e9trang\u00e8res et qui a transit\u00e9 par les DRAC, leur demandant de \u00ab\u00a0suspendre, jusqu\u2019\u00e0 nouvel ordre, toute coop\u00e9ration avec le Mali, Niger, et le Burkina Faso\u00a0\u00bb. Un douche froide, notamment \u00e0 Limoges, pour son directeur [&hellip;]<\/p>\n","protected":false},"author":5,"featured_media":10125,"comment_status":"closed","ping_status":"closed","sticky":false,"template":"","format":"standard","meta":{"footnotes":""},"categories":[2,24],"tags":[],"class_list":{"0":"post-10124","1":"post","2":"type-post","3":"status-publish","4":"format-standard","5":"has-post-thumbnail","7":"category-featured","8":"category-people"},"_links":{"self":[{"href":"https:\/\/tabouleinfos.com\/index.php\/wp-json\/wp\/v2\/posts\/10124","targetHints":{"allow":["GET"]}}],"collection":[{"href":"https:\/\/tabouleinfos.com\/index.php\/wp-json\/wp\/v2\/posts"}],"about":[{"href":"https:\/\/tabouleinfos.com\/index.php\/wp-json\/wp\/v2\/types\/post"}],"author":[{"embeddable":true,"href":"https:\/\/tabouleinfos.com\/index.php\/wp-json\/wp\/v2\/users\/5"}],"replies":[{"embeddable":true,"href":"https:\/\/tabouleinfos.com\/index.php\/wp-json\/wp\/v2\/comments?post=10124"}],"version-history":[{"count":0,"href":"https:\/\/tabouleinfos.com\/index.php\/wp-json\/wp\/v2\/posts\/10124\/revisions"}],"wp:featuredmedia":[{"embeddable":true,"href":"https:\/\/tabouleinfos.com\/index.php\/wp-json\/wp\/v2\/media\/10125"}],"wp:attachment":[{"href":"https:\/\/tabouleinfos.com\/index.php\/wp-json\/wp\/v2\/media?parent=10124"}],"wp:term":[{"taxonomy":"category","embeddable":true,"href":"https:\/\/tabouleinfos.com\/index.php\/wp-json\/wp\/v2\/categories?post=10124"},{"taxonomy":"post_tag","embeddable":true,"href":"https:\/\/tabouleinfos.com\/index.php\/wp-json\/wp\/v2\/tags?post=10124"}],"curies":[{"name":"wp","href":"https:\/\/api.w.org\/{rel}","templated":true}]}}