{"id":10245,"date":"2023-10-07T09:14:24","date_gmt":"2023-10-07T09:14:24","guid":{"rendered":"https:\/\/tabouleinfos.com\/?p=10245"},"modified":"2023-10-07T10:02:38","modified_gmt":"2023-10-07T10:02:38","slug":"conakry-ouverture-de-lespace-guinee-creative","status":"publish","type":"post","link":"https:\/\/tabouleinfos.com\/index.php\/conakry-ouverture-de-lespace-guinee-creative\/","title":{"rendered":"Conakry\u00a0: Ouverture de l\u2019Espace Guin\u00e9e Cr\u00e9ative"},"content":{"rendered":"<p><span style=\"font-size: 16pt\"><strong>Les cr\u00e9ateurs guin\u00e9ens ont pr\u00e9sentement un espace o\u00f9 s\u2019exprimer durant deux mois \u00e0 travers leurs savoir-faire. Espace Guin\u00e9e Cr\u00e9ative est le nom de ce programme financ\u00e9 par l\u2019Union Europ\u00e9enne et ex\u00e9cut\u00e9 par ENABEL en partenariat avec la Cit\u00e9 des Arts et Pali Pali.<\/strong><\/span><\/p>\n<p><span style=\"font-size: 16pt\">Ce vendredi 6 octobre 2023, cet espace a \u00e9t\u00e9 ouvert \u00e0 l\u2019h\u00f4tel Mariador Palace (Ratoma) en pr\u00e9sence du ministre de la Culture, du Tourisme et de l\u2019Artisanat. Mais aussi la participation de plusieurs personnalit\u00e9s du paysage culturel, artistique et autres.<\/span><\/p>\n<p><span style=\"font-size: 16pt\">Fruit de deux ann\u00e9es d\u2019un programme appel\u00e9 Guin\u00e9e Cr\u00e9ative, ce projet a permis aux jeunes entrepreneurs \u00e9voluant dans la mode, le design et de l\u2019audiovisuel d\u2019assoir leurs entreprises. Concernant l\u2019espace Guin\u00e9e Cr\u00e9ative, il connaitra deux mois de programmation artistique, de vente, de vernissage pour ceux qui ont re\u00e7u la formation en audiovisuel et en photographie.<\/span><\/p>\n<p><span style=\"font-size: 16pt\">Selon Moussa M&rsquo;baye, g\u00e9rant de ce nouvel espace et\u00a0 b\u00e9n\u00e9ficiaire du programme. <em>\u00abl&rsquo;objectif est de renforcer les capacit\u00e9s des acteurs dans les industries culturelles et cr\u00e9atives, de leur permettre d&rsquo;avoir un business mod\u00e8les fiables pour la cr\u00e9ation de richesse.\u00bb<\/em> a-t-il affirm\u00e9.<\/span><\/p>\n<p><span style=\"font-size: 16pt\">D\u00e9clarant cet espace ouvert pour deux mois, le ministre de la Culture, du Tourisme et de l\u2019Artisanat, Alpha Soumah a profit\u00e9 de l\u2019occasion pour remercier les initiateurs et les partenaires qui n\u2019ont m\u00e9nag\u00e9 aucun effort pour la r\u00e9ussite de ce projet. Dans son allocution, il n\u2019a pas manqu\u00e9 de souligner que\u00a0: <\/span><em style=\"font-size: 16pt\">\u00ab\u00a0Cet espace \u00e9tait un r\u00eave. Il fallait cr\u00e9er cette volont\u00e9 chez les jeunes guin\u00e9ens de se professionnaliser \u00e0 travers l\u2019industrie cr\u00e9ative et culturelle\u2026\u00bb<\/em><span style=\"font-size: 16pt\">, dit-il.<\/span><\/p>\n<p><a href=\"https:\/\/tabouleinfos.com\/wp-content\/uploads\/2023\/10\/bill.png\"><img loading=\"lazy\" decoding=\"async\" width=\"895\" height=\"561\" class=\"alignnone size-full wp-image-10247\" src=\"https:\/\/tabouleinfos.com\/wp-content\/uploads\/2023\/10\/bill.png\" alt=\"\" srcset=\"https:\/\/tabouleinfos.com\/wp-content\/uploads\/2023\/10\/bill.png 895w, https:\/\/tabouleinfos.com\/wp-content\/uploads\/2023\/10\/bill-300x188.png 300w, https:\/\/tabouleinfos.com\/wp-content\/uploads\/2023\/10\/bill-768x481.png 768w, https:\/\/tabouleinfos.com\/wp-content\/uploads\/2023\/10\/bill-696x436.png 696w, https:\/\/tabouleinfos.com\/wp-content\/uploads\/2023\/10\/bill-670x420.png 670w, https:\/\/tabouleinfos.com\/wp-content\/uploads\/2023\/10\/bill-750x470.png 750w\" sizes=\"auto, (max-width: 895px) 100vw, 895px\" \/><\/a><\/p>\n<p><span style=\"font-size: 16pt\">Quant \u00e0 son d\u00e9partement\u00a0: <em>\u00ab\u00a0Nous continuons d\u2019appuyer et alimenter cet espace qui est aussi le n\u00f4tre. Parce que l\u2019expression culturelle et artisanale rel\u00e8ve du minist\u00e8re en charge de la culture, du tourisme et de l\u2019artisanat. Pour que cet espace vive, nous nous allons tout faire pour qu\u2019il serve \u00e0 tous les cr\u00e9ateurs guin\u00e9ens. On ne va pas seulement s\u2019arr\u00eater dans la capitale. Nous irons au fond de la Guin\u00e9e pour d\u00e9nicher les talents pour qu\u2019ils viennent s\u2019exprimer. Parce que c\u2019est \u00e7a aussi la Guin\u00e9e\u2026 Aujourd\u2019hui, il faut marquer cela comme une date historique. Pour la premi\u00e8re fois, les cr\u00e9ateurs ont un espace pour valoriser leur folie, parce que la cr\u00e9ation ce n\u2019est pas de venir avec une moto qui a un moteur, car cela est d\u00e9j\u00e0 fait. La cr\u00e9ation c\u2019est de prendre l\u2019existant et d\u2019ajouter son moi\u2026\u00bb<\/em>, a d\u00e9clar\u00e9 le ministre Alpha Soumah.<\/span><\/p>\n<p><a href=\"https:\/\/tabouleinfos.com\/wp-content\/uploads\/2023\/10\/guinee-crea.png\"><img loading=\"lazy\" decoding=\"async\" width=\"895\" height=\"526\" class=\"alignnone size-full wp-image-10248\" src=\"https:\/\/tabouleinfos.com\/wp-content\/uploads\/2023\/10\/guinee-crea.png\" alt=\"\" srcset=\"https:\/\/tabouleinfos.com\/wp-content\/uploads\/2023\/10\/guinee-crea.png 895w, https:\/\/tabouleinfos.com\/wp-content\/uploads\/2023\/10\/guinee-crea-300x176.png 300w, https:\/\/tabouleinfos.com\/wp-content\/uploads\/2023\/10\/guinee-crea-768x451.png 768w, https:\/\/tabouleinfos.com\/wp-content\/uploads\/2023\/10\/guinee-crea-696x409.png 696w, https:\/\/tabouleinfos.com\/wp-content\/uploads\/2023\/10\/guinee-crea-715x420.png 715w, https:\/\/tabouleinfos.com\/wp-content\/uploads\/2023\/10\/guinee-crea-750x441.png 750w\" sizes=\"auto, (max-width: 895px) 100vw, 895px\" \/><\/a><\/p>\n<p><span style=\"font-size: 16pt\">A souligner que cette c\u00e9r\u00e9monie a connu la prestation des artistes chanteurs, des danseurs et des mannequins \u00e0 travers un d\u00e9fil\u00e9 de mode. \u00a0<\/span><\/p>\n<p><span style=\"font-size: 16pt\"><strong>Aboubacar Fod\u00e9 Bangoura<\/strong><\/span><\/p>\n","protected":false},"excerpt":{"rendered":"<p>Les cr\u00e9ateurs guin\u00e9ens ont pr\u00e9sentement un espace o\u00f9 s\u2019exprimer durant deux mois \u00e0 travers leurs savoir-faire. Espace Guin\u00e9e Cr\u00e9ative est le nom de ce programme financ\u00e9 par l\u2019Union Europ\u00e9enne et ex\u00e9cut\u00e9 par ENABEL en partenariat avec la Cit\u00e9 des Arts et Pali Pali. Ce vendredi 6 octobre 2023, cet espace a \u00e9t\u00e9 ouvert \u00e0 l\u2019h\u00f4tel [&hellip;]<\/p>\n","protected":false},"author":5,"featured_media":10249,"comment_status":"closed","ping_status":"closed","sticky":false,"template":"","format":"standard","meta":{"footnotes":""},"categories":[21,2],"tags":[],"class_list":{"0":"post-10245","1":"post","2":"type-post","3":"status-publish","4":"format-standard","5":"has-post-thumbnail","7":"category-events","8":"category-featured"},"_links":{"self":[{"href":"https:\/\/tabouleinfos.com\/index.php\/wp-json\/wp\/v2\/posts\/10245","targetHints":{"allow":["GET"]}}],"collection":[{"href":"https:\/\/tabouleinfos.com\/index.php\/wp-json\/wp\/v2\/posts"}],"about":[{"href":"https:\/\/tabouleinfos.com\/index.php\/wp-json\/wp\/v2\/types\/post"}],"author":[{"embeddable":true,"href":"https:\/\/tabouleinfos.com\/index.php\/wp-json\/wp\/v2\/users\/5"}],"replies":[{"embeddable":true,"href":"https:\/\/tabouleinfos.com\/index.php\/wp-json\/wp\/v2\/comments?post=10245"}],"version-history":[{"count":0,"href":"https:\/\/tabouleinfos.com\/index.php\/wp-json\/wp\/v2\/posts\/10245\/revisions"}],"wp:featuredmedia":[{"embeddable":true,"href":"https:\/\/tabouleinfos.com\/index.php\/wp-json\/wp\/v2\/media\/10249"}],"wp:attachment":[{"href":"https:\/\/tabouleinfos.com\/index.php\/wp-json\/wp\/v2\/media?parent=10245"}],"wp:term":[{"taxonomy":"category","embeddable":true,"href":"https:\/\/tabouleinfos.com\/index.php\/wp-json\/wp\/v2\/categories?post=10245"},{"taxonomy":"post_tag","embeddable":true,"href":"https:\/\/tabouleinfos.com\/index.php\/wp-json\/wp\/v2\/tags?post=10245"}],"curies":[{"name":"wp","href":"https:\/\/api.w.org\/{rel}","templated":true}]}}