{"id":10629,"date":"2023-12-01T19:30:08","date_gmt":"2023-12-01T19:30:08","guid":{"rendered":"https:\/\/tabouleinfos.com\/?p=10629"},"modified":"2023-12-02T01:52:41","modified_gmt":"2023-12-02T01:52:41","slug":"conakry-renforcement-des-capacites-de-40-acteurs-et-entrepreneurs-culturels","status":"publish","type":"post","link":"https:\/\/tabouleinfos.com\/index.php\/conakry-renforcement-des-capacites-de-40-acteurs-et-entrepreneurs-culturels\/","title":{"rendered":"Conakry : Renforcement des capacit\u00e9s de 40 acteurs et entrepreneurs culturels"},"content":{"rendered":"<p><span style=\"font-size: 16pt\"><strong>\u00a0<\/strong><\/span><span style=\"font-size: 16pt\"><strong>Le Fonds de D\u00e9veloppement des Arts et de la Culture (FODAC) multiplie son projet de renforcement des capacit\u00e9s des entrepreneurs culturels guin\u00e9ens. Apr\u00e8s une semaine de formation, la direction g\u00e9n\u00e9rale du FODAC a d\u00e9cern\u00e9 des attestations \u00e0 40 jeunes acteurs et entrepreneurs \u00e9voluant dans la\u00a0 culture. <\/strong><\/span><\/p>\n<p><span style=\"font-size: 16pt\">Ce vendredi 1<sup>er<\/sup> d\u00e9cembre 2023, la c\u00e9r\u00e9monie de remise des attestations aux participants s\u2019est d\u00e9roul\u00e9e au Centre Culturel Franco Guin\u00e9en en pr\u00e9sence du secr\u00e9taire g\u00e9n\u00e9ral du Minist\u00e8re de la Culture, du Tourisme et de l\u2019Artisanat.<\/span><\/p>\n<p><a href=\"https:\/\/tabouleinfos.com\/wp-content\/uploads\/2023\/12\/fodac-formation.png\"><img loading=\"lazy\" decoding=\"async\" width=\"942\" height=\"538\" class=\"alignnone size-full wp-image-10632\" src=\"https:\/\/tabouleinfos.com\/wp-content\/uploads\/2023\/12\/fodac-formation.png\" alt=\"\" srcset=\"https:\/\/tabouleinfos.com\/wp-content\/uploads\/2023\/12\/fodac-formation.png 942w, https:\/\/tabouleinfos.com\/wp-content\/uploads\/2023\/12\/fodac-formation-300x171.png 300w, https:\/\/tabouleinfos.com\/wp-content\/uploads\/2023\/12\/fodac-formation-768x439.png 768w, https:\/\/tabouleinfos.com\/wp-content\/uploads\/2023\/12\/fodac-formation-696x398.png 696w, https:\/\/tabouleinfos.com\/wp-content\/uploads\/2023\/12\/fodac-formation-735x420.png 735w, https:\/\/tabouleinfos.com\/wp-content\/uploads\/2023\/12\/fodac-formation-750x428.png 750w\" sizes=\"auto, (max-width: 942px) 100vw, 942px\" \/><\/a><\/p>\n<p><span style=\"font-size: 16pt\">Cet atelier de formation est initi\u00e9 par le Fonds de D\u00e9veloppement des Arts et de la Culture (FODAC) et financ\u00e9 par le Programme des Nations Unies pour le D\u00e9veloppement (PNUD). Renforcer les capacit\u00e9s des entrepreneurs culturels est le but de cette formation pour un passage du projet culturel \u00e0 l\u2019entrepreneuriat culturel.\u00a0<\/span><\/p>\n<p><a href=\"https:\/\/tabouleinfos.com\/wp-content\/uploads\/2023\/12\/malick.png\"><img loading=\"lazy\" decoding=\"async\" width=\"980\" height=\"474\" class=\"alignnone size-full wp-image-10633\" src=\"https:\/\/tabouleinfos.com\/wp-content\/uploads\/2023\/12\/malick.png\" alt=\"\" srcset=\"https:\/\/tabouleinfos.com\/wp-content\/uploads\/2023\/12\/malick.png 980w, https:\/\/tabouleinfos.com\/wp-content\/uploads\/2023\/12\/malick-300x145.png 300w, https:\/\/tabouleinfos.com\/wp-content\/uploads\/2023\/12\/malick-768x371.png 768w, https:\/\/tabouleinfos.com\/wp-content\/uploads\/2023\/12\/malick-696x337.png 696w, https:\/\/tabouleinfos.com\/wp-content\/uploads\/2023\/12\/malick-868x420.png 868w, https:\/\/tabouleinfos.com\/wp-content\/uploads\/2023\/12\/malick-750x363.png 750w\" sizes=\"auto, (max-width: 980px) 100vw, 980px\" \/><\/a><\/p>\n<p><span style=\"font-size: 16pt\">A cette occasion, le directeur g\u00e9n\u00e9ral du Fonds de D\u00e9veloppement des Arts et de la Culture (FODAC), Malick Kebe n\u2019a pas manqu\u00e9 d\u2019exprimer sa reconnaissance envers le PNUD pour le soutien apport\u00e9 \u00e0 sa direction.<\/span><\/p>\n<p><span style=\"font-size: 16pt\">\u00ab\u00a0Aujourd\u2019hui, nous avons \u00e9galement b\u00e9n\u00e9fici\u00e9 de cet autre accompagnement qui concerne le renforcement des capacit\u00e9s des op\u00e9rateurs culturels. J\u2019ose croire que \u00e7a ne sera pas le dernier accompagnement, parce que le besoin est immense en termes de formation. Aujourd\u2019hui c\u2019est les acteurs culturels, mais nous avons d\u2019autres sous secteurs qui ont besoin des formations\u2026 Je dirai grand merci au formateur qui a accept\u00e9 de venir partager cette large exp\u00e9rience avec cette jeune g\u00e9n\u00e9ration.\u00bb<\/span><\/p>\n<p><span style=\"font-size: 16pt\">De son c\u00f4t\u00e9, le secr\u00e9taire g\u00e9n\u00e9ral du Minist\u00e8re de la Culture, du Tourisme et de l\u2019Artisanat, Faya Fran\u00e7ois Bourouno a rappel\u00e9 l\u2019importance de cette formation pour les b\u00e9n\u00e9ficiaires. \u00ab\u00a0Vous avez suivi une formation tr\u00e8s importante qui vous a permis de se doter d\u2019outils. Mais cette formation ne suffit pas, elle est tr\u00e8s importante, elle a mis des connaissances \u00e0 votre disposition, c\u2019est sa valorisation qui donnera du sens \u00e0 votre formation. Aujourd\u2019hui, cette dynamique que nous voyons nous rassure. C\u2019est des jeunes que nous voyons dans l\u2019espace de l\u2019\u00e9conomie cr\u00e9ative. C\u2019est un levier s\u00fbr pour cr\u00e9er des emplois durables, mais aussi un levier s\u00fbr pour que vous soyez des v\u00e9ritables acteurs \u00e9conomiques pour notre pays.\u00bb<\/span><\/p>\n<p><span style=\"font-size: 16pt\">Dans son intervention, il a fait savoir que : \u00ab Cette formation cadre avec la vision actuelle du d\u00e9partement. Monsieur le ministre en est tr\u00e8s fier. Je remercie le FODAC qui dans le cadre de la mise en \u0153uvre de son contrat de performance a fait le de renforcement des capacit\u00e9s une priorit\u00e9. Nous disons aux acteurs culturels, ne r\u00e9sumez pas le FODAC \u00e0 l\u2019argent. Quand on dit le fonds, les gens pensent que c\u2019est l\u00e0 il faut venir et sortir avec des ch\u00e8ques. Pour moi, ces attestations d\u00e9passent les ch\u00e8ques de 100.000.000GNF, parce que vous pouvez valoriser cela et obtenir des milliards. C\u2019est m\u00eame possible \u00e0 court terme. Donc utilisez le FODAC et sollicitez des activit\u00e9s de renforcement des capacit\u00e9s.\u00bb, dit-il. \u00a0<\/span><\/p>\n<p><span style=\"font-size: 16pt\"><strong>Aboubacar Fod\u00e9 Bangoura<\/strong><\/span><\/p>\n<p>&nbsp;<\/p>\n","protected":false},"excerpt":{"rendered":"<p>\u00a0Le Fonds de D\u00e9veloppement des Arts et de la Culture (FODAC) multiplie son projet de renforcement des capacit\u00e9s des entrepreneurs culturels guin\u00e9ens. Apr\u00e8s une semaine de formation, la direction g\u00e9n\u00e9rale du FODAC a d\u00e9cern\u00e9 des attestations \u00e0 40 jeunes acteurs et entrepreneurs \u00e9voluant dans la\u00a0 culture. Ce vendredi 1er d\u00e9cembre 2023, la c\u00e9r\u00e9monie de remise [&hellip;]<\/p>\n","protected":false},"author":5,"featured_media":10631,"comment_status":"closed","ping_status":"closed","sticky":false,"template":"","format":"standard","meta":{"footnotes":""},"categories":[21,2],"tags":[],"class_list":{"0":"post-10629","1":"post","2":"type-post","3":"status-publish","4":"format-standard","5":"has-post-thumbnail","7":"category-events","8":"category-featured"},"_links":{"self":[{"href":"https:\/\/tabouleinfos.com\/index.php\/wp-json\/wp\/v2\/posts\/10629","targetHints":{"allow":["GET"]}}],"collection":[{"href":"https:\/\/tabouleinfos.com\/index.php\/wp-json\/wp\/v2\/posts"}],"about":[{"href":"https:\/\/tabouleinfos.com\/index.php\/wp-json\/wp\/v2\/types\/post"}],"author":[{"embeddable":true,"href":"https:\/\/tabouleinfos.com\/index.php\/wp-json\/wp\/v2\/users\/5"}],"replies":[{"embeddable":true,"href":"https:\/\/tabouleinfos.com\/index.php\/wp-json\/wp\/v2\/comments?post=10629"}],"version-history":[{"count":0,"href":"https:\/\/tabouleinfos.com\/index.php\/wp-json\/wp\/v2\/posts\/10629\/revisions"}],"wp:featuredmedia":[{"embeddable":true,"href":"https:\/\/tabouleinfos.com\/index.php\/wp-json\/wp\/v2\/media\/10631"}],"wp:attachment":[{"href":"https:\/\/tabouleinfos.com\/index.php\/wp-json\/wp\/v2\/media?parent=10629"}],"wp:term":[{"taxonomy":"category","embeddable":true,"href":"https:\/\/tabouleinfos.com\/index.php\/wp-json\/wp\/v2\/categories?post=10629"},{"taxonomy":"post_tag","embeddable":true,"href":"https:\/\/tabouleinfos.com\/index.php\/wp-json\/wp\/v2\/tags?post=10629"}],"curies":[{"name":"wp","href":"https:\/\/api.w.org\/{rel}","templated":true}]}}