{"id":10721,"date":"2023-12-14T20:16:21","date_gmt":"2023-12-14T20:16:21","guid":{"rendered":"https:\/\/tabouleinfos.com\/?p=10721"},"modified":"2023-12-15T01:51:53","modified_gmt":"2023-12-15T01:51:53","slug":"dtm-de-retour-au-bercail-avec-le-sac-plein-de-projets","status":"publish","type":"post","link":"https:\/\/tabouleinfos.com\/index.php\/dtm-de-retour-au-bercail-avec-le-sac-plein-de-projets\/","title":{"rendered":"DTM de retour au bercail avec le sac plein de projets"},"content":{"rendered":"<p><span style=\"font-size: 16pt\"><strong>DTM est pr\u00e9sentement au bercail. L\u2019artiste chanteur est rentr\u00e9 avec une valise pleine de projets pour la jeunesse guin\u00e9enne. <\/strong><\/span><\/p>\n<p><span style=\"font-size: 16pt\">R\u00e9sidant aux Etats-Unis d\u2019Am\u00e9rique depuis plusieurs ann\u00e9es, DTM s\u2019est dit de rentrer en Guin\u00e9e pour r\u00e9aliser. Les projets dont il s\u2019agit, ont \u00e9t\u00e9 d\u00e9ball\u00e9s aux journalistes lors d\u2019une conf\u00e9rence de presse, ce jeudi 14 d\u00e9cembre 2023.<\/span><\/p>\n<p><span style=\"font-size: 16pt\">Dans la valise de Thierno Mamadou Diallo aka DTM, il y a la formation des jeunes, l\u2019implantation d\u2019un studio d\u2019enregistrement pour les artistes, la fondation \u2018\u2019DTM PARTAGE\u2019\u2019, l\u2019ouverture d\u2019un centre culturel, l\u2019apprentissage et la m\u00e9morisation du Coran par les enfants.<\/span><\/p>\n<p><a href=\"https:\/\/tabouleinfos.com\/wp-content\/uploads\/2023\/12\/DTMconf.jpeg\"><img loading=\"lazy\" decoding=\"async\" width=\"800\" height=\"316\" class=\"alignnone size-full wp-image-10725\" src=\"https:\/\/tabouleinfos.com\/wp-content\/uploads\/2023\/12\/DTMconf.jpeg\" alt=\"\" srcset=\"https:\/\/tabouleinfos.com\/wp-content\/uploads\/2023\/12\/DTMconf.jpeg 800w, https:\/\/tabouleinfos.com\/wp-content\/uploads\/2023\/12\/DTMconf-300x119.jpeg 300w, https:\/\/tabouleinfos.com\/wp-content\/uploads\/2023\/12\/DTMconf-768x303.jpeg 768w, https:\/\/tabouleinfos.com\/wp-content\/uploads\/2023\/12\/DTMconf-696x275.jpeg 696w, https:\/\/tabouleinfos.com\/wp-content\/uploads\/2023\/12\/DTMconf-750x296.jpeg 750w\" sizes=\"auto, (max-width: 800px) 100vw, 800px\" \/><\/a><\/p>\n<p><span style=\"font-size: 16pt\"><em>\u00ab La raison, c\u2019est d\u2019installer la fondation DTM PARTAGE qui va aller dans tous les sens. Parce que pour moi, chacun \u00e0 quelque chose \u00e0 partager. Je ne suis pas l\u00e0 seulement que pour les artistes chanteurs, com\u00e9diens ou les acteurs du cin\u00e9ma. Il y aura un centre culturel. Je suis l\u00e0 pour tout le monde. Il y aura les cours de soir pour les enfants o\u00f9 les gens apprendront le coran\u2026\u00bb<\/em>, a-t-il d\u00e9clar\u00e9.<\/span><\/p>\n<p><span style=\"font-size: 16pt\">En dehors de ces projets, l&rsquo;artiste est pr\u00eat \u00e0 soutenir les \u00e9tudiants qui souhaiteraient poursuivre les \u00e9tudes \u00e0 l\u2019ext\u00e9rieur. <em>\u00ab On a d\u00e9j\u00e0 commenc\u00e9 \u00e0 envoyer des jeunes pour les \u00e9tudes en Europe et aux USA. On va cr\u00e9er ce pont de fa\u00e7on l\u00e9gale. Je suis ouvert. Je ferais des rencontres avec les jeunes qui vont nous parler des projets, on va les accompagner. Je tiens \u00e0 pr\u00e9ciser qu\u2019on n\u2019aide pas, on accompagne.\u00bb<\/em>, a-t-il soulign\u00e9.<\/span><\/p>\n<p><span style=\"font-size: 16pt\">Cette conf\u00e9rence de presse a connu la pr\u00e9sence de l\u2019honorable <strong>Mohamed Lamine Diallo (Mamadou Thug), Kandia Kora, Doura Izy, Malick Fadal, Faby Bokira, Bonazer<\/strong> et autres personnalit\u00e9s du paysage musical guin\u00e9en. \u00a0<\/span><\/p>\n<p><span style=\"font-size: 16pt\"><strong>Aboubacar Fod\u00e9 Bangoura<\/strong><\/span><\/p>\n<p>&nbsp;<\/p>\n","protected":false},"excerpt":{"rendered":"<p>DTM est pr\u00e9sentement au bercail. L\u2019artiste chanteur est rentr\u00e9 avec une valise pleine de projets pour la jeunesse guin\u00e9enne. R\u00e9sidant aux Etats-Unis d\u2019Am\u00e9rique depuis plusieurs ann\u00e9es, DTM s\u2019est dit de rentrer en Guin\u00e9e pour r\u00e9aliser. Les projets dont il s\u2019agit, ont \u00e9t\u00e9 d\u00e9ball\u00e9s aux journalistes lors d\u2019une conf\u00e9rence de presse, ce jeudi 14 d\u00e9cembre 2023. [&hellip;]<\/p>\n","protected":false},"author":5,"featured_media":10722,"comment_status":"closed","ping_status":"closed","sticky":false,"template":"","format":"standard","meta":{"footnotes":""},"categories":[2,25],"tags":[],"class_list":{"0":"post-10721","1":"post","2":"type-post","3":"status-publish","4":"format-standard","5":"has-post-thumbnail","7":"category-featured","8":"category-news"},"_links":{"self":[{"href":"https:\/\/tabouleinfos.com\/index.php\/wp-json\/wp\/v2\/posts\/10721","targetHints":{"allow":["GET"]}}],"collection":[{"href":"https:\/\/tabouleinfos.com\/index.php\/wp-json\/wp\/v2\/posts"}],"about":[{"href":"https:\/\/tabouleinfos.com\/index.php\/wp-json\/wp\/v2\/types\/post"}],"author":[{"embeddable":true,"href":"https:\/\/tabouleinfos.com\/index.php\/wp-json\/wp\/v2\/users\/5"}],"replies":[{"embeddable":true,"href":"https:\/\/tabouleinfos.com\/index.php\/wp-json\/wp\/v2\/comments?post=10721"}],"version-history":[{"count":0,"href":"https:\/\/tabouleinfos.com\/index.php\/wp-json\/wp\/v2\/posts\/10721\/revisions"}],"wp:featuredmedia":[{"embeddable":true,"href":"https:\/\/tabouleinfos.com\/index.php\/wp-json\/wp\/v2\/media\/10722"}],"wp:attachment":[{"href":"https:\/\/tabouleinfos.com\/index.php\/wp-json\/wp\/v2\/media?parent=10721"}],"wp:term":[{"taxonomy":"category","embeddable":true,"href":"https:\/\/tabouleinfos.com\/index.php\/wp-json\/wp\/v2\/categories?post=10721"},{"taxonomy":"post_tag","embeddable":true,"href":"https:\/\/tabouleinfos.com\/index.php\/wp-json\/wp\/v2\/tags?post=10721"}],"curies":[{"name":"wp","href":"https:\/\/api.w.org\/{rel}","templated":true}]}}