{"id":10744,"date":"2023-12-19T16:34:00","date_gmt":"2023-12-19T16:34:00","guid":{"rendered":"https:\/\/tabouleinfos.com\/?p=10744"},"modified":"2023-12-19T16:49:28","modified_gmt":"2023-12-19T16:49:28","slug":"festiko-fode-kouyate-ambassadeur-de-la-2eme-edition","status":"publish","type":"post","link":"https:\/\/tabouleinfos.com\/index.php\/festiko-fode-kouyate-ambassadeur-de-la-2eme-edition\/","title":{"rendered":"FESTIKO : Fod\u00e9 Kouyat\u00e9, ambassadeur de la 2\u00e8me \u00e9dition"},"content":{"rendered":"<p><span style=\"font-size: 16pt\"><strong>En pr\u00e9lude \u00e0 la deuxi\u00e8me \u00e9dition du Festival de Kouroussa (FESTIKO), l\u2019\u00e9quipe de Tabouleinfos a rencontr\u00e9 le chanteur Djely Fod\u00e9 Kouyat\u00e9 pour le choix port\u00e9 sur sa modeste personne en qualit\u00e9 d&rsquo;Ambassadeur de cet \u00e9v\u00e9nement artistique et culturel en Haute Guin\u00e9e. \u00a0<\/strong><\/span><\/p>\n<p><span style=\"font-size: 16pt\">Au cours de cet entretien, le natif de Kouroussa, Fod\u00e9 Kouyat\u00e9 nous a parl\u00e9 des enjeux et l&rsquo;objectif du FESTIKO qui se tiendra du 23 d\u00e9cembre 2023 au 2 janvier 2024 sous le th\u00e8me : \u00ab\u00a0Exploitation mini\u00e8re et pr\u00e9servation du patrimoine\u00a0\u00bb. \u00a0<\/span><\/p>\n<p><span style=\"font-size: 16pt\">\u00ab\u00a0Le festival a pour objectif de promouvoir nos valeurs ancestrales en creusant dans nos cultures pour enlever la substance essentielle dont la paix et la coh\u00e9sion sociale et notre identit\u00e9.\u00a0J&rsquo;invite toute la jeunesse de la Guin\u00e9e, y compris celle de Kouroussa de venir montrer que nous sommes au service de la paix et la coh\u00e9sion sociale \u00e0 Kouroussa et dans notre pays. L&rsquo;enjeu principal de ce festival c&rsquo;est \u00e7a. Une deuxi\u00e8me \u00e9dition que je d\u00e9die au service de la paix \u00e0 Kouroussa. \u00c7a ne se limite pas \u00e0 Kouroussa. On dit le FESTIKO, moi j&rsquo;ai tendance \u00e0 dire le FESTIKO dans le mandingue. J&rsquo;en appelle \u00e0 toute la jeunesse de Mandingue afin de venir rehausser de leur pr\u00e9sence \u00e0 cet festival et pr\u00e9voir la ville qui doit abriter la prochaine \u00e9dition de 2024.\u00bb<\/span><\/p>\n<p><span style=\"font-size: 16pt\">En dehors du th\u00e8me choisi pour cette 2<sup>\u00e8me<\/sup> \u00e9dition, le djely de Kissifaramaya ambitionne de promouvoir la paix et de la coh\u00e9sion sociale en Guin\u00e9e. Un processus d\u00e9clench\u00e9 par les autorit\u00e9s qui vise \u00e0 emmener les guin\u00e9ens \u00e0 se parler pour un lendemain meilleur.<\/span><\/p>\n<p><span style=\"font-size: 16pt\">\u00ab\u00a0C\u2019est une initiative que le pr\u00e9sident Colonel, Mamadi Doumbouya veut nous montrer sur quelle base nous pouvons compenser \u00e0 nous d\u00e9velopper. Je prends l&rsquo;exemple sur Kouroussa. Il y a une mine r\u00e9serve d&rsquo;or l\u00e0-bas aujourd&rsquo;hui mais, on ne savait pas. \u00c7a fait combien d&rsquo;ann\u00e9e qu&rsquo;on est ind\u00e9pendant. Dieu a voulu qu&rsquo;on ne connaisse cela sous le magist\u00e8re du chef de l&rsquo;Etat Colonel Mamadi Doumbouya. Comme on dit que l&rsquo;avenir appartient \u00e0 la jeunesse, on doit se battre maintenant pour que cela soit rentable \u00e0 toute la Haute Guin\u00e9e y compris ceux de Kouroussa. Elle doit servir la jeunesse, le peuple de Guin\u00e9e \u00e2 travers l&rsquo;exploitation et le b\u00e9n\u00e9fice que le peuple va gagner. En Guin\u00e9e, nous sommes condamn\u00e9s \u00e0 vivre ensemble dans la paix et la coh\u00e9sion sociale \u00bb, a-t&rsquo;il insist\u00e9<\/span><\/p>\n<p><span style=\"font-size: 16pt\">Dans la m\u00eame lanc\u00e9e, le chanteur, griot Djely Fod\u00e9 Kouyat\u00e9 a soulign\u00e9 que \u00ab\u00a0ce festival, c\u2019est aussi un espace de rencontres des arts et culture. La revalorisation de la culture mand\u00e9 qui est notre identit\u00e9 culturelle .C\u2019est pourquoi Djeli Fod\u00e9 Kouyat\u00e9 entant offrir le bon office des messages autour de la paix et de la coh\u00e9sion sociale entre les citoyens \u00e0 la base et la particularit\u00e9 de cette deuxi\u00e8me \u00e9dition est que un grand hommage sera rendu \u00e0 un homme aussi paix \u00e0 son \u00e2me notre regrett\u00e9 Filani S\u00e9kou Kouyat\u00e9 qui a \u00e9t\u00e9 un griot qui s&rsquo;\u00e9tait battu \u00e9galement pour la coh\u00e9sion sociale dans la haute Guin\u00e9e et celui de la Guin\u00e9e. C&rsquo;est ce dernier qui a parl\u00e9 qu&rsquo;aucun guin\u00e9en ne peut dire \u00e0 un guin\u00e9en qu&rsquo;il n&rsquo;est pas chez lui parce que nous sommes tous de m\u00eame m\u00e8re et que nous sommes tous venus ici.\u00bb<\/span><\/p>\n<p><span style=\"font-size: 16pt\">Au compte de cette \u00e9dition, plusieurs activit\u00e9s sont pr\u00e9vues, notamment\u00a0: la foire commerciale et artisanale, la danse traditionnelle, le spectacle, le d\u00e9bat, le concours de lecture, visite touristique et autres.<\/span><\/p>\n<p><span style=\"font-size: 16pt\"><strong>Facely Diawara<\/strong><\/span><\/p>\n","protected":false},"excerpt":{"rendered":"<p>En pr\u00e9lude \u00e0 la deuxi\u00e8me \u00e9dition du Festival de Kouroussa (FESTIKO), l\u2019\u00e9quipe de Tabouleinfos a rencontr\u00e9 le chanteur Djely Fod\u00e9 Kouyat\u00e9 pour le choix port\u00e9 sur sa modeste personne en qualit\u00e9 d&rsquo;Ambassadeur de cet \u00e9v\u00e9nement artistique et culturel en Haute Guin\u00e9e. \u00a0 Au cours de cet entretien, le natif de Kouroussa, Fod\u00e9 Kouyat\u00e9 nous a [&hellip;]<\/p>\n","protected":false},"author":5,"featured_media":10745,"comment_status":"closed","ping_status":"closed","sticky":false,"template":"","format":"standard","meta":{"footnotes":""},"categories":[2,15],"tags":[],"class_list":{"0":"post-10744","1":"post","2":"type-post","3":"status-publish","4":"format-standard","5":"has-post-thumbnail","7":"category-featured","8":"category-interview"},"_links":{"self":[{"href":"https:\/\/tabouleinfos.com\/index.php\/wp-json\/wp\/v2\/posts\/10744","targetHints":{"allow":["GET"]}}],"collection":[{"href":"https:\/\/tabouleinfos.com\/index.php\/wp-json\/wp\/v2\/posts"}],"about":[{"href":"https:\/\/tabouleinfos.com\/index.php\/wp-json\/wp\/v2\/types\/post"}],"author":[{"embeddable":true,"href":"https:\/\/tabouleinfos.com\/index.php\/wp-json\/wp\/v2\/users\/5"}],"replies":[{"embeddable":true,"href":"https:\/\/tabouleinfos.com\/index.php\/wp-json\/wp\/v2\/comments?post=10744"}],"version-history":[{"count":0,"href":"https:\/\/tabouleinfos.com\/index.php\/wp-json\/wp\/v2\/posts\/10744\/revisions"}],"wp:featuredmedia":[{"embeddable":true,"href":"https:\/\/tabouleinfos.com\/index.php\/wp-json\/wp\/v2\/media\/10745"}],"wp:attachment":[{"href":"https:\/\/tabouleinfos.com\/index.php\/wp-json\/wp\/v2\/media?parent=10744"}],"wp:term":[{"taxonomy":"category","embeddable":true,"href":"https:\/\/tabouleinfos.com\/index.php\/wp-json\/wp\/v2\/categories?post=10744"},{"taxonomy":"post_tag","embeddable":true,"href":"https:\/\/tabouleinfos.com\/index.php\/wp-json\/wp\/v2\/tags?post=10744"}],"curies":[{"name":"wp","href":"https:\/\/api.w.org\/{rel}","templated":true}]}}