{"id":10791,"date":"2023-12-25T15:48:08","date_gmt":"2023-12-25T15:48:08","guid":{"rendered":"https:\/\/tabouleinfos.com\/?p=10791"},"modified":"2023-12-25T15:56:29","modified_gmt":"2023-12-25T15:56:29","slug":"lancement-de-la-6e-edition-du-festival-international-dechange-culturel-nord-sud","status":"publish","type":"post","link":"https:\/\/tabouleinfos.com\/index.php\/lancement-de-la-6e-edition-du-festival-international-dechange-culturel-nord-sud\/","title":{"rendered":"Lancement de la 6e \u00e9dition du Festival International d\u2019Echange Culturel Nord-Sud"},"content":{"rendered":"<p><span style=\"font-size: 16pt\"><strong>Le train de la 6<sup>\u00e8me<\/sup> \u00e9dition du Festival International d\u2019Echange Culturel Nord-Sud est d\u00e9j\u00e0 en marche. Le coup d\u2019envoi de cet \u00e9v\u00e9nement a \u00e9t\u00e9 donn\u00e9 au cours d\u2019une conf\u00e9rence de presse \u00e0 Conakry, le dimanche 24 d\u00e9cembre 2023.<\/strong><\/span><\/p>\n<p><span style=\"font-size: 16pt\">Ce festival est initi\u00e9 par <strong>Manding Foli <\/strong>et<strong> La Guin\u00e9e Den Nou<\/strong>. Chaque ann\u00e9e, il se tient apr\u00e8s un stage de deux \u00e0 trois semaines. Pour cette 6<sup>\u00e8me<\/sup> \u00e9dition pr\u00e9vue au Belv\u00e9d\u00e8re le 11 janvier 2024, l\u2019\u00e9v\u00e9nement re\u00e7oit 70 stagiaires venus de la Guin\u00e9e, l\u2019Inde, la Chine, la Hollande, les Etats-Unis d\u2019Am\u00e9rique, la Belgique\u2026 Ces formations se passeront entre Conakry, Faranah, Bok\u00e9 et l\u2019\u00eele de Kassa.<\/span><\/p>\n<p><span style=\"font-size: 16pt\">Parlant de ce stage qui sera sanctionn\u00e9 par le Festival International d\u2019Echange Culturel Nord-Sud, la coordinatrice du projet, Aicha a laiss\u00e9 entendre qu\u2019il\u00a0 y a\u00a0: <em>\u00ab\u00a0des personnes qui ont l\u2019occasion de d\u00e9couvrir et d\u2019approfondir la culture musicale guin\u00e9enne. Elles ont fait le choix de venir vivre en Guin\u00e9e pour une p\u00e9riode de trois semaines pour se former en rencontrant les professionnels du domaine, les groupes musicaux, les danseurs et la population. Pour pouvoir faire vivre l\u2019exp\u00e9rience extraordinaire, nous avons d\u00e9cid\u00e9 de faire voyager les stagiaires dans diff\u00e9rentes r\u00e9gions de la Guin\u00e9e afin qu\u2019ils puissent d\u00e9couvrir d\u2019autres paysages et d\u2019autres aspects culturels du pays.\u00bb<\/em><\/span><\/p>\n<p><span style=\"font-size: 16pt\">Pour l\u2019initiateur principal, Babara Bangoura\u00a0: <em>\u00ab\u00a0Le Festival International d\u2019Echange Culturel Nord-Sud n\u2019est pas qu\u2019un simple festival, c\u2019est une mani\u00e8re de vous ramener \u00e0 la source, mais aussi de vous rappeler ce que nous avons en commun dans la vie. La culture ou la tradition principalement le djemb\u00e9 \u00e0 travers le monde, est une cl\u00e9 qui rassemble des personnes venues de toute culture et religion.\u00a0Le Festival International d\u2019Echange Culturel Nord-Sud, \u00e0 chaque fois que nous l\u2019organisons c\u2019est ce grand rassemblement de cette grande famille qui va au-del\u00e0 de nos fronti\u00e8res, de nos cultures et de nos religions, \u00c7a nous permet de nous retrouver et de partager ce qui est de plus profond.\u00bb<\/em>, a-t-il rappel\u00e9.<\/span><\/p>\n<p><span style=\"font-size: 16pt\">Le 11 janvier prochain au Belv\u00e9d\u00e8re, la 6<sup>\u00e8me<\/sup> \u00e9dition du Festival International d\u2019Echange Culturel Nord-Sud connaitra la participation des grands groupes de ballet, de percussion et de musique folklorique. Une occasion pour les stagiaires de pr\u00e9senter aux festivaliers ce qu\u2019ils ont appris durant les trois semaines de formation entre Conakry, Faranah, Bok\u00e9 et l\u2019\u00eele de Kassa.<\/span><\/p>\n<p><strong><span style=\"font-size: 16pt\">Aboubacar Fod\u00e9 Bangoura<\/span> <\/strong><\/p>\n","protected":false},"excerpt":{"rendered":"<p>Le train de la 6\u00e8me \u00e9dition du Festival International d\u2019Echange Culturel Nord-Sud est d\u00e9j\u00e0 en marche. Le coup d\u2019envoi de cet \u00e9v\u00e9nement a \u00e9t\u00e9 donn\u00e9 au cours d\u2019une conf\u00e9rence de presse \u00e0 Conakry, le dimanche 24 d\u00e9cembre 2023. Ce festival est initi\u00e9 par Manding Foli et La Guin\u00e9e Den Nou. Chaque ann\u00e9e, il se tient [&hellip;]<\/p>\n","protected":false},"author":5,"featured_media":10793,"comment_status":"closed","ping_status":"closed","sticky":false,"template":"","format":"standard","meta":{"footnotes":""},"categories":[21,2],"tags":[],"class_list":{"0":"post-10791","1":"post","2":"type-post","3":"status-publish","4":"format-standard","5":"has-post-thumbnail","7":"category-events","8":"category-featured"},"_links":{"self":[{"href":"https:\/\/tabouleinfos.com\/index.php\/wp-json\/wp\/v2\/posts\/10791","targetHints":{"allow":["GET"]}}],"collection":[{"href":"https:\/\/tabouleinfos.com\/index.php\/wp-json\/wp\/v2\/posts"}],"about":[{"href":"https:\/\/tabouleinfos.com\/index.php\/wp-json\/wp\/v2\/types\/post"}],"author":[{"embeddable":true,"href":"https:\/\/tabouleinfos.com\/index.php\/wp-json\/wp\/v2\/users\/5"}],"replies":[{"embeddable":true,"href":"https:\/\/tabouleinfos.com\/index.php\/wp-json\/wp\/v2\/comments?post=10791"}],"version-history":[{"count":0,"href":"https:\/\/tabouleinfos.com\/index.php\/wp-json\/wp\/v2\/posts\/10791\/revisions"}],"wp:featuredmedia":[{"embeddable":true,"href":"https:\/\/tabouleinfos.com\/index.php\/wp-json\/wp\/v2\/media\/10793"}],"wp:attachment":[{"href":"https:\/\/tabouleinfos.com\/index.php\/wp-json\/wp\/v2\/media?parent=10791"}],"wp:term":[{"taxonomy":"category","embeddable":true,"href":"https:\/\/tabouleinfos.com\/index.php\/wp-json\/wp\/v2\/categories?post=10791"},{"taxonomy":"post_tag","embeddable":true,"href":"https:\/\/tabouleinfos.com\/index.php\/wp-json\/wp\/v2\/tags?post=10791"}],"curies":[{"name":"wp","href":"https:\/\/api.w.org\/{rel}","templated":true}]}}