{"id":10796,"date":"2023-12-27T15:25:07","date_gmt":"2023-12-27T15:25:07","guid":{"rendered":"https:\/\/tabouleinfos.com\/?p=10796"},"modified":"2023-12-27T15:25:07","modified_gmt":"2023-12-27T15:25:07","slug":"festa-de-africa-saifond-balde-en-concert-en-angola","status":"publish","type":"post","link":"https:\/\/tabouleinfos.com\/index.php\/festa-de-africa-saifond-balde-en-concert-en-angola\/","title":{"rendered":"FESTA DE AFRICA\u00a0: Sa\u00effond Balde en concert en Angola"},"content":{"rendered":"<p><span style=\"font-size: 16pt\"><strong>Sa\u00effond Balde se pr\u00e9pare pour rejoindre la capitale Angolaise. Le 13 janvier prochain, l\u2019artiste guin\u00e9en se produira \u00e0 Luanda au compte de la \u2018\u2019FESTA DE AFRICA\u2019\u2019 2024.<\/strong><\/span><\/p>\n<p><span style=\"font-size: 16pt\">L\u2019information vient d\u2019\u00eatre partag\u00e9e par l\u2019artiste masculin de l\u2019ann\u00e9e 2023 aux Victoires de la Musique Guin\u00e9enne (VDMG). Sur ses r\u00e9seaux sociaux, il a tenu les internautes au courant : <em>\u00ab\u00a0On va s\u2019envoler vers l\u2019Angola le 13 janvier prochain pour bien accueillir l\u2019ann\u00e9e 2024. Le rendez-vous est pris pour la FESTA DE AFRICA.\u00a0\u00bb<\/em><\/span><\/p>\n<p><span style=\"font-size: 16pt\">Ce voyage musical en dehors de la Guin\u00e9e, est une opportunit\u00e9 pour Sa\u00effond Balde de conqu\u00e9rir un nouveau public m\u00e9lomane, mais aussi de promouvoir l\u2019album <strong>\u2018\u2019Sabou Na Weli\u2019\u2019<\/strong> sorti le 19 novembre 2022.<\/span><\/p>\n<p><a href=\"https:\/\/tabouleinfos.com\/wp-content\/uploads\/2023\/12\/415219392_715603677305893_9035737344014368246_n.jpg\"><img loading=\"lazy\" decoding=\"async\" width=\"509\" height=\"720\" class=\"size-full wp-image-10797 aligncenter\" src=\"https:\/\/tabouleinfos.com\/wp-content\/uploads\/2023\/12\/415219392_715603677305893_9035737344014368246_n.jpg\" alt=\"\" srcset=\"https:\/\/tabouleinfos.com\/wp-content\/uploads\/2023\/12\/415219392_715603677305893_9035737344014368246_n.jpg 509w, https:\/\/tabouleinfos.com\/wp-content\/uploads\/2023\/12\/415219392_715603677305893_9035737344014368246_n-212x300.jpg 212w, https:\/\/tabouleinfos.com\/wp-content\/uploads\/2023\/12\/415219392_715603677305893_9035737344014368246_n-297x420.jpg 297w\" sizes=\"auto, (max-width: 509px) 100vw, 509px\" \/><\/a><span style=\"font-size: 16pt\"><strong>Aboubacar Fod\u00e9 Bangoura<\/strong><\/span><\/p>\n","protected":false},"excerpt":{"rendered":"<p>Sa\u00effond Balde se pr\u00e9pare pour rejoindre la capitale Angolaise. Le 13 janvier prochain, l\u2019artiste guin\u00e9en se produira \u00e0 Luanda au compte de la \u2018\u2019FESTA DE AFRICA\u2019\u2019 2024. L\u2019information vient d\u2019\u00eatre partag\u00e9e par l\u2019artiste masculin de l\u2019ann\u00e9e 2023 aux Victoires de la Musique Guin\u00e9enne (VDMG). Sur ses r\u00e9seaux sociaux, il a tenu les internautes au courant [&hellip;]<\/p>\n","protected":false},"author":5,"featured_media":10798,"comment_status":"closed","ping_status":"closed","sticky":false,"template":"","format":"standard","meta":{"footnotes":""},"categories":[21,2],"tags":[],"class_list":{"0":"post-10796","1":"post","2":"type-post","3":"status-publish","4":"format-standard","5":"has-post-thumbnail","7":"category-events","8":"category-featured"},"_links":{"self":[{"href":"https:\/\/tabouleinfos.com\/index.php\/wp-json\/wp\/v2\/posts\/10796","targetHints":{"allow":["GET"]}}],"collection":[{"href":"https:\/\/tabouleinfos.com\/index.php\/wp-json\/wp\/v2\/posts"}],"about":[{"href":"https:\/\/tabouleinfos.com\/index.php\/wp-json\/wp\/v2\/types\/post"}],"author":[{"embeddable":true,"href":"https:\/\/tabouleinfos.com\/index.php\/wp-json\/wp\/v2\/users\/5"}],"replies":[{"embeddable":true,"href":"https:\/\/tabouleinfos.com\/index.php\/wp-json\/wp\/v2\/comments?post=10796"}],"version-history":[{"count":0,"href":"https:\/\/tabouleinfos.com\/index.php\/wp-json\/wp\/v2\/posts\/10796\/revisions"}],"wp:featuredmedia":[{"embeddable":true,"href":"https:\/\/tabouleinfos.com\/index.php\/wp-json\/wp\/v2\/media\/10798"}],"wp:attachment":[{"href":"https:\/\/tabouleinfos.com\/index.php\/wp-json\/wp\/v2\/media?parent=10796"}],"wp:term":[{"taxonomy":"category","embeddable":true,"href":"https:\/\/tabouleinfos.com\/index.php\/wp-json\/wp\/v2\/categories?post=10796"},{"taxonomy":"post_tag","embeddable":true,"href":"https:\/\/tabouleinfos.com\/index.php\/wp-json\/wp\/v2\/tags?post=10796"}],"curies":[{"name":"wp","href":"https:\/\/api.w.org\/{rel}","templated":true}]}}