{"id":11081,"date":"2024-02-15T12:32:31","date_gmt":"2024-02-15T12:32:31","guid":{"rendered":"https:\/\/tabouleinfos.com\/?p=11081"},"modified":"2024-02-15T12:32:31","modified_gmt":"2024-02-15T12:32:31","slug":"masa-2024-le-groupe-dimedi-slam-sera-present-a-abidjan","status":"publish","type":"post","link":"https:\/\/tabouleinfos.com\/index.php\/masa-2024-le-groupe-dimedi-slam-sera-present-a-abidjan\/","title":{"rendered":"MASA 2024 : Le groupe Dimedi Slam sera pr\u00e9sent \u00e0 Abidjan"},"content":{"rendered":"<p><strong><span style=\"font-size: 16pt\">Du 13 au 20 avril 2024, la capitale ivoirienne abritera la 13\u00e8me \u00e9dition du March\u00e9 des Arts du Spectacle d\u2019Abidjan (MASA). Pour ce rendez-vous, le groupe Dimedi Slam de la Guin\u00e9e est invit\u00e9 \u00e0 se produire autour du th\u00e8me : la \u00ab jeunesse, l\u2019innovation et l\u2019entrepreneuriat \u00bb .<\/span><\/strong><\/p>\n<p><span style=\"font-size: 16pt\">P\u00e9tri de talent incontestable, le duo slameur a \u00e9t\u00e9 s\u00e9lectionn\u00e9 suite \u00e0 un appel \u00e0 candidature lanc\u00e9 par le comit\u00e9 d&rsquo;organisation du March\u00e9 des Arts du Spectacle d\u2019Abidjan (MASA). Au cours de cet \u00e9v\u00e8nement, EOB et Dieng pr\u00e9senteront le spectacle <strong>\u00ab\u00a0Les Jeux de Regard\u00a0\u00bb<\/strong> qui d\u00e9peint la d\u00e9cadence de la jeunesse africaine \u00e0 l&rsquo;amour et \u00e0 l&rsquo;enfance.<\/span><\/p>\n<p><span style=\"font-size: 16pt\">Le MASA est un programme de d\u00e9veloppement culturel des arts du spectacle africain. Cet \u00e9v\u00e9nement s&rsquo;est fix\u00e9 pour objectifs de soutenir la cr\u00e9ation et la production de spectacle de qualit\u00e9, la facilitation de la circulation des cr\u00e9ateurs et leur production en Afrique et dans le monde, la formation des artistes et des op\u00e9rateurs de la chaine de production des spectacles et le d\u00e9veloppement du secteur des arts de la sc\u00e8ne (Musique, Th\u00e9\u00e2tre, Danse) relevant du continent africain.<\/span><\/p>\n<p><strong><span style=\"font-size: 16pt\">Aboubacar Fod\u00e9 Bangoura <\/span><\/strong><\/p>\n","protected":false},"excerpt":{"rendered":"<p>Du 13 au 20 avril 2024, la capitale ivoirienne abritera la 13\u00e8me \u00e9dition du March\u00e9 des Arts du Spectacle d\u2019Abidjan (MASA). Pour ce rendez-vous, le groupe Dimedi Slam de la Guin\u00e9e est invit\u00e9 \u00e0 se produire autour du th\u00e8me : la \u00ab jeunesse, l\u2019innovation et l\u2019entrepreneuriat \u00bb . P\u00e9tri de talent incontestable, le duo slameur [&hellip;]<\/p>\n","protected":false},"author":5,"featured_media":11083,"comment_status":"closed","ping_status":"closed","sticky":false,"template":"","format":"standard","meta":{"footnotes":""},"categories":[21,2],"tags":[],"class_list":{"0":"post-11081","1":"post","2":"type-post","3":"status-publish","4":"format-standard","5":"has-post-thumbnail","7":"category-events","8":"category-featured"},"_links":{"self":[{"href":"https:\/\/tabouleinfos.com\/index.php\/wp-json\/wp\/v2\/posts\/11081","targetHints":{"allow":["GET"]}}],"collection":[{"href":"https:\/\/tabouleinfos.com\/index.php\/wp-json\/wp\/v2\/posts"}],"about":[{"href":"https:\/\/tabouleinfos.com\/index.php\/wp-json\/wp\/v2\/types\/post"}],"author":[{"embeddable":true,"href":"https:\/\/tabouleinfos.com\/index.php\/wp-json\/wp\/v2\/users\/5"}],"replies":[{"embeddable":true,"href":"https:\/\/tabouleinfos.com\/index.php\/wp-json\/wp\/v2\/comments?post=11081"}],"version-history":[{"count":0,"href":"https:\/\/tabouleinfos.com\/index.php\/wp-json\/wp\/v2\/posts\/11081\/revisions"}],"wp:featuredmedia":[{"embeddable":true,"href":"https:\/\/tabouleinfos.com\/index.php\/wp-json\/wp\/v2\/media\/11083"}],"wp:attachment":[{"href":"https:\/\/tabouleinfos.com\/index.php\/wp-json\/wp\/v2\/media?parent=11081"}],"wp:term":[{"taxonomy":"category","embeddable":true,"href":"https:\/\/tabouleinfos.com\/index.php\/wp-json\/wp\/v2\/categories?post=11081"},{"taxonomy":"post_tag","embeddable":true,"href":"https:\/\/tabouleinfos.com\/index.php\/wp-json\/wp\/v2\/tags?post=11081"}],"curies":[{"name":"wp","href":"https:\/\/api.w.org\/{rel}","templated":true}]}}