{"id":11181,"date":"2024-02-24T09:08:02","date_gmt":"2024-02-24T09:08:02","guid":{"rendered":"https:\/\/tabouleinfos.com\/?p=11181"},"modified":"2024-02-24T09:08:02","modified_gmt":"2024-02-24T09:08:02","slug":"mali-sidiki-diabate-eleve-au-grade-de-chevalier-de-lordre-national","status":"publish","type":"post","link":"https:\/\/tabouleinfos.com\/index.php\/mali-sidiki-diabate-eleve-au-grade-de-chevalier-de-lordre-national\/","title":{"rendered":"Mali\u00a0: Sidiki Diabat\u00e9 \u00e9lev\u00e9 au grade de chevalier de l\u2019ordre national"},"content":{"rendered":"<p><span style=\"font-size: 16pt\"><strong>Le jeudi 22 f\u00e9vrier 2024, Sidiki Diabat\u00e9 a \u00e9t\u00e9 \u00e9lev\u00e9 au grade de chevalier de l\u2019ordre national du Mali. La star de la musique malienne est honor\u00e9e par les autorit\u00e9s de son pays.<\/strong><\/span><\/p>\n<p><span style=\"font-size: 16pt\">Cette reconnaissance de la part des autorit\u00e9s de transition ne laisse pas indiff\u00e9rent le prince de la kora. Sur ses canaux de communication, l\u2019artiste a partag\u00e9 cette nouvelle avec ses milliers de fans.<\/span><\/p>\n<p><a href=\"https:\/\/tabouleinfos.com\/wp-content\/uploads\/2024\/02\/429661078_973219817501261_7202595632102360433_n.jpg\"><img loading=\"lazy\" decoding=\"async\" width=\"1024\" height=\"539\" class=\"alignnone size-large wp-image-11184\" src=\"https:\/\/tabouleinfos.com\/wp-content\/uploads\/2024\/02\/429661078_973219817501261_7202595632102360433_n-1024x539.jpg\" alt=\"\" srcset=\"https:\/\/tabouleinfos.com\/wp-content\/uploads\/2024\/02\/429661078_973219817501261_7202595632102360433_n-1024x539.jpg 1024w, https:\/\/tabouleinfos.com\/wp-content\/uploads\/2024\/02\/429661078_973219817501261_7202595632102360433_n-300x158.jpg 300w, https:\/\/tabouleinfos.com\/wp-content\/uploads\/2024\/02\/429661078_973219817501261_7202595632102360433_n-768x404.jpg 768w, https:\/\/tabouleinfos.com\/wp-content\/uploads\/2024\/02\/429661078_973219817501261_7202595632102360433_n-696x366.jpg 696w, https:\/\/tabouleinfos.com\/wp-content\/uploads\/2024\/02\/429661078_973219817501261_7202595632102360433_n-1068x562.jpg 1068w, https:\/\/tabouleinfos.com\/wp-content\/uploads\/2024\/02\/429661078_973219817501261_7202595632102360433_n-798x420.jpg 798w, https:\/\/tabouleinfos.com\/wp-content\/uploads\/2024\/02\/429661078_973219817501261_7202595632102360433_n-750x395.jpg 750w, https:\/\/tabouleinfos.com\/wp-content\/uploads\/2024\/02\/429661078_973219817501261_7202595632102360433_n-1140x600.jpg 1140w, https:\/\/tabouleinfos.com\/wp-content\/uploads\/2024\/02\/429661078_973219817501261_7202595632102360433_n.jpg 1280w\" sizes=\"auto, (max-width: 1024px) 100vw, 1024px\" \/><\/a><\/p>\n<p><span style=\"font-size: 16pt\"><em>\u00ab\u00a0Chevalier de l&rsquo;ordre national du Mali<\/em><\/span><\/p>\n<p><span style=\"font-size: 16pt\"><em>Quel grand honneur et quelle fiert\u00e9 pour moi d&rsquo;\u00eatre distingu\u00e9 une seconde fois par les hautes autorit\u00e9s de mon pays. <\/em><\/span><\/p>\n<p><span style=\"font-size: 16pt\"><em>Toute ma reconnaissance \u00e0 l&rsquo;endroit du chef de l&rsquo;\u00c9tat Son Excellence Monsieur Assimi Go\u00efta et son gouvernement. J&rsquo;esp\u00e8re \u00eatre \u00e0 la hauteur de cette distinction.\u00bb<\/em><\/span><\/p>\n<p><a href=\"https:\/\/tabouleinfos.com\/wp-content\/uploads\/2024\/02\/428611340_973219777501265_2566203193439354733_n.jpg\"><img loading=\"lazy\" decoding=\"async\" width=\"1024\" height=\"486\" class=\"alignnone size-large wp-image-11183\" src=\"https:\/\/tabouleinfos.com\/wp-content\/uploads\/2024\/02\/428611340_973219777501265_2566203193439354733_n-1024x486.jpg\" alt=\"\" srcset=\"https:\/\/tabouleinfos.com\/wp-content\/uploads\/2024\/02\/428611340_973219777501265_2566203193439354733_n-1024x486.jpg 1024w, https:\/\/tabouleinfos.com\/wp-content\/uploads\/2024\/02\/428611340_973219777501265_2566203193439354733_n-300x143.jpg 300w, https:\/\/tabouleinfos.com\/wp-content\/uploads\/2024\/02\/428611340_973219777501265_2566203193439354733_n-768x365.jpg 768w, https:\/\/tabouleinfos.com\/wp-content\/uploads\/2024\/02\/428611340_973219777501265_2566203193439354733_n-696x331.jpg 696w, https:\/\/tabouleinfos.com\/wp-content\/uploads\/2024\/02\/428611340_973219777501265_2566203193439354733_n-1068x507.jpg 1068w, https:\/\/tabouleinfos.com\/wp-content\/uploads\/2024\/02\/428611340_973219777501265_2566203193439354733_n-884x420.jpg 884w, https:\/\/tabouleinfos.com\/wp-content\/uploads\/2024\/02\/428611340_973219777501265_2566203193439354733_n-750x356.jpg 750w, https:\/\/tabouleinfos.com\/wp-content\/uploads\/2024\/02\/428611340_973219777501265_2566203193439354733_n.jpg 1080w\" sizes=\"auto, (max-width: 1024px) 100vw, 1024px\" \/><\/a><\/p>\n<p><span style=\"font-size: 16pt\">Au Mali, cette c\u00e9r\u00e9monie s\u2019est tenue sous la pr\u00e9sidence du Ministre de la Culture, de l\u2019Industrie H\u00f4teli\u00e8re et du Tourisme, Andogoly Guindo. En dehors de Sidiki Diabat\u00e9, 13 autres personnes ont \u00e9t\u00e9 \u00e9lev\u00e9es au grade de chevalier de l\u2019ordre national pour les services rendus \u00e0 la nation.<\/span><\/p>\n<p><span style=\"font-size: 16pt\"><strong>Aboubacar Fod\u00e9 Bangoura<\/strong><\/span><\/p>\n","protected":false},"excerpt":{"rendered":"<p>Le jeudi 22 f\u00e9vrier 2024, Sidiki Diabat\u00e9 a \u00e9t\u00e9 \u00e9lev\u00e9 au grade de chevalier de l\u2019ordre national du Mali. La star de la musique malienne est honor\u00e9e par les autorit\u00e9s de son pays. Cette reconnaissance de la part des autorit\u00e9s de transition ne laisse pas indiff\u00e9rent le prince de la kora. Sur ses canaux de [&hellip;]<\/p>\n","protected":false},"author":5,"featured_media":11182,"comment_status":"closed","ping_status":"closed","sticky":false,"template":"","format":"standard","meta":{"footnotes":""},"categories":[2,25],"tags":[],"class_list":{"0":"post-11181","1":"post","2":"type-post","3":"status-publish","4":"format-standard","5":"has-post-thumbnail","7":"category-featured","8":"category-news"},"_links":{"self":[{"href":"https:\/\/tabouleinfos.com\/index.php\/wp-json\/wp\/v2\/posts\/11181","targetHints":{"allow":["GET"]}}],"collection":[{"href":"https:\/\/tabouleinfos.com\/index.php\/wp-json\/wp\/v2\/posts"}],"about":[{"href":"https:\/\/tabouleinfos.com\/index.php\/wp-json\/wp\/v2\/types\/post"}],"author":[{"embeddable":true,"href":"https:\/\/tabouleinfos.com\/index.php\/wp-json\/wp\/v2\/users\/5"}],"replies":[{"embeddable":true,"href":"https:\/\/tabouleinfos.com\/index.php\/wp-json\/wp\/v2\/comments?post=11181"}],"version-history":[{"count":0,"href":"https:\/\/tabouleinfos.com\/index.php\/wp-json\/wp\/v2\/posts\/11181\/revisions"}],"wp:featuredmedia":[{"embeddable":true,"href":"https:\/\/tabouleinfos.com\/index.php\/wp-json\/wp\/v2\/media\/11182"}],"wp:attachment":[{"href":"https:\/\/tabouleinfos.com\/index.php\/wp-json\/wp\/v2\/media?parent=11181"}],"wp:term":[{"taxonomy":"category","embeddable":true,"href":"https:\/\/tabouleinfos.com\/index.php\/wp-json\/wp\/v2\/categories?post=11181"},{"taxonomy":"post_tag","embeddable":true,"href":"https:\/\/tabouleinfos.com\/index.php\/wp-json\/wp\/v2\/tags?post=11181"}],"curies":[{"name":"wp","href":"https:\/\/api.w.org\/{rel}","templated":true}]}}