{"id":11353,"date":"2024-03-26T18:07:06","date_gmt":"2024-03-26T18:07:06","guid":{"rendered":"https:\/\/tabouleinfos.com\/?p=11353"},"modified":"2024-03-26T18:07:06","modified_gmt":"2024-03-26T18:07:06","slug":"le-mourag-au-coeur-de-la-3e-edition-du-pelerinage-panafricain","status":"publish","type":"post","link":"https:\/\/tabouleinfos.com\/index.php\/le-mourag-au-coeur-de-la-3e-edition-du-pelerinage-panafricain\/","title":{"rendered":"Le MOURAG au c\u0153ur de la 3e \u00e9dition du p\u00e9lerinage panafricain"},"content":{"rendered":"<p><strong><span style=\"font-size: 16pt\">Pour la 3\u00e8me fois cons\u00e9cutive, le Mouvement Rasta de Guin\u00e9e (MOURAG) effectue le p\u00e9lerinage panafricain \u00e0 Conakry. Cet \u00e9v\u00e9nement est c\u00e9l\u00e9br\u00e9 \u00e0 l&rsquo;occasion de la comm\u00e9moration de l&rsquo;an 40 de la mort du camarade Ahmed Sekou Tour\u00e9, premier pr\u00e9sident de la R\u00e9publique de Guin\u00e9e.<\/span><\/strong><\/p>\n<p style=\"text-align: right\"><a href=\"https:\/\/tabouleinfos.com\/wp-content\/uploads\/2024\/03\/2024032617400113-scaled.jpg\"><img loading=\"lazy\" decoding=\"async\" width=\"1024\" height=\"768\" class=\"alignnone size-large wp-image-11355\" src=\"https:\/\/tabouleinfos.com\/wp-content\/uploads\/2024\/03\/2024032617400113-1024x768.jpg\" alt=\"\" srcset=\"https:\/\/tabouleinfos.com\/wp-content\/uploads\/2024\/03\/2024032617400113-1024x768.jpg 1024w, https:\/\/tabouleinfos.com\/wp-content\/uploads\/2024\/03\/2024032617400113-300x225.jpg 300w, https:\/\/tabouleinfos.com\/wp-content\/uploads\/2024\/03\/2024032617400113-768x576.jpg 768w, https:\/\/tabouleinfos.com\/wp-content\/uploads\/2024\/03\/2024032617400113-1536x1152.jpg 1536w, https:\/\/tabouleinfos.com\/wp-content\/uploads\/2024\/03\/2024032617400113-2048x1536.jpg 2048w, https:\/\/tabouleinfos.com\/wp-content\/uploads\/2024\/03\/2024032617400113-80x60.jpg 80w, https:\/\/tabouleinfos.com\/wp-content\/uploads\/2024\/03\/2024032617400113-265x198.jpg 265w, https:\/\/tabouleinfos.com\/wp-content\/uploads\/2024\/03\/2024032617400113-696x522.jpg 696w, https:\/\/tabouleinfos.com\/wp-content\/uploads\/2024\/03\/2024032617400113-1068x801.jpg 1068w, https:\/\/tabouleinfos.com\/wp-content\/uploads\/2024\/03\/2024032617400113-560x420.jpg 560w, https:\/\/tabouleinfos.com\/wp-content\/uploads\/2024\/03\/2024032617400113-1920x1440.jpg 1920w, https:\/\/tabouleinfos.com\/wp-content\/uploads\/2024\/03\/2024032617400113-750x563.jpg 750w, https:\/\/tabouleinfos.com\/wp-content\/uploads\/2024\/03\/2024032617400113-1140x855.jpg 1140w\" sizes=\"auto, (max-width: 1024px) 100vw, 1024px\" \/><\/a><\/p>\n<p><span style=\"font-size: 16pt\"><strong>\u00ab\u00a0Sans unit\u00e9, il n\u2019y a pas de futur pour l\u2019Afrique\u00a0\u00bb<\/strong> est le th\u00e8me de cette 3\u00e8me \u00e9dition du p\u00e9lerinage panafricain. Selon le pr\u00e9sident du Mouvement Rasta de Guin\u00e9e, Gbassikolo Kakoulima Konat\u00e9 : <em>\u00ab\u00a0L\u2019objectif vis\u00e9 par ce p\u00e9lerinage, c\u2019est la r\u00e9volution spirituelle. Quand on est rasta, on parle de combattant de la libert\u00e9, on parle de combattant pour la cause de notre identit\u00e9. Donc la lutte est l\u00e0, pour glorifier nos anc\u00eatres et honorer nos devanciers et ceux qui ont tout donn\u00e9 pour que le peuple africain soit libre. Donc, l\u2019objectif c\u2019est de d\u00e9montrer qu\u2019ils sont l\u00e0, ils sont vivants et ne pourront jamais mourir.\u00a0\u00bb<\/em>, a-t-il affirm\u00e9.<\/span><\/p>\n<p><a href=\"https:\/\/tabouleinfos.com\/wp-content\/uploads\/2024\/03\/2024032617375383-scaled.jpg\"><img loading=\"lazy\" decoding=\"async\" width=\"1024\" height=\"576\" class=\"alignnone size-large wp-image-11356\" src=\"https:\/\/tabouleinfos.com\/wp-content\/uploads\/2024\/03\/2024032617375383-1024x576.jpg\" alt=\"\" srcset=\"https:\/\/tabouleinfos.com\/wp-content\/uploads\/2024\/03\/2024032617375383-1024x576.jpg 1024w, https:\/\/tabouleinfos.com\/wp-content\/uploads\/2024\/03\/2024032617375383-300x169.jpg 300w, https:\/\/tabouleinfos.com\/wp-content\/uploads\/2024\/03\/2024032617375383-768x432.jpg 768w, https:\/\/tabouleinfos.com\/wp-content\/uploads\/2024\/03\/2024032617375383-1536x864.jpg 1536w, https:\/\/tabouleinfos.com\/wp-content\/uploads\/2024\/03\/2024032617375383-2048x1152.jpg 2048w, https:\/\/tabouleinfos.com\/wp-content\/uploads\/2024\/03\/2024032617375383-696x392.jpg 696w, https:\/\/tabouleinfos.com\/wp-content\/uploads\/2024\/03\/2024032617375383-1068x601.jpg 1068w, https:\/\/tabouleinfos.com\/wp-content\/uploads\/2024\/03\/2024032617375383-747x420.jpg 747w, https:\/\/tabouleinfos.com\/wp-content\/uploads\/2024\/03\/2024032617375383-1920x1080.jpg 1920w, https:\/\/tabouleinfos.com\/wp-content\/uploads\/2024\/03\/2024032617375383-750x422.jpg 750w, https:\/\/tabouleinfos.com\/wp-content\/uploads\/2024\/03\/2024032617375383-1140x641.jpg 1140w\" sizes=\"auto, (max-width: 1024px) 100vw, 1024px\" \/><\/a><\/p>\n<p><span style=\"font-size: 16pt\">Pour lui, Ahmed Sekou Tour\u00e9 m\u00e9rite d&rsquo;\u00eatre immortalis\u00e9. Car :\u00a0\u00bb <em>Il a symbolis\u00e9 la r\u00e9volution africaine. Il a aussi contribu\u00e9 pour la construction de beaucoup de nations. Donc pour nous, Ahmed Sekou Tour\u00e9 est un proph\u00e8te qui \u00e9tait venu mettre l&rsquo;homme noir devant son destin. C&rsquo;est pourquoi le p\u00e9lerinage panafricain a \u00e9t\u00e9 choisi pour ce 26 mars.\u00a0\u00bb<\/em><\/span><\/p>\n<p><span style=\"font-size: 16pt\">A Conakry, cet \u00e9v\u00e9nement a connu la participation de la d\u00e9l\u00e9gation du Mouvement Rasta du Mali (MOURASMA). Une premi\u00e8re depuis l&rsquo;initiation de ce projet.<\/span><\/p>\n<p><span style=\"font-size: 16pt\"><em>\u00ab\u00a0Nous sommes ravis d\u2019\u00eatre l\u00e0, d\u2019avoir r\u00e9pondu \u00e0 l\u2019invitation de nos fr\u00e8res de la Guin\u00e9e avec qui nous formons un seul corps, un seul combat, une seule vision pour l\u2019Afrique. Cette invitation m\u2019a donn\u00e9 l\u2019espoir que l\u2019Afrique commence \u00e0 se retrouver. Parce que quand les enfants d\u2019Afrique, au-del\u00e0 de nos fronti\u00e8res, commencent \u00e0 se retrouver pour collaborer\u00a0: c\u2019est tout ce que les p\u00e8res de l\u2019ind\u00e9pendance avaient voulu. Et je commence \u00e0 sentir que nous commen\u00e7ons \u00e0 sortir de l\u2019utopie et nous allons vers la r\u00e9alit\u00e9.\u00a0\u00bb<\/em>, a laiss\u00e9 entendre Keka Kone, Pr\u00e9sident du MOURASMA.<\/span><\/p>\n<p><a href=\"https:\/\/tabouleinfos.com\/wp-content\/uploads\/2024\/03\/2024032617342715-scaled.jpg\"><img loading=\"lazy\" decoding=\"async\" width=\"768\" height=\"1024\" class=\"alignnone size-large wp-image-11357\" src=\"https:\/\/tabouleinfos.com\/wp-content\/uploads\/2024\/03\/2024032617342715-768x1024.jpg\" alt=\"\" srcset=\"https:\/\/tabouleinfos.com\/wp-content\/uploads\/2024\/03\/2024032617342715-768x1024.jpg 768w, https:\/\/tabouleinfos.com\/wp-content\/uploads\/2024\/03\/2024032617342715-225x300.jpg 225w, https:\/\/tabouleinfos.com\/wp-content\/uploads\/2024\/03\/2024032617342715-1152x1536.jpg 1152w, https:\/\/tabouleinfos.com\/wp-content\/uploads\/2024\/03\/2024032617342715-1536x2048.jpg 1536w, https:\/\/tabouleinfos.com\/wp-content\/uploads\/2024\/03\/2024032617342715-696x928.jpg 696w, https:\/\/tabouleinfos.com\/wp-content\/uploads\/2024\/03\/2024032617342715-1068x1424.jpg 1068w, https:\/\/tabouleinfos.com\/wp-content\/uploads\/2024\/03\/2024032617342715-315x420.jpg 315w, https:\/\/tabouleinfos.com\/wp-content\/uploads\/2024\/03\/2024032617342715-scaled.jpg 1920w, https:\/\/tabouleinfos.com\/wp-content\/uploads\/2024\/03\/2024032617342715-750x1000.jpg 750w, https:\/\/tabouleinfos.com\/wp-content\/uploads\/2024\/03\/2024032617342715-1140x1520.jpg 1140w\" sizes=\"auto, (max-width: 768px) 100vw, 768px\" \/><\/a><\/p>\n<p><span style=\"font-size: 16pt\">A noter que, cette journ\u00e9e a \u00e9t\u00e9 marqu\u00e9e par une libation au bord de la mer, une caravane de reconnaissance quittant du jardin du 2 octobre au mausol\u00e9e d&rsquo;Ahmed Sekou Tour\u00e9 (Cameroun), une visite au domicile de Hadja Andr\u00e9 Tour\u00e9 (\u00e9pouse d&rsquo;Ahmed Sekou Tour\u00e9) et un panel de discussions sur les p\u00e8res fondateurs du panafricanisme au Centre Culturel Franco Guin\u00e9en (CCFG).<\/span><\/p>\n<p><strong><span style=\"font-size: 16pt\">Aboubacar Fod\u00e9 Bangoura <\/span><\/strong><\/p>\n","protected":false},"excerpt":{"rendered":"<p>Pour la 3\u00e8me fois cons\u00e9cutive, le Mouvement Rasta de Guin\u00e9e (MOURAG) effectue le p\u00e9lerinage panafricain \u00e0 Conakry. Cet \u00e9v\u00e9nement est c\u00e9l\u00e9br\u00e9 \u00e0 l&rsquo;occasion de la comm\u00e9moration de l&rsquo;an 40 de la mort du camarade Ahmed Sekou Tour\u00e9, premier pr\u00e9sident de la R\u00e9publique de Guin\u00e9e. \u00ab\u00a0Sans unit\u00e9, il n\u2019y a pas de futur pour l\u2019Afrique\u00a0\u00bb est [&hellip;]<\/p>\n","protected":false},"author":5,"featured_media":11358,"comment_status":"closed","ping_status":"closed","sticky":false,"template":"","format":"standard","meta":{"footnotes":""},"categories":[21,2],"tags":[],"class_list":{"0":"post-11353","1":"post","2":"type-post","3":"status-publish","4":"format-standard","5":"has-post-thumbnail","7":"category-events","8":"category-featured"},"_links":{"self":[{"href":"https:\/\/tabouleinfos.com\/index.php\/wp-json\/wp\/v2\/posts\/11353","targetHints":{"allow":["GET"]}}],"collection":[{"href":"https:\/\/tabouleinfos.com\/index.php\/wp-json\/wp\/v2\/posts"}],"about":[{"href":"https:\/\/tabouleinfos.com\/index.php\/wp-json\/wp\/v2\/types\/post"}],"author":[{"embeddable":true,"href":"https:\/\/tabouleinfos.com\/index.php\/wp-json\/wp\/v2\/users\/5"}],"replies":[{"embeddable":true,"href":"https:\/\/tabouleinfos.com\/index.php\/wp-json\/wp\/v2\/comments?post=11353"}],"version-history":[{"count":0,"href":"https:\/\/tabouleinfos.com\/index.php\/wp-json\/wp\/v2\/posts\/11353\/revisions"}],"wp:featuredmedia":[{"embeddable":true,"href":"https:\/\/tabouleinfos.com\/index.php\/wp-json\/wp\/v2\/media\/11358"}],"wp:attachment":[{"href":"https:\/\/tabouleinfos.com\/index.php\/wp-json\/wp\/v2\/media?parent=11353"}],"wp:term":[{"taxonomy":"category","embeddable":true,"href":"https:\/\/tabouleinfos.com\/index.php\/wp-json\/wp\/v2\/categories?post=11353"},{"taxonomy":"post_tag","embeddable":true,"href":"https:\/\/tabouleinfos.com\/index.php\/wp-json\/wp\/v2\/tags?post=11353"}],"curies":[{"name":"wp","href":"https:\/\/api.w.org\/{rel}","templated":true}]}}