{"id":11540,"date":"2024-04-20T04:44:45","date_gmt":"2024-04-20T04:44:45","guid":{"rendered":"https:\/\/tabouleinfos.com\/?p=11540"},"modified":"2024-04-20T12:15:50","modified_gmt":"2024-04-20T12:15:50","slug":"appel-a-projets-six-structures-retenues-par-le-fodac","status":"publish","type":"post","link":"https:\/\/tabouleinfos.com\/index.php\/appel-a-projets-six-structures-retenues-par-le-fodac\/","title":{"rendered":"Appel \u00e0 projets\u00a0: Six (6) structures retenues par le FODAC"},"content":{"rendered":"<p><span style=\"font-size: 16pt\"><strong>Les laur\u00e9ats de l\u2019appel \u00e0 projets lanc\u00e9 par la Direction G\u00e9n\u00e9rale du Fonds de D\u00e9veloppement des Arts et de la Culture (FODAC) sont connus. Ce vendredi 19 avril 2024, les noms de ces six structures culturelles et artistiques ont \u00e9t\u00e9 d\u00e9voil\u00e9s au public. La c\u00e9r\u00e9monie s\u2019est tenue au Centre Culturel Franco Guin\u00e9en en pr\u00e9sence du Ministre de la Culture, du Tourisme et de l\u2019Artisanat Moussa Mo\u00efse Sylla.<\/strong><\/span><\/p>\n<p><a href=\"https:\/\/tabouleinfos.com\/wp-content\/uploads\/2024\/04\/IMG-20240419-WA0042_edit_150329606974456.jpg\"><img loading=\"lazy\" decoding=\"async\" width=\"1024\" height=\"576\" class=\"alignnone size-large wp-image-11542\" src=\"https:\/\/tabouleinfos.com\/wp-content\/uploads\/2024\/04\/IMG-20240419-WA0042_edit_150329606974456-1024x576.jpg\" alt=\"\" srcset=\"https:\/\/tabouleinfos.com\/wp-content\/uploads\/2024\/04\/IMG-20240419-WA0042_edit_150329606974456-1024x576.jpg 1024w, https:\/\/tabouleinfos.com\/wp-content\/uploads\/2024\/04\/IMG-20240419-WA0042_edit_150329606974456-300x169.jpg 300w, https:\/\/tabouleinfos.com\/wp-content\/uploads\/2024\/04\/IMG-20240419-WA0042_edit_150329606974456-768x432.jpg 768w, https:\/\/tabouleinfos.com\/wp-content\/uploads\/2024\/04\/IMG-20240419-WA0042_edit_150329606974456-696x392.jpg 696w, https:\/\/tabouleinfos.com\/wp-content\/uploads\/2024\/04\/IMG-20240419-WA0042_edit_150329606974456-1068x601.jpg 1068w, https:\/\/tabouleinfos.com\/wp-content\/uploads\/2024\/04\/IMG-20240419-WA0042_edit_150329606974456-747x420.jpg 747w, https:\/\/tabouleinfos.com\/wp-content\/uploads\/2024\/04\/IMG-20240419-WA0042_edit_150329606974456-750x422.jpg 750w, https:\/\/tabouleinfos.com\/wp-content\/uploads\/2024\/04\/IMG-20240419-WA0042_edit_150329606974456-1140x641.jpg 1140w, https:\/\/tabouleinfos.com\/wp-content\/uploads\/2024\/04\/IMG-20240419-WA0042_edit_150329606974456.jpg 1280w\" sizes=\"auto, (max-width: 1024px) 100vw, 1024px\" \/><\/a><\/p>\n<p><span style=\"font-size: 16pt\">Cet appel \u00e0 projets concernant les demandes de subvention (DS) des projets, Aide \u00e0 la Cr\u00e9ation et \u00e0 la Mobilit\u00e9 des \u0152uvres et des professionnels (FFACMO) et appui aux Actions Port\u00e9es par les institutions (API), a \u00e9t\u00e9 lanc\u00e9 en d\u00e9cembre 2023. Sur 100 structures postulantes, six ont \u00e9t\u00e9 retenues par le comit\u00e9 technique de s\u00e9lection des projets apr\u00e8s leur \u00e9valuation.\u00a0<\/span><\/p>\n<p><span style=\"font-size: 16pt\">A lire aussi\u00a0: <span style=\"text-decoration: underline\"><span style=\"color: #0000ff\"><a style=\"color: #0000ff;text-decoration: underline\" href=\"https:\/\/tabouleinfos.com\/index.php\/le-fodac-est-enfin-autorise-a-financer-des-projets-culturels\/\">Le FODAC est enfin autoris\u00e9 \u00e0 financer des projets culturels<\/a><\/span><\/span><\/span><\/p>\n<p><span style=\"font-size: 16pt\">Voici les six projets s\u00e9lectionn\u00e9s pour la subvention de l\u2019appel \u00e0 projet de l\u2019ann\u00e9e 2023.<\/span><\/p>\n<p><span style=\"font-size: 16pt\"><strong>Le Festival des Arts Baga du Collectif du Patrimoine des Arts<\/strong><\/span><\/p>\n<p><span style=\"font-size: 16pt\"><strong>La 5<sup>\u00e8me<\/sup> \u00e9dition Kania Diye de l\u2019Association Kania Diye <\/strong><\/span><\/p>\n<p><span style=\"font-size: 16pt\"><strong>Atelier Inventif Phas-Diffusion de Min Art<\/strong><\/span><\/p>\n<p><span style=\"font-size: 16pt\"><strong>Musi-Shine de la Muse<\/strong><\/span><\/p>\n<p><span style=\"font-size: 16pt\"><strong>La 3<sup>\u00e8me<\/sup> \u00e9dition du Festival des Arts de Badiar de l\u2019ONG\/Promotion de la paix, de l\u2019industrie et de l\u2019Innovation<\/strong><\/span><\/p>\n<p><span style=\"font-size: 16pt\"><strong>Cr\u00e9ation d\u2019une Zone de co-working de la Cit\u00e9 des Arts <\/strong><\/span><\/p>\n<p><span style=\"font-size: 16pt\">Selon le Directeur G\u00e9n\u00e9ral du FODAC : \u00ab Le comit\u00e9 de s\u00e9lection a pris toutes ses responsabilit\u00e9s conform\u00e9ment \u00e0 notre manuel de proc\u00e9dure administrative comptable et financi\u00e8re pour pouvoir s\u00e9lectionner ceux qui sont plus m\u00e9ritants. Ce qui est int\u00e9ressant, tous ceux qui n&rsquo;ont pas eu, vont b\u00e9n\u00e9ficier d&rsquo;une formation la semaine prochaine pour pouvoir leur dire ce qui n&rsquo;a pas march\u00e9 pour qu\u2019ils puissent corriger. Apr\u00e8s cette formation, un autre appel \u00e0 projets va \u00eatre lanc\u00e9, les m\u00eames structures seront la chance de repostuler. C\u2019est important qu\u2019ils soient des structures reconnues chez nous, qui sont enregistr\u00e9es et payent des imp\u00f4ts. Il faut donc \u00eatre s\u00fbr avant de mettre l\u2019argent du contribuable guin\u00e9en \u00e0 leur disposition\u00bb, souligne Malick Kebe.<\/span><\/p>\n<p><span style=\"font-size: 16pt\">Pour la Directrice G\u00e9n\u00e9rale Adjointe N\u00e8n\u00e8 Satourou Diawara, ce travail a \u00e9t\u00e9 fait en toute transparence. Car Il y a eu six membres du comit\u00e9 qui ont re\u00e7u chacun des outils d\u2019\u00e9valuation provenant du manuel de proc\u00e9dure op\u00e9rationnelle du FODAC qui a \u00e9t\u00e9 valid\u00e9 non seulement par le conseil d\u2019administration, mais aussi par le cabinet du Ministre de la Culture.<\/span><\/p>\n<p><span style=\"font-size: 16pt\"><strong>Aboubacar Fod\u00e9 Bangoura<\/strong><\/span><\/p>\n","protected":false},"excerpt":{"rendered":"<p>Les laur\u00e9ats de l\u2019appel \u00e0 projets lanc\u00e9 par la Direction G\u00e9n\u00e9rale du Fonds de D\u00e9veloppement des Arts et de la Culture (FODAC) sont connus. Ce vendredi 19 avril 2024, les noms de ces six structures culturelles et artistiques ont \u00e9t\u00e9 d\u00e9voil\u00e9s au public. La c\u00e9r\u00e9monie s\u2019est tenue au Centre Culturel Franco Guin\u00e9en en pr\u00e9sence du [&hellip;]<\/p>\n","protected":false},"author":5,"featured_media":11543,"comment_status":"closed","ping_status":"closed","sticky":false,"template":"","format":"standard","meta":{"footnotes":""},"categories":[2,25],"tags":[],"class_list":{"0":"post-11540","1":"post","2":"type-post","3":"status-publish","4":"format-standard","5":"has-post-thumbnail","7":"category-featured","8":"category-news"},"_links":{"self":[{"href":"https:\/\/tabouleinfos.com\/index.php\/wp-json\/wp\/v2\/posts\/11540","targetHints":{"allow":["GET"]}}],"collection":[{"href":"https:\/\/tabouleinfos.com\/index.php\/wp-json\/wp\/v2\/posts"}],"about":[{"href":"https:\/\/tabouleinfos.com\/index.php\/wp-json\/wp\/v2\/types\/post"}],"author":[{"embeddable":true,"href":"https:\/\/tabouleinfos.com\/index.php\/wp-json\/wp\/v2\/users\/5"}],"replies":[{"embeddable":true,"href":"https:\/\/tabouleinfos.com\/index.php\/wp-json\/wp\/v2\/comments?post=11540"}],"version-history":[{"count":0,"href":"https:\/\/tabouleinfos.com\/index.php\/wp-json\/wp\/v2\/posts\/11540\/revisions"}],"wp:featuredmedia":[{"embeddable":true,"href":"https:\/\/tabouleinfos.com\/index.php\/wp-json\/wp\/v2\/media\/11543"}],"wp:attachment":[{"href":"https:\/\/tabouleinfos.com\/index.php\/wp-json\/wp\/v2\/media?parent=11540"}],"wp:term":[{"taxonomy":"category","embeddable":true,"href":"https:\/\/tabouleinfos.com\/index.php\/wp-json\/wp\/v2\/categories?post=11540"},{"taxonomy":"post_tag","embeddable":true,"href":"https:\/\/tabouleinfos.com\/index.php\/wp-json\/wp\/v2\/tags?post=11540"}],"curies":[{"name":"wp","href":"https:\/\/api.w.org\/{rel}","templated":true}]}}