{"id":11631,"date":"2024-04-30T08:57:18","date_gmt":"2024-04-30T08:57:18","guid":{"rendered":"https:\/\/tabouleinfos.com\/?p=11631"},"modified":"2024-04-30T08:57:18","modified_gmt":"2024-04-30T08:57:18","slug":"festival-monde-sans-frontieres-fini-la-12e-edition-a-kindia","status":"publish","type":"post","link":"https:\/\/tabouleinfos.com\/index.php\/festival-monde-sans-frontieres-fini-la-12e-edition-a-kindia\/","title":{"rendered":"Festival Monde Sans Fronti\u00e8res\u00a0: Fini la 12e \u00e9dition \u00e0 Kindia"},"content":{"rendered":"<p><span style=\"font-size: 16pt\"><strong>Du 25 au 28 avril dernier, la ville de Kindia a accueilli la 12<sup>\u00e8me<\/sup> \u00e9dition du Festival Monde Sans Fronti\u00e8res. Cet \u00e9v\u00e9nement s\u2019est d\u00e9roul\u00e9 au village rasta Faso Kele autour du th\u00e8me \u2018\u2019Education environnementale\u2019\u2019.<\/strong><\/span><\/p>\n<p><span style=\"font-size: 16pt\">Ce festival est une initiative de l\u2019association Faso Kele en collaboration avec ACT Afrique-Europe-Interact. A travers cet \u00e9v\u00e9nement, les organisateurs ambitionnent de cr\u00e9er un monde sans fronti\u00e8re, un monde meilleur, de paix, de justice et de solidarit\u00e9.<\/span><\/p>\n<p><span style=\"font-size: 16pt\">Selon l\u2019initiateur principal de ce projet, Gbassikolo Kibaro Kakoulima Konat\u00e9 de Faso Kele et pr\u00e9sident du Mouvement Rasta de Guin\u00e9e (MOURAG), ce festival est venu pour pouvoir cr\u00e9er un espace de symbiose entre les hommes, la nature et les animaux.<\/span><\/p>\n<p><a href=\"https:\/\/tabouleinfos.com\/wp-content\/uploads\/2024\/04\/1714462724139.jpg\"><img loading=\"lazy\" decoding=\"async\" width=\"1024\" height=\"503\" class=\"alignnone size-large wp-image-11638\" src=\"https:\/\/tabouleinfos.com\/wp-content\/uploads\/2024\/04\/1714462724139-1024x503.jpg\" alt=\"\" srcset=\"https:\/\/tabouleinfos.com\/wp-content\/uploads\/2024\/04\/1714462724139-1024x503.jpg 1024w, https:\/\/tabouleinfos.com\/wp-content\/uploads\/2024\/04\/1714462724139-300x147.jpg 300w, https:\/\/tabouleinfos.com\/wp-content\/uploads\/2024\/04\/1714462724139-768x377.jpg 768w, https:\/\/tabouleinfos.com\/wp-content\/uploads\/2024\/04\/1714462724139-1536x754.jpg 1536w, https:\/\/tabouleinfos.com\/wp-content\/uploads\/2024\/04\/1714462724139-324x160.jpg 324w, https:\/\/tabouleinfos.com\/wp-content\/uploads\/2024\/04\/1714462724139-533x261.jpg 533w, https:\/\/tabouleinfos.com\/wp-content\/uploads\/2024\/04\/1714462724139-696x342.jpg 696w, https:\/\/tabouleinfos.com\/wp-content\/uploads\/2024\/04\/1714462724139-1068x524.jpg 1068w, https:\/\/tabouleinfos.com\/wp-content\/uploads\/2024\/04\/1714462724139-856x420.jpg 856w, https:\/\/tabouleinfos.com\/wp-content\/uploads\/2024\/04\/1714462724139-750x368.jpg 750w, https:\/\/tabouleinfos.com\/wp-content\/uploads\/2024\/04\/1714462724139-1140x560.jpg 1140w, https:\/\/tabouleinfos.com\/wp-content\/uploads\/2024\/04\/1714462724139.jpg 1746w\" sizes=\"auto, (max-width: 1024px) 100vw, 1024px\" \/><\/a><\/p>\n<p><span style=\"font-size: 16pt\"><em>\u00ab\u00a0Parce que l\u2019homme en voulant d\u00e9valoriser l\u2019humanit\u00e9, ils ont essay\u00e9 de cr\u00e9er la division avec des diff\u00e9rentes classes sociales entre les hommes. Cela a cr\u00e9\u00e9 une grande fronti\u00e8re r\u00e9duisant les hommes en miniature. Donc pour nous, le Festival Monde Sans Fronti\u00e8res a pour objectif de r\u00e9tablir tous ces probl\u00e8mes concernant l\u2019humanit\u00e9 sans distinction de couleur, de race, de sexe et de religion \u00bb<\/em>, a-t-il expliqu\u00e9.<\/span><\/p>\n<p><span style=\"font-size: 16pt\">A lire aussi\u00a0: <span style=\"text-decoration: underline;color: #0000ff\"><a style=\"color: #0000ff;text-decoration: underline\" href=\"https:\/\/tabouleinfos.com\/index.php\/festival-monde-sans-frontieres-2022-kindia-deja-en-fete\/\">Festival Monde Sans Fronti\u00e8res 2022 : Kindia d\u00e9j\u00e0 en f\u00eate !<\/a><\/span><\/span><\/p>\n<p><span style=\"font-size: 16pt\">Durant quatre jours \u00e0 Kindia Samaya dans le district de Kondeya, des artistes com\u00e9diens, chanteurs et danseurs ont profit\u00e9 de leurs prestations sc\u00e9niques pour v\u00e9hiculer des messages allant dans la protection de l\u2019environnement. Mais pour mieux toucher la cible, les organisateurs ont mis\u00e9 sur la troupe th\u00e9\u00e2trale <strong>\u2018\u2019Fangni Malankhi\u2019\u2019<\/strong> de Kindia. <em>\u00ab\u00a0Parce que nous avons compris s\u2019il s\u2019agit seulement de la musique pour dire prot\u00e9geons l\u2019environnement, les gens ne se retiennent pas pour \u00e9couter. Car la majorit\u00e9 se mettra \u00e0 danser.\u00bb<\/em>, souligne \u00a0Gbassikolo Kibaro Kakoulima. \u00a0<\/span><\/p>\n<p><a href=\"https:\/\/tabouleinfos.com\/wp-content\/uploads\/2024\/04\/tonton-scaled.jpg\"><img loading=\"lazy\" decoding=\"async\" width=\"1024\" height=\"487\" class=\"alignnone size-large wp-image-11642\" src=\"https:\/\/tabouleinfos.com\/wp-content\/uploads\/2024\/04\/tonton-1024x487.jpg\" alt=\"\" srcset=\"https:\/\/tabouleinfos.com\/wp-content\/uploads\/2024\/04\/tonton-1024x487.jpg 1024w, https:\/\/tabouleinfos.com\/wp-content\/uploads\/2024\/04\/tonton-300x143.jpg 300w, https:\/\/tabouleinfos.com\/wp-content\/uploads\/2024\/04\/tonton-768x365.jpg 768w, https:\/\/tabouleinfos.com\/wp-content\/uploads\/2024\/04\/tonton-1536x730.jpg 1536w, https:\/\/tabouleinfos.com\/wp-content\/uploads\/2024\/04\/tonton-2048x974.jpg 2048w, https:\/\/tabouleinfos.com\/wp-content\/uploads\/2024\/04\/tonton-696x331.jpg 696w, https:\/\/tabouleinfos.com\/wp-content\/uploads\/2024\/04\/tonton-1068x508.jpg 1068w, https:\/\/tabouleinfos.com\/wp-content\/uploads\/2024\/04\/tonton-883x420.jpg 883w, https:\/\/tabouleinfos.com\/wp-content\/uploads\/2024\/04\/tonton-1920x913.jpg 1920w, https:\/\/tabouleinfos.com\/wp-content\/uploads\/2024\/04\/tonton-750x357.jpg 750w, https:\/\/tabouleinfos.com\/wp-content\/uploads\/2024\/04\/tonton-1140x542.jpg 1140w\" sizes=\"auto, (max-width: 1024px) 100vw, 1024px\" \/><\/a><\/p>\n<p><span style=\"font-size: 16pt\">Le th\u00e8me de cette 12<sup>\u00e8me<\/sup> <strong>\u00e9dition\u00a0\u2018\u2019Education environnementale\u2019\u2019<\/strong>, n\u2019est pas fortuit. <em>\u00ab\u00a0Parce que nous avons remarqu\u00e9 le changement climatique qui vraiment \u00e0 travers le monde et m\u00eame chez nous, est en train de s\u00e9vir. Il fait beaucoup plus chaud que d\u2019habitude. On vient par le festival, informer la population et sensibiliser la population de ne pas couper les arbres fruitiers et les transformer en charbon, mettre des feux accidentels\u2026 L\u2019Afrique doit vulgariser la for\u00eat, garder la faune et la flore et prot\u00e9ger les animaux.\u00bb,<\/em> a affirm\u00e9 le doyen de Faso Kele et membre d\u2019honneur du MOURAG, \u00a0Minko (Tonton Rasta).<\/span><\/p>\n<p><span style=\"font-size: 16pt\">Pour plus de visibilit\u00e9 sur les prochaines \u00e9ditions, Tonton Rasta fait une invite. <em>\u00ab\u00a0On ne dira pas que le Festival Monde Sans Fronti\u00e8re est 100% rasta, mais \u00e0 la base, c\u2019est les rastas qui l\u2019organisent. Dans les jours \u00e0 venir, nous demandons qu\u2019on prenne en consid\u00e9ration le rasta pour utiliser en bon \u00e9ch\u00e9ant son id\u00e9ologie, sa fa\u00e7on de vivre, le \u2018\u2019I and I\u2019\u2019 qui signifie un et solidarit\u00e9, et toutes les bonnes pens\u00e9es qui ressemblent les humains\u2026 Avec les 12 ann\u00e9es du festival, on ne va pas dire qu\u2019on fait la m\u00eame chose, mais on \u00e9volue petit \u00e0 petit. On compte sur les m\u00e9dias pour nous faire la propagande et interpeler les gens \u00e0 assister au festival.\u00bb<\/em><\/span><\/p>\n<p><span style=\"font-size: 16pt\">A noter que la 12<sup>\u00e8me<\/sup> \u00e9dition du Festival Monde Sans Fronti\u00e8res, a \u00e9t\u00e9 marqu\u00e9e par un carnaval faisant le tour de Kindia, le sound system, des s\u00e9ances nyabinghi et quatre jours de spectacles avec la participation des artistes du MOURAG et d&rsquo;autres jeunes talents de la localit\u00e9.\u00a0<\/span><\/p>\n<p><span style=\"font-size: 16pt\"><strong>Aboubacar Fod\u00e9 Bangoura<\/strong><\/span><\/p>\n","protected":false},"excerpt":{"rendered":"<p>Du 25 au 28 avril dernier, la ville de Kindia a accueilli la 12\u00e8me \u00e9dition du Festival Monde Sans Fronti\u00e8res. Cet \u00e9v\u00e9nement s\u2019est d\u00e9roul\u00e9 au village rasta Faso Kele autour du th\u00e8me \u2018\u2019Education environnementale\u2019\u2019. Ce festival est une initiative de l\u2019association Faso Kele en collaboration avec ACT Afrique-Europe-Interact. A travers cet \u00e9v\u00e9nement, les organisateurs ambitionnent [&hellip;]<\/p>\n","protected":false},"author":5,"featured_media":11637,"comment_status":"closed","ping_status":"closed","sticky":false,"template":"","format":"standard","meta":{"footnotes":""},"categories":[21,2],"tags":[],"class_list":{"0":"post-11631","1":"post","2":"type-post","3":"status-publish","4":"format-standard","5":"has-post-thumbnail","7":"category-events","8":"category-featured"},"_links":{"self":[{"href":"https:\/\/tabouleinfos.com\/index.php\/wp-json\/wp\/v2\/posts\/11631","targetHints":{"allow":["GET"]}}],"collection":[{"href":"https:\/\/tabouleinfos.com\/index.php\/wp-json\/wp\/v2\/posts"}],"about":[{"href":"https:\/\/tabouleinfos.com\/index.php\/wp-json\/wp\/v2\/types\/post"}],"author":[{"embeddable":true,"href":"https:\/\/tabouleinfos.com\/index.php\/wp-json\/wp\/v2\/users\/5"}],"replies":[{"embeddable":true,"href":"https:\/\/tabouleinfos.com\/index.php\/wp-json\/wp\/v2\/comments?post=11631"}],"version-history":[{"count":0,"href":"https:\/\/tabouleinfos.com\/index.php\/wp-json\/wp\/v2\/posts\/11631\/revisions"}],"wp:featuredmedia":[{"embeddable":true,"href":"https:\/\/tabouleinfos.com\/index.php\/wp-json\/wp\/v2\/media\/11637"}],"wp:attachment":[{"href":"https:\/\/tabouleinfos.com\/index.php\/wp-json\/wp\/v2\/media?parent=11631"}],"wp:term":[{"taxonomy":"category","embeddable":true,"href":"https:\/\/tabouleinfos.com\/index.php\/wp-json\/wp\/v2\/categories?post=11631"},{"taxonomy":"post_tag","embeddable":true,"href":"https:\/\/tabouleinfos.com\/index.php\/wp-json\/wp\/v2\/tags?post=11631"}],"curies":[{"name":"wp","href":"https:\/\/api.w.org\/{rel}","templated":true}]}}