{"id":11825,"date":"2024-05-24T11:47:41","date_gmt":"2024-05-24T11:47:41","guid":{"rendered":"https:\/\/tabouleinfos.com\/?p=11825"},"modified":"2024-05-24T11:49:02","modified_gmt":"2024-05-24T11:49:02","slug":"far-de-labe-kodda-koteress-magnifie-la-culture-guineenne","status":"publish","type":"post","link":"https:\/\/tabouleinfos.com\/index.php\/far-de-labe-kodda-koteress-magnifie-la-culture-guineenne\/","title":{"rendered":"FAR de Lab\u00e9 : Kodda Koteress magnifie la culture guin\u00e9enne"},"content":{"rendered":"<p><strong><span style=\"font-size: 16pt\">Depuis quelques jours, Kodda Koteress s\u00e9journe en Guin\u00e9e pour la 7\u00e8me \u00e9dition du Festival des Arts et du Rire de Lab\u00e9. Au compte de cet \u00e9v\u00e8nement, le c\u00e9l\u00e8bre humoriste et tiktokeur mauritanien a livr\u00e9 un spectacle au centre culturel \u00ab\u00a0Ka Werdh\u00e8\u00a0\u00bb.<\/span><\/strong><\/p>\n<p><span style=\"font-size: 16pt\">Avant de monter sur sc\u00e8ne dans la soir\u00e9e le jeudi 23 mai, il s&rsquo;est d&rsquo;abord confi\u00e9 aux hommes de m\u00e9dias. C&rsquo;\u00e9tait une occasion pour le tiktokeur de parler de la culture guin\u00e9enne qu&rsquo;il ch\u00e9rie tant.<\/span><\/p>\n<p><span style=\"font-size: 16pt\"><em>\u00ab\u00a0La culture guin\u00e9enne est tr\u00e8s magnifique. J\u2019ai bien aim\u00e9. Elle est vivante, et c\u2019est rare de voire cela en Afrique. De nos jours, beaucoup de cultures sont mortes. Mais en Guin\u00e9e, les \u00ab\u00a0guin\u00e9ens ont bien attrap\u00e9 leur culture\u00a0\u00bb. Celui qui perd sa culture, perd tout dans la vie. La Guin\u00e9e est un pays magnifique, la pluie ne se pr\u00e9pare pas \u00e7a vient quand il veut. Chez nous, il n&rsquo;y a pas \u00e7a.\u00a0\u00bb<\/em>, a-t-il d\u00e9clar\u00e9.<\/span><\/p>\n<p><a href=\"https:\/\/tabouleinfos.com\/wp-content\/uploads\/2024\/05\/Kodda-scaled.jpg\"><img loading=\"lazy\" decoding=\"async\" width=\"1024\" height=\"683\" class=\"alignnone size-large wp-image-11828\" src=\"https:\/\/tabouleinfos.com\/wp-content\/uploads\/2024\/05\/Kodda-1024x683.jpg\" alt=\"\" srcset=\"https:\/\/tabouleinfos.com\/wp-content\/uploads\/2024\/05\/Kodda-1024x683.jpg 1024w, https:\/\/tabouleinfos.com\/wp-content\/uploads\/2024\/05\/Kodda-300x200.jpg 300w, https:\/\/tabouleinfos.com\/wp-content\/uploads\/2024\/05\/Kodda-768x512.jpg 768w, https:\/\/tabouleinfos.com\/wp-content\/uploads\/2024\/05\/Kodda-1536x1024.jpg 1536w, https:\/\/tabouleinfos.com\/wp-content\/uploads\/2024\/05\/Kodda-2048x1365.jpg 2048w, https:\/\/tabouleinfos.com\/wp-content\/uploads\/2024\/05\/Kodda-696x464.jpg 696w, https:\/\/tabouleinfos.com\/wp-content\/uploads\/2024\/05\/Kodda-1068x712.jpg 1068w, https:\/\/tabouleinfos.com\/wp-content\/uploads\/2024\/05\/Kodda-630x420.jpg 630w, https:\/\/tabouleinfos.com\/wp-content\/uploads\/2024\/05\/Kodda-1920x1280.jpg 1920w, https:\/\/tabouleinfos.com\/wp-content\/uploads\/2024\/05\/Kodda-750x500.jpg 750w, https:\/\/tabouleinfos.com\/wp-content\/uploads\/2024\/05\/Kodda-1140x760.jpg 1140w\" sizes=\"auto, (max-width: 1024px) 100vw, 1024px\" \/><\/a><\/p>\n<p><span style=\"font-size: 16pt\">Impatiemment attendu au centre culturel Ka Werdh\u00e8, il est apparu dans le textile lepi et le poutorou de la Moyenne Guin\u00e9e. Chose qui a marqu\u00e9 le public. Pour sa prestation, le c\u00e9l\u00e8bre tiktokeur a r\u00e9ussi \u00e0 faire rire le public. En dehors de son talent de web humoriste, Kodda est un bon chanteur. A Lab\u00e9, il a surpris ses fans avec un de ses singles qui n&rsquo;est pas encore disponible.<\/span><\/p>\n<p><span style=\"font-size: 16pt\">Pour rappel, la 7\u00e8me \u00e9dition du Festival des Arts et du Rire de Lab\u00e9 c&rsquo;est du 21 au 26 mai 2024. Pour la journ\u00e9e de ce vendredi, le conteur et humoriste franco-camerounais Saidou Abatcha va se produire sur la sc\u00e8ne de Ka Werdh\u00e8.<\/span><\/p>\n<p><strong><span style=\"font-size: 16pt\">Aboubacar Fod\u00e9 Bangoura<\/span><\/strong><\/p>\n","protected":false},"excerpt":{"rendered":"<p>Depuis quelques jours, Kodda Koteress s\u00e9journe en Guin\u00e9e pour la 7\u00e8me \u00e9dition du Festival des Arts et du Rire de Lab\u00e9. Au compte de cet \u00e9v\u00e8nement, le c\u00e9l\u00e8bre humoriste et tiktokeur mauritanien a livr\u00e9 un spectacle au centre culturel \u00ab\u00a0Ka Werdh\u00e8\u00a0\u00bb. Avant de monter sur sc\u00e8ne dans la soir\u00e9e le jeudi 23 mai, il s&rsquo;est [&hellip;]<\/p>\n","protected":false},"author":5,"featured_media":11827,"comment_status":"closed","ping_status":"closed","sticky":false,"template":"","format":"standard","meta":{"footnotes":""},"categories":[21,2,25],"tags":[],"class_list":{"0":"post-11825","1":"post","2":"type-post","3":"status-publish","4":"format-standard","5":"has-post-thumbnail","7":"category-events","8":"category-featured","9":"category-news"},"_links":{"self":[{"href":"https:\/\/tabouleinfos.com\/index.php\/wp-json\/wp\/v2\/posts\/11825","targetHints":{"allow":["GET"]}}],"collection":[{"href":"https:\/\/tabouleinfos.com\/index.php\/wp-json\/wp\/v2\/posts"}],"about":[{"href":"https:\/\/tabouleinfos.com\/index.php\/wp-json\/wp\/v2\/types\/post"}],"author":[{"embeddable":true,"href":"https:\/\/tabouleinfos.com\/index.php\/wp-json\/wp\/v2\/users\/5"}],"replies":[{"embeddable":true,"href":"https:\/\/tabouleinfos.com\/index.php\/wp-json\/wp\/v2\/comments?post=11825"}],"version-history":[{"count":0,"href":"https:\/\/tabouleinfos.com\/index.php\/wp-json\/wp\/v2\/posts\/11825\/revisions"}],"wp:featuredmedia":[{"embeddable":true,"href":"https:\/\/tabouleinfos.com\/index.php\/wp-json\/wp\/v2\/media\/11827"}],"wp:attachment":[{"href":"https:\/\/tabouleinfos.com\/index.php\/wp-json\/wp\/v2\/media?parent=11825"}],"wp:term":[{"taxonomy":"category","embeddable":true,"href":"https:\/\/tabouleinfos.com\/index.php\/wp-json\/wp\/v2\/categories?post=11825"},{"taxonomy":"post_tag","embeddable":true,"href":"https:\/\/tabouleinfos.com\/index.php\/wp-json\/wp\/v2\/tags?post=11825"}],"curies":[{"name":"wp","href":"https:\/\/api.w.org\/{rel}","templated":true}]}}