{"id":11902,"date":"2024-05-30T07:19:16","date_gmt":"2024-05-30T07:19:16","guid":{"rendered":"https:\/\/tabouleinfos.com\/?p=11902"},"modified":"2024-05-30T07:23:58","modified_gmt":"2024-05-30T07:23:58","slug":"far-de-labe-black-m-tete-daffiche-de-la-prochaine-edition","status":"publish","type":"post","link":"https:\/\/tabouleinfos.com\/index.php\/far-de-labe-black-m-tete-daffiche-de-la-prochaine-edition\/","title":{"rendered":"FAR de Lab\u00e9 : Black M t\u00eate d\u2019affiche de la prochaine \u00e9dition"},"content":{"rendered":"<p><span style=\"font-size: 16pt\"><strong>Black M \u00e0 Lab\u00e9 en 2025\u00a0pour le Festival des Arts et du Rire ? Rien n\u2019est encore confirm\u00e9, mais c\u2019est le souhait le plus ardent de Mamadou Thug et sa structure Soudou Dardia Prod. <\/strong><\/span><\/p>\n<p><span style=\"font-size: 16pt\">La 7<sup>\u00e8me<\/sup> \u00e9dition du Festival des Arts et du Rire s\u2019est tenue la semaine derni\u00e8re \u00e0 Lab\u00e9. L\u2019\u00e9v\u00e9nement avait pour t\u00eates d\u2019affiche : le conteur-humoriste franco-camerounais <strong>Saidou Abatcha<\/strong> et le c\u00e9l\u00e8bre humoriste-tiktokeur mauritanien <strong>Kodda Koteress<\/strong>. Du c\u00f4t\u00e9 de la Guin\u00e9e, il y avait Ousmane Paikoun, Araphan DJ\u2026 Pour l\u2019ann\u00e9e prochaine, le FAR aimerait avoir comme invit\u00e9 le rappeur franco-guin\u00e9en.<\/span><\/p>\n<p><span style=\"font-size: 16pt\">En entretien avec les m\u00e9dias depuis la ville de Karamoko Alpha Mo Lab\u00e9, Mamadou Thug a laiss\u00e9 entendre que\u00a0: <em>\u00ab\u00a0Pour la 8<sup>\u00e8me<\/sup> \u00e9dition, je ferai tout pour que le FAR 8 qu\u2019on ait comme t\u00eate d\u2019affiche Black M.\u00a0Il va partager ses exp\u00e9riences avec les artistes guin\u00e9ens. Il est l\u2019ambassadeur de ce festival.\u00bb<\/em>, a d\u00e9clar\u00e9 le commissaire g\u00e9n\u00e9ral du Festival des Arts et du Rire.<\/span><\/p>\n<p><span style=\"font-size: 16pt\">Parlant du FAR 2024, il a fait savoir que\u00a0: <em>\u00ab\u00a0Black M allait venir suivre ce festival, mais venir suivre n\u2019\u00e9tait pas assez int\u00e9ressant. Il voulait aussi offrir un spectacle ce qui a pr\u00e9valu l\u2019am\u00e9nagement de cet espace Ka Werdh\u00e8. Mais on s\u2019est dit qu\u2019il ne vient pas, parce qu\u2019on n\u2019a pas eu d\u2019accompagnement. On ne nous a pas aid\u00e9s. On ne peut pas prendre en charge m\u00eame son transport. A plus forte raison, lui offrir des cadeaux. On a dit de sursoir et prendre les autres.\u00bb<\/em>, \u00a0\u00a0\u00a0\u00a0<\/span><\/p>\n<p><span style=\"font-size: 16pt\">Pour rappel, la 7<sup>\u00e8me<\/sup> \u00e9dition du Festival des Arts et du Rire de Lab\u00e9 a eu lieu, du 21 au 26 mai dernier au Centre Culturel Ka Werdh\u00e8 avec pour th\u00e8me \u00a0\u00bbNamoundji Mein\u00a0\u00bb.<\/span><\/p>\n<p><span style=\"font-size: 16pt\"><strong>Aboubacar Fod\u00e9 Bangoura<\/strong><\/span><\/p>\n","protected":false},"excerpt":{"rendered":"<p>Black M \u00e0 Lab\u00e9 en 2025\u00a0pour le Festival des Arts et du Rire ? Rien n\u2019est encore confirm\u00e9, mais c\u2019est le souhait le plus ardent de Mamadou Thug et sa structure Soudou Dardia Prod. La 7\u00e8me \u00e9dition du Festival des Arts et du Rire s\u2019est tenue la semaine derni\u00e8re \u00e0 Lab\u00e9. L\u2019\u00e9v\u00e9nement avait pour t\u00eates [&hellip;]<\/p>\n","protected":false},"author":5,"featured_media":11905,"comment_status":"closed","ping_status":"closed","sticky":false,"template":"","format":"standard","meta":{"footnotes":""},"categories":[21,2],"tags":[],"class_list":{"0":"post-11902","1":"post","2":"type-post","3":"status-publish","4":"format-standard","5":"has-post-thumbnail","7":"category-events","8":"category-featured"},"_links":{"self":[{"href":"https:\/\/tabouleinfos.com\/index.php\/wp-json\/wp\/v2\/posts\/11902","targetHints":{"allow":["GET"]}}],"collection":[{"href":"https:\/\/tabouleinfos.com\/index.php\/wp-json\/wp\/v2\/posts"}],"about":[{"href":"https:\/\/tabouleinfos.com\/index.php\/wp-json\/wp\/v2\/types\/post"}],"author":[{"embeddable":true,"href":"https:\/\/tabouleinfos.com\/index.php\/wp-json\/wp\/v2\/users\/5"}],"replies":[{"embeddable":true,"href":"https:\/\/tabouleinfos.com\/index.php\/wp-json\/wp\/v2\/comments?post=11902"}],"version-history":[{"count":0,"href":"https:\/\/tabouleinfos.com\/index.php\/wp-json\/wp\/v2\/posts\/11902\/revisions"}],"wp:featuredmedia":[{"embeddable":true,"href":"https:\/\/tabouleinfos.com\/index.php\/wp-json\/wp\/v2\/media\/11905"}],"wp:attachment":[{"href":"https:\/\/tabouleinfos.com\/index.php\/wp-json\/wp\/v2\/media?parent=11902"}],"wp:term":[{"taxonomy":"category","embeddable":true,"href":"https:\/\/tabouleinfos.com\/index.php\/wp-json\/wp\/v2\/categories?post=11902"},{"taxonomy":"post_tag","embeddable":true,"href":"https:\/\/tabouleinfos.com\/index.php\/wp-json\/wp\/v2\/tags?post=11902"}],"curies":[{"name":"wp","href":"https:\/\/api.w.org\/{rel}","templated":true}]}}