{"id":11957,"date":"2024-06-04T11:11:41","date_gmt":"2024-06-04T11:11:41","guid":{"rendered":"https:\/\/tabouleinfos.com\/?p=11957"},"modified":"2024-06-04T11:11:41","modified_gmt":"2024-06-04T11:11:41","slug":"guinee-fashion-fest-cest-parti-pour-la-6e-edition","status":"publish","type":"post","link":"https:\/\/tabouleinfos.com\/index.php\/guinee-fashion-fest-cest-parti-pour-la-6e-edition\/","title":{"rendered":"Guin\u00e9e Fashion Fest : c&rsquo;est parti pour la 6e \u00e9dition"},"content":{"rendered":"<p><span style=\"font-size: 16pt\"><strong>La capitale guin\u00e9enne vibre d\u00e9j\u00e0 au rythme de la 6\u00e8me \u00e9dition de Guin\u00e9e Fashion Fest. Le lancement de cet \u00e9v\u00e9nement de mode a eu lieu au Centre Culturel Franco Guin\u00e9en, le lundi 3 juin 2024.<\/strong>\u00a0<\/span><\/p>\n<p><span style=\"font-size: 16pt\"><strong>\u2018\u2019Comment d\u00e9velopper une mode \u00e9thique\u2019\u2019<\/strong> est le th\u00e8me de cette ann\u00e9e avec 20 pays invit\u00e9s dont la Guin\u00e9e. Organis\u00e9e par<strong> Binta and Mina Foundation Guinea<\/strong>, cette 6\u00e8me \u00e9dition se d\u00e9roulera sur diff\u00e9rents sites du 3 au 9 juin 2024.\u00a0<\/span><\/p>\n<p><span style=\"font-size: 16pt\">Au Centre Culturel Franco Guin\u00e9en, la c\u00e9r\u00e9monie d&rsquo;ouverture a r\u00e9uni des stylistes, mannequins, passionn\u00e9s de la mode. Sans oublier la pr\u00e9sence du Directeur G\u00e9n\u00e9ral du Fonds de D\u00e9veloppement des Arts et de la Culture (FODAC).\u00a0<\/span><\/p>\n<p><a href=\"https:\/\/tabouleinfos.com\/wp-content\/uploads\/2024\/06\/binta-diallo-scaled.jpg\"><img loading=\"lazy\" decoding=\"async\" width=\"1024\" height=\"562\" class=\"alignnone wp-image-11959 size-large\" src=\"https:\/\/tabouleinfos.com\/wp-content\/uploads\/2024\/06\/binta-diallo-1024x562.jpg\" alt=\"\" srcset=\"https:\/\/tabouleinfos.com\/wp-content\/uploads\/2024\/06\/binta-diallo-1024x562.jpg 1024w, https:\/\/tabouleinfos.com\/wp-content\/uploads\/2024\/06\/binta-diallo-300x165.jpg 300w, https:\/\/tabouleinfos.com\/wp-content\/uploads\/2024\/06\/binta-diallo-768x422.jpg 768w, https:\/\/tabouleinfos.com\/wp-content\/uploads\/2024\/06\/binta-diallo-1536x843.jpg 1536w, https:\/\/tabouleinfos.com\/wp-content\/uploads\/2024\/06\/binta-diallo-2048x1124.jpg 2048w, https:\/\/tabouleinfos.com\/wp-content\/uploads\/2024\/06\/binta-diallo-696x382.jpg 696w, https:\/\/tabouleinfos.com\/wp-content\/uploads\/2024\/06\/binta-diallo-1068x586.jpg 1068w, https:\/\/tabouleinfos.com\/wp-content\/uploads\/2024\/06\/binta-diallo-765x420.jpg 765w, https:\/\/tabouleinfos.com\/wp-content\/uploads\/2024\/06\/binta-diallo-1920x1054.jpg 1920w, https:\/\/tabouleinfos.com\/wp-content\/uploads\/2024\/06\/binta-diallo-750x412.jpg 750w, https:\/\/tabouleinfos.com\/wp-content\/uploads\/2024\/06\/binta-diallo-1140x626.jpg 1140w\" sizes=\"auto, (max-width: 1024px) 100vw, 1024px\" \/><\/a><\/p>\n<p><span style=\"font-size: 16pt\">Selon <strong>Binta Diallo<\/strong>, coordinatrice du festival : <em>\u00ab\u00a0Le but de Guin\u00e9e Fashion Fest, c\u2019est de promouvoir les jeunes stylistes guin\u00e9ens qui ne sont pas connus \u00e0 travers cette plateforme, leur donner un peu de visibilit\u00e9 au niveau national et international.\u00bb<\/em>, a-t-elle rappel\u00e9.\u00a0<\/span><\/p>\n<p style=\"text-align: left\"><span style=\"font-size: 16pt\">De son c\u00f4t\u00e9, <strong>Aminata Diallo<\/strong>, co-organisatrice de l&rsquo;\u00e9v\u00e9nement a fait savoir que : <em>\u00ab\u00a0Guin\u00e9e Fashion Fest est devenu un rendez-vous incontournable pour les acteurs de la mode guin\u00e9enne et internationale avec la participation de plus de 150 professionnels de la mode africaine. Cette \u00e9dition 2024 vient c\u00e9l\u00e9brer la cr\u00e9ativit\u00e9, l\u2019engagement et le talent de nos stylistes et cr\u00e9ateurs qui par leur passion et leur travail font rayonner la Guin\u00e9e sur la sc\u00e8ne international. Nous c\u00e9l\u00e9brons \u00e9galement l\u2019unit\u00e9 et la diversit\u00e9.\u00bb<\/em>, dit-elle.\u00a0<\/span><\/p>\n<p><span style=\"font-size: 16pt\">Concernant le th\u00e8me de cette ann\u00e9e, elle a soulign\u00e9 que : <em>\u2018\u2019Comment d\u00e9velopper une mode \u00e9thique\u2019\u2019 est plus pertinent dans un contexte o\u00f9 les d\u00e9fis environnementaux nous interpellent tous et o\u00f9 il est imp\u00e9ratif de sensibiliser les acteurs du secteur de la mode \u00e0 une approche pure \u00e9cologique et durable. Cela t\u00e9moigne que la mode en particulier et la culture en g\u00e9n\u00e9ral sont les vecteurs de d\u00e9veloppement et du dialogue.\u00a0\u00bb<\/em><\/span><\/p>\n<p><a href=\"https:\/\/tabouleinfos.com\/wp-content\/uploads\/2024\/06\/Fernande-Natuo.jpg\"><img loading=\"lazy\" decoding=\"async\" width=\"720\" height=\"383\" class=\"alignnone size-full wp-image-11960\" src=\"https:\/\/tabouleinfos.com\/wp-content\/uploads\/2024\/06\/Fernande-Natuo.jpg\" alt=\"\" srcset=\"https:\/\/tabouleinfos.com\/wp-content\/uploads\/2024\/06\/Fernande-Natuo.jpg 720w, https:\/\/tabouleinfos.com\/wp-content\/uploads\/2024\/06\/Fernande-Natuo-300x160.jpg 300w, https:\/\/tabouleinfos.com\/wp-content\/uploads\/2024\/06\/Fernande-Natuo-696x370.jpg 696w\" sizes=\"auto, (max-width: 720px) 100vw, 720px\" \/><\/a><\/p>\n<p><span style=\"font-size: 16pt\">Pr\u00e9sente \u00e0 cette c\u00e9r\u00e9monie, <strong>Fernande Natuo Maniimou<\/strong>, Miss Guin\u00e9e Foresti\u00e8re 2023 et \u00e9g\u00e9rie de cette 6\u00e8me \u00e9dition a fait une invite au public Guin\u00e9en. <em>\u00ab\u00a0Venez \u00e0 Guin\u00e9e Fashion Fest de cette ann\u00e9e et des ann\u00e9es \u00e0 venir. Parce que c\u2019est un sp\u00e9cial qu\u2019il ne faut pas manquer. \u00c7a parle de mode, de v\u00eatements et d\u2019accessoires\u2026 Nous sommes tous li\u00e9s d\u2019une mani\u00e8re ou d\u2019une autre \u00e0 la mode.\u00bb<\/em><\/span><\/p>\n<p><span style=\"font-size: 16pt\">Le programme\u00a0<\/span><\/p>\n<p><a href=\"https:\/\/tabouleinfos.com\/wp-content\/uploads\/2024\/06\/1717499192267.jpg\"><img loading=\"lazy\" decoding=\"async\" width=\"720\" height=\"900\" class=\"alignnone size-full wp-image-11963\" src=\"https:\/\/tabouleinfos.com\/wp-content\/uploads\/2024\/06\/1717499192267.jpg\" alt=\"\" srcset=\"https:\/\/tabouleinfos.com\/wp-content\/uploads\/2024\/06\/1717499192267.jpg 720w, https:\/\/tabouleinfos.com\/wp-content\/uploads\/2024\/06\/1717499192267-240x300.jpg 240w, https:\/\/tabouleinfos.com\/wp-content\/uploads\/2024\/06\/1717499192267-696x870.jpg 696w, https:\/\/tabouleinfos.com\/wp-content\/uploads\/2024\/06\/1717499192267-336x420.jpg 336w\" sizes=\"auto, (max-width: 720px) 100vw, 720px\" \/><\/a><\/p>\n<p><strong><span style=\"font-size: 16pt\">Aboubacar Fod\u00e9 Bangoura<\/span><\/strong><\/p>\n","protected":false},"excerpt":{"rendered":"<p>La capitale guin\u00e9enne vibre d\u00e9j\u00e0 au rythme de la 6\u00e8me \u00e9dition de Guin\u00e9e Fashion Fest. Le lancement de cet \u00e9v\u00e9nement de mode a eu lieu au Centre Culturel Franco Guin\u00e9en, le lundi 3 juin 2024.\u00a0 \u2018\u2019Comment d\u00e9velopper une mode \u00e9thique\u2019\u2019 est le th\u00e8me de cette ann\u00e9e avec 20 pays invit\u00e9s dont la Guin\u00e9e. Organis\u00e9e par [&hellip;]<\/p>\n","protected":false},"author":5,"featured_media":11961,"comment_status":"closed","ping_status":"closed","sticky":false,"template":"","format":"standard","meta":{"footnotes":""},"categories":[21,2,27],"tags":[],"class_list":{"0":"post-11957","1":"post","2":"type-post","3":"status-publish","4":"format-standard","5":"has-post-thumbnail","7":"category-events","8":"category-featured","9":"category-mode"},"_links":{"self":[{"href":"https:\/\/tabouleinfos.com\/index.php\/wp-json\/wp\/v2\/posts\/11957","targetHints":{"allow":["GET"]}}],"collection":[{"href":"https:\/\/tabouleinfos.com\/index.php\/wp-json\/wp\/v2\/posts"}],"about":[{"href":"https:\/\/tabouleinfos.com\/index.php\/wp-json\/wp\/v2\/types\/post"}],"author":[{"embeddable":true,"href":"https:\/\/tabouleinfos.com\/index.php\/wp-json\/wp\/v2\/users\/5"}],"replies":[{"embeddable":true,"href":"https:\/\/tabouleinfos.com\/index.php\/wp-json\/wp\/v2\/comments?post=11957"}],"version-history":[{"count":0,"href":"https:\/\/tabouleinfos.com\/index.php\/wp-json\/wp\/v2\/posts\/11957\/revisions"}],"wp:featuredmedia":[{"embeddable":true,"href":"https:\/\/tabouleinfos.com\/index.php\/wp-json\/wp\/v2\/media\/11961"}],"wp:attachment":[{"href":"https:\/\/tabouleinfos.com\/index.php\/wp-json\/wp\/v2\/media?parent=11957"}],"wp:term":[{"taxonomy":"category","embeddable":true,"href":"https:\/\/tabouleinfos.com\/index.php\/wp-json\/wp\/v2\/categories?post=11957"},{"taxonomy":"post_tag","embeddable":true,"href":"https:\/\/tabouleinfos.com\/index.php\/wp-json\/wp\/v2\/tags?post=11957"}],"curies":[{"name":"wp","href":"https:\/\/api.w.org\/{rel}","templated":true}]}}