{"id":12034,"date":"2024-06-20T18:59:18","date_gmt":"2024-06-20T18:59:18","guid":{"rendered":"https:\/\/tabouleinfos.com\/?p=12034"},"modified":"2024-06-20T18:59:18","modified_gmt":"2024-06-20T18:59:18","slug":"concert-audace-straiker-et-son-equipe-face-a-la-presse","status":"publish","type":"post","link":"https:\/\/tabouleinfos.com\/index.php\/concert-audace-straiker-et-son-equipe-face-a-la-presse\/","title":{"rendered":"Concert AUDACE : Straiker et son \u00e9quipe face \u00e0 la presse"},"content":{"rendered":"<p><span style=\"font-size: 16pt\"><strong>Le 28 septembre prochain, Ibrahima Sory Bah alias Straiker va livrer son tout premier concert \u00e0 grand public en France. L&rsquo;\u00e9v\u00e9nement aura lieu au Cabaret Sauvage de Paris.<\/strong>\u00a0<\/span><\/p>\n<p><span style=\"font-size: 16pt\">Ce jeudi 20 juin 2024, le rappeur et son \u00e9quipe manag\u00e9riale ont anim\u00e9 une conf\u00e9rence \u00e0 la maison de presse \u00e0 Conakry. Objectif, parler de ce projet musical aux hommes de m\u00e9dias. <\/span><br \/>\n<span style=\"font-size: 16pt\">A cette occasion, Mamadou Lamaranah Bah, producteur de Stra\u00efker est revenu sur la gen\u00e8se de cette initiative. <em>\u00ab\u00a0AUDACE est un projet qu&rsquo;on a initi\u00e9 avec l&rsquo;un de mes grand fr\u00e8re Mansour de Masta x en 2015. Cest un mouvement qui a beaucoup de branches. On va prendre la branche culturelle alors, AUDACE qui signifie action ultime pour d\u00e9veloppement des arts de la culture et de son \u00e9conomie. Aujourd&rsquo;hui, on s&rsquo;est r\u00e9unit pour parler de culture et comment d\u00e9velopper cette industrie. C\u2019est autour de \u00e7a que j&rsquo;accompagne mon jeune fr\u00e8re straiker.\u00a0\u00bb<\/em>, dit-il.<\/span><\/p>\n<p><span style=\"font-size: 16pt\">Et d&rsquo;ajouter :<em> \u00ab\u00a0On a d\u00e9j\u00e0 fait un \u00e9v\u00e9nement qui s&rsquo;est pass\u00e9 \u00e0 Labe. Donc, on a d\u00e9cid\u00e9 de conqu\u00e9rir un peu l&rsquo;Europe en faisant la salle mytique Cabaret sausage. Un \u00e9v\u00e9nement qu&rsquo;on appelle AUDACE. il faut OSER. C\u2019est un nouvel avenir pour la culture guin\u00e9enne qu&rsquo;on veut appoter a cette nouvelle g\u00e9n\u00e9ration dans les salles conventionelles. C\u2019est dans \u00e7a qu&rsquo;on a pris straiker, le groupe D\u00e9potoir, Pok\u00e9mon Gnakry. On va aller conqu\u00e9rir le monde avec ces artistes. On va voir ce que \u00e7a va donner pour une premi\u00e8re dans une salle de 1300 places. C&rsquo;est raisonnable, on peut le faire\u00a0\u00bb, a promis le boss de la structure sans neuf.<\/em><\/span><\/p>\n<p><span style=\"font-size: 16pt\"><em>Par ailleurs, Mamadou Lamarana a fait savoir que : \u00ab\u00a0AUDACE c&rsquo;est plus qu&rsquo;une vision. C\u2019est un projet aussi solidaire parce que les fonds recolt\u00e9s seront destin\u00e9s \u00e0 accompagner quelques artistes qui ont des probl\u00e8mes de sant\u00e9. Sur chaque ticket vendu, on prendra une somme de 3 \u00e0 4 euro pour les accompagner\u00a0\u00bb,<\/em> a-t-il affirm\u00e9.<\/span><\/p>\n<p><span style=\"font-size: 16pt\">De son c\u00f4t\u00e9, le rappeur Stra\u00efker a soulign\u00e9 que \u00ab\u00a0AUDACE\u00a0\u00bb est son premier concert \u00e0 l\u2019ext\u00e9rieur du pays. <em>\u00ab\u00a0Je suis enthousiasm\u00e9 par cette nouvelle. Nous avons longtemps voulu faire un concert en Europe, particuli\u00e8rement \u00e0 Paris, en raison de la forte demande. Nous attendions le bon moment et le bon projet. Ce n\u2019est pas seulement un concert, mais un \u00e9v\u00e9nement qui va marquer les esprits et apporter quelque chose \u00e0 la culture guin\u00e9enne. Nous sommes des ambassadeurs et des d\u00e9fenseurs de cette culture. C\u2019est pourquoi nous avons choisi le Cabaret Sauvage. Je suis vraiment enthousiaste\u00a0\u00bb<\/em>, a laiss\u00e9 entendre l&rsquo;artiste.<\/span><\/p>\n<p><span style=\"font-size: 16pt\">Pour rappel, ce vendredi 21 juin, Stra\u00efker livrera un concert au Centre Culturel Franco-Guin\u00e9en. Cet \u00e9v\u00e9nement s&rsquo;inscrit dans le cadre de la f\u00eate internationale de la musique.<\/span><\/p>\n<p><strong><span style=\"font-size: 16pt\">Facely Diawara<\/span><\/strong><\/p>\n","protected":false},"excerpt":{"rendered":"<p>Le 28 septembre prochain, Ibrahima Sory Bah alias Straiker va livrer son tout premier concert \u00e0 grand public en France. L&rsquo;\u00e9v\u00e9nement aura lieu au Cabaret Sauvage de Paris.\u00a0 Ce jeudi 20 juin 2024, le rappeur et son \u00e9quipe manag\u00e9riale ont anim\u00e9 une conf\u00e9rence \u00e0 la maison de presse \u00e0 Conakry. Objectif, parler de ce projet [&hellip;]<\/p>\n","protected":false},"author":5,"featured_media":12036,"comment_status":"closed","ping_status":"closed","sticky":false,"template":"","format":"standard","meta":{"footnotes":""},"categories":[21,2],"tags":[],"class_list":{"0":"post-12034","1":"post","2":"type-post","3":"status-publish","4":"format-standard","5":"has-post-thumbnail","7":"category-events","8":"category-featured"},"_links":{"self":[{"href":"https:\/\/tabouleinfos.com\/index.php\/wp-json\/wp\/v2\/posts\/12034","targetHints":{"allow":["GET"]}}],"collection":[{"href":"https:\/\/tabouleinfos.com\/index.php\/wp-json\/wp\/v2\/posts"}],"about":[{"href":"https:\/\/tabouleinfos.com\/index.php\/wp-json\/wp\/v2\/types\/post"}],"author":[{"embeddable":true,"href":"https:\/\/tabouleinfos.com\/index.php\/wp-json\/wp\/v2\/users\/5"}],"replies":[{"embeddable":true,"href":"https:\/\/tabouleinfos.com\/index.php\/wp-json\/wp\/v2\/comments?post=12034"}],"version-history":[{"count":0,"href":"https:\/\/tabouleinfos.com\/index.php\/wp-json\/wp\/v2\/posts\/12034\/revisions"}],"wp:featuredmedia":[{"embeddable":true,"href":"https:\/\/tabouleinfos.com\/index.php\/wp-json\/wp\/v2\/media\/12036"}],"wp:attachment":[{"href":"https:\/\/tabouleinfos.com\/index.php\/wp-json\/wp\/v2\/media?parent=12034"}],"wp:term":[{"taxonomy":"category","embeddable":true,"href":"https:\/\/tabouleinfos.com\/index.php\/wp-json\/wp\/v2\/categories?post=12034"},{"taxonomy":"post_tag","embeddable":true,"href":"https:\/\/tabouleinfos.com\/index.php\/wp-json\/wp\/v2\/tags?post=12034"}],"curies":[{"name":"wp","href":"https:\/\/api.w.org\/{rel}","templated":true}]}}