{"id":12313,"date":"2024-08-22T12:55:37","date_gmt":"2024-08-22T12:55:37","guid":{"rendered":"https:\/\/tabouleinfos.com\/?p=12313"},"modified":"2024-08-22T12:56:18","modified_gmt":"2024-08-22T12:56:18","slug":"lartiste-rokia-traore-bientot-assignee-a-residence-a-rome","status":"publish","type":"post","link":"https:\/\/tabouleinfos.com\/index.php\/lartiste-rokia-traore-bientot-assignee-a-residence-a-rome\/","title":{"rendered":"L&rsquo;artiste Rokia Traor\u00e9 bient\u00f4t assign\u00e9e \u00e0 r\u00e9sidence \u00e0 Rome?"},"content":{"rendered":"<p><span style=\"font-size: 16pt\"><strong>La chanteuse et compositrice malienne, Rokia, est incarc\u00e9r\u00e9e depuis deux mois en Italie en vertu d\u2019un mandat d\u2019arr\u00eat europ\u00e9en \u00e9mis par la Belgique. Cette incarc\u00e9ration est li\u00e9e \u00e0 un litige avec son ex-conjoint, qui dure depuis 2019, au sujet de la garde de leur fille. Jeudi 22 ao\u00fbt, une nouvelle \u00e9tape est franchie dans cette affaire : la Cour supr\u00eame de cassation pourrait accepter l&rsquo;assignation \u00e0 r\u00e9sidence de la chanteuse dans la capitale italienne.<\/strong><\/span><\/p>\n<p><span style=\"font-size: 16pt\">Arr\u00eat\u00e9e le 20 juin, alors qu\u2019elle devait donner un concert le lendemain dans le cadre d\u2019un festival de musique au Colis\u00e9e, la c\u00e9l\u00e8bre chanteuse malienne, Rokia Traor\u00e9, est d\u00e9tenue dans une prison pour femmes \u00e0 Civitavecchia, ville portuaire non loin de Rome.<\/span><\/p>\n<p><span style=\"font-size: 16pt\">Rokia Traor\u00e9 avait en effet \u00e9t\u00e9 condamn\u00e9e en octobre 2023 \u00e0 deux ans d\u2019emprisonnement par la justice belge pour la non-repr\u00e9sentation de leur fille \u00e0 son ex-compagnon, le dramaturge belge Jan Goossens. La chanteuse aurait agi ainsi en raison d\u2019une plainte d\u00e9pos\u00e9e \u00e0 l&rsquo;encontre de celui-ci pour attouchements sexuels sur l&rsquo;enfant.<\/span><\/p>\n<p><span style=\"font-size: 16pt\">Depuis son arrestation, deux audiences ont eu lieu \u00e0 la cour d\u2019appel de Rome. La plus importante \u00e9tant celle du 13 juillet o\u00f9 son avocate, Maddalena Claudia Del Re, a invoqu\u00e9 des vices de proc\u00e9dure dans sa condamnation \u00e0 deux ans de r\u00e9clusion prononc\u00e9e l&rsquo;ann\u00e9e derni\u00e8re. Elle a obtenu des juges italiens que l\u2019affaire soit renvoy\u00e9e devant la Cour de Justice europ\u00e9enne, qui devra statuer sur la lib\u00e9ration ou l&rsquo;extradition de l&rsquo;artiste vers la Belgique.<\/span><\/p>\n<p><span style=\"font-size: 16pt\">En attendant, la Cour de cassation se r\u00e9unira jeudi 22 ao\u00fbt \u00e0 huis clos pour se prononcer sur la demande d\u2019assignation \u00e0 r\u00e9sidence \u00e0 Rome de Rokia Traor\u00e9, qui am\u00e9liorerait sensiblement ses conditions de vie.<\/span><\/p>\n<p><span style=\"font-size: 16pt\">Source : <span style=\"color: #3366ff\"><a style=\"color: #3366ff\" href=\"https:\/\/www.rfi.fr\/fr\/afrique\/20240821-la-chanteuse-malienne-rokia-traor%C3%A9-bient%C3%B4t-assign%C3%A9e-%C3%A0-r%C3%A9sidence-%C3%A0-rome\"><strong>rfi.fr<\/strong><\/a><\/span><\/span><\/p>\n","protected":false},"excerpt":{"rendered":"<p>La chanteuse et compositrice malienne, Rokia, est incarc\u00e9r\u00e9e depuis deux mois en Italie en vertu d\u2019un mandat d\u2019arr\u00eat europ\u00e9en \u00e9mis par la Belgique. Cette incarc\u00e9ration est li\u00e9e \u00e0 un litige avec son ex-conjoint, qui dure depuis 2019, au sujet de la garde de leur fille. Jeudi 22 ao\u00fbt, une nouvelle \u00e9tape est franchie dans cette [&hellip;]<\/p>\n","protected":false},"author":5,"featured_media":12315,"comment_status":"closed","ping_status":"closed","sticky":false,"template":"","format":"standard","meta":{"footnotes":""},"categories":[2,24],"tags":[],"class_list":{"0":"post-12313","1":"post","2":"type-post","3":"status-publish","4":"format-standard","5":"has-post-thumbnail","7":"category-featured","8":"category-people"},"_links":{"self":[{"href":"https:\/\/tabouleinfos.com\/index.php\/wp-json\/wp\/v2\/posts\/12313","targetHints":{"allow":["GET"]}}],"collection":[{"href":"https:\/\/tabouleinfos.com\/index.php\/wp-json\/wp\/v2\/posts"}],"about":[{"href":"https:\/\/tabouleinfos.com\/index.php\/wp-json\/wp\/v2\/types\/post"}],"author":[{"embeddable":true,"href":"https:\/\/tabouleinfos.com\/index.php\/wp-json\/wp\/v2\/users\/5"}],"replies":[{"embeddable":true,"href":"https:\/\/tabouleinfos.com\/index.php\/wp-json\/wp\/v2\/comments?post=12313"}],"version-history":[{"count":0,"href":"https:\/\/tabouleinfos.com\/index.php\/wp-json\/wp\/v2\/posts\/12313\/revisions"}],"wp:featuredmedia":[{"embeddable":true,"href":"https:\/\/tabouleinfos.com\/index.php\/wp-json\/wp\/v2\/media\/12315"}],"wp:attachment":[{"href":"https:\/\/tabouleinfos.com\/index.php\/wp-json\/wp\/v2\/media?parent=12313"}],"wp:term":[{"taxonomy":"category","embeddable":true,"href":"https:\/\/tabouleinfos.com\/index.php\/wp-json\/wp\/v2\/categories?post=12313"},{"taxonomy":"post_tag","embeddable":true,"href":"https:\/\/tabouleinfos.com\/index.php\/wp-json\/wp\/v2\/tags?post=12313"}],"curies":[{"name":"wp","href":"https:\/\/api.w.org\/{rel}","templated":true}]}}