{"id":12475,"date":"2024-09-12T11:34:35","date_gmt":"2024-09-12T11:34:35","guid":{"rendered":"https:\/\/tabouleinfos.com\/?p=12475"},"modified":"2024-09-12T11:34:35","modified_gmt":"2024-09-12T11:34:35","slug":"koba-lad-implique-dans-un-accident-mortel-etait-sous-lemprise-de-stupefiants","status":"publish","type":"post","link":"https:\/\/tabouleinfos.com\/index.php\/koba-lad-implique-dans-un-accident-mortel-etait-sous-lemprise-de-stupefiants\/","title":{"rendered":"Koba LaD, impliqu\u00e9 dans un accident mortel, \u00e9tait sous l&#8217;emprise de stup\u00e9fiants"},"content":{"rendered":"<p><strong><span style=\"font-size: 16pt\">Accident mortel dans le Val-de-Marne : le rappeur Koba LaD \u00e9tait sous l\u2019empire de stup\u00e9fiants. <\/span><span style=\"font-size: 16pt\">Une enqu\u00eate a \u00e9t\u00e9 ouverte pour homicide involontaire par conducteur et blessures involontaires par conducteur, a pr\u00e9cis\u00e9 le parquet.<\/span><\/strong><\/p>\n<p><span style=\"font-size: 16pt\">Le rappeur Koba LaD, impliqu\u00e9 dans un accident mortel \u00e0 Cr\u00e9teil dans la nuit de mardi \u00e0 mercredi, \u00e9tait sous l\u2019empire de \u00ab stup\u00e9fiants \u00bb lors des faits, a indiqu\u00e9 jeudi le parquet de Cr\u00e9teil. \u00ab Pas encore \u00bb plac\u00e9 en garde \u00e0 vue en raison de son hospitalisation selon cette source ce jeudi matin, l\u2019artiste \u00e9tait au volant au moment de cet accident qui a tu\u00e9 un de ses passagers.<\/span><\/p>\n<p><span style=\"font-size: 16pt\">Une enqu\u00eate a \u00e9t\u00e9 ouverte pour homicide involontaire par conducteur et blessures involontaires par conducteur, a pr\u00e9cis\u00e9 le parquet.<\/span><\/p>\n<p><span style=\"font-size: 16pt\">Le rappeur de 24 ans, qui r\u00e9side en Essonne, \u00e9tait au volant mardi soir, avait d\u00e9taill\u00e9 une source proche du dossier, quand son v\u00e9hicule, une berline sportive de luxe, est arriv\u00e9 \u00ab \u00e0 pleine vitesse \u00bb sur une bretelle de sortie d\u2019une station essence sur l\u2019autoroute A86 et a percut\u00e9 un poids lourd qui stationnait.<\/span><br \/>\n<span style=\"font-size: 16pt\">Condamn\u00e9 en 2020 pour un accident de voiture.\u00a0<\/span><\/p>\n<p><span style=\"font-size: 16pt\">Le passager avant, n\u00e9 en 1994, est d\u00e9c\u00e9d\u00e9, a confirm\u00e9 jeudi le parquet qui indique que la passag\u00e8re arri\u00e8re, n\u00e9e en 1999, a \u00e9t\u00e9 l\u00e9g\u00e8rement bless\u00e9e. Le conducteur du poids lourd percut\u00e9 a lui aussi \u00e9t\u00e9 \u00ab l\u00e9g\u00e8rement bless\u00e9 \u00bb, ajoute le parquet. Une source proche du dossier avait initialement indiqu\u00e9 qu\u2019il \u00e9tait indemne.<\/span><\/p>\n<p><span style=\"font-size: 16pt\">Koba LaD a \u00e9t\u00e9 condamn\u00e9 en 2020 \u00e0 trois mois de prison avec sursis et 140 heures de travaux d\u2019int\u00e9r\u00eat g\u00e9n\u00e9ral pour un accident de voiture \u00e0 Marseille. Il avait pris la fuite apr\u00e8s les faits, avant de se pr\u00e9senter trois jours plus tard \u00e0 la police. Il avait aussi \u00e9cop\u00e9 \u00e0 cette occasion de quatre mois de suspension de permis lors d\u2019une comparution sur reconnaissance pr\u00e9alable de culpabilit\u00e9 (proc\u00e9dure de \u00ab plaider coupable \u00bb).<\/span><\/p>\n<p><span style=\"font-size: 16pt\">Le rappeur aux plus de trois millions d\u2019abonn\u00e9s sur Instagram a fait sa place sur la plan\u00e8te rap en 2018 avec son premier album \u00ab VII \u00bb. Il a sorti en fin de semaine derni\u00e8re le morceau \u00ab 911 \u00bb aux c\u00f4t\u00e9s des poids lourds du rap Ninho et Niska. Son dernier album, \u00ab Fr\u00e8res ennemis \u00bb, en collaboration avec le rappeur Zola, autre rappeur essonnien, a fait, selon plusieurs m\u00e9dias sp\u00e9cialis\u00e9s, partie des meilleurs d\u00e9marrages d\u2019albums de rap en duo.<\/span><\/p>\n<p><span style=\"font-size: 16pt\">Source : <span style=\"color: #0000ff\"><a style=\"color: #0000ff\" href=\"https:\/\/www.leparisien.fr\/faits-divers\/accident-mortel-dans-le-val-de-marne-le-rappeur-koba-lad-etait-sous-lempire-de-stupefiants-12-09-2024-JBEK5PXJSFD4NE6FXNE6ITH3VM.php?at_creation=Le%20Parisien&amp;at_campaign=Partage%20Facebook%20CM&amp;at_medium=Social%20media\"><strong>leparisien.fr<\/strong><\/a><\/span><\/span><\/p>\n","protected":false},"excerpt":{"rendered":"<p>Accident mortel dans le Val-de-Marne : le rappeur Koba LaD \u00e9tait sous l\u2019empire de stup\u00e9fiants. Une enqu\u00eate a \u00e9t\u00e9 ouverte pour homicide involontaire par conducteur et blessures involontaires par conducteur, a pr\u00e9cis\u00e9 le parquet. Le rappeur Koba LaD, impliqu\u00e9 dans un accident mortel \u00e0 Cr\u00e9teil dans la nuit de mardi \u00e0 mercredi, \u00e9tait sous l\u2019empire [&hellip;]<\/p>\n","protected":false},"author":5,"featured_media":12477,"comment_status":"closed","ping_status":"closed","sticky":false,"template":"","format":"standard","meta":{"footnotes":""},"categories":[2,24],"tags":[],"class_list":{"0":"post-12475","1":"post","2":"type-post","3":"status-publish","4":"format-standard","5":"has-post-thumbnail","7":"category-featured","8":"category-people"},"_links":{"self":[{"href":"https:\/\/tabouleinfos.com\/index.php\/wp-json\/wp\/v2\/posts\/12475","targetHints":{"allow":["GET"]}}],"collection":[{"href":"https:\/\/tabouleinfos.com\/index.php\/wp-json\/wp\/v2\/posts"}],"about":[{"href":"https:\/\/tabouleinfos.com\/index.php\/wp-json\/wp\/v2\/types\/post"}],"author":[{"embeddable":true,"href":"https:\/\/tabouleinfos.com\/index.php\/wp-json\/wp\/v2\/users\/5"}],"replies":[{"embeddable":true,"href":"https:\/\/tabouleinfos.com\/index.php\/wp-json\/wp\/v2\/comments?post=12475"}],"version-history":[{"count":0,"href":"https:\/\/tabouleinfos.com\/index.php\/wp-json\/wp\/v2\/posts\/12475\/revisions"}],"wp:featuredmedia":[{"embeddable":true,"href":"https:\/\/tabouleinfos.com\/index.php\/wp-json\/wp\/v2\/media\/12477"}],"wp:attachment":[{"href":"https:\/\/tabouleinfos.com\/index.php\/wp-json\/wp\/v2\/media?parent=12475"}],"wp:term":[{"taxonomy":"category","embeddable":true,"href":"https:\/\/tabouleinfos.com\/index.php\/wp-json\/wp\/v2\/categories?post=12475"},{"taxonomy":"post_tag","embeddable":true,"href":"https:\/\/tabouleinfos.com\/index.php\/wp-json\/wp\/v2\/tags?post=12475"}],"curies":[{"name":"wp","href":"https:\/\/api.w.org\/{rel}","templated":true}]}}