{"id":12590,"date":"2024-09-27T09:59:29","date_gmt":"2024-09-27T09:59:29","guid":{"rendered":"https:\/\/tabouleinfos.com\/?p=12590"},"modified":"2024-09-27T10:00:04","modified_gmt":"2024-09-27T10:00:04","slug":"affaire-rokia-traore-litalie-va-remettre-la-chanteuse-malienne-a-la-belgique","status":"publish","type":"post","link":"https:\/\/tabouleinfos.com\/index.php\/affaire-rokia-traore-litalie-va-remettre-la-chanteuse-malienne-a-la-belgique\/","title":{"rendered":"Affaire Rokia Traor\u00e9 : l&rsquo;Italie va remettre la chanteuse malienne \u00e0 la Belgique"},"content":{"rendered":"<p><span style=\"font-size: 16pt\"><strong>La chanteuse malienne Rokia Traor\u00e9, arr\u00eat\u00e9e le 21 juin en Italie \u00e0 la suite d&rsquo;une condamnation en Belgique dans une affaire de non-repr\u00e9sentation d&rsquo;enfant, va \u00eatre remise \u00e0 la Belgique, a annonc\u00e9 son avocate, ce 26 septembre 2024.<\/strong><\/span><\/p>\n<p><span style=\"font-size: 16pt\">La justice italienne vient de trancher : la chanteuse malienne Rokia Traor\u00e9, qui faisait l\u2019objet d\u2019un mandat d\u2019arr\u00eat international dans une affaire de non-repr\u00e9sentation d&rsquo;enfant, va \u00eatre remise \u00e0 la Belgique \u00ab dans les dix jours \u00bb, a annonc\u00e9 son avocate \u00e0 l&rsquo;issue d&rsquo;une audience devant la Cour d&rsquo;appel de Rome, ce jeudi.<\/span><\/p>\n<p><span style=\"font-size: 16pt\">C\u2019est la fin d\u2019une course-poursuite avec la justice qui dure depuis pr\u00e8s de 5 ans. Un soulagement pour Jan Goossens, l&rsquo;ex-compagnon de la chanteuse, dont l&rsquo;avocat rapporte qu&rsquo;il esp\u00e8re que, d\u00e8s l&rsquo;arriv\u00e9e de la chanteuse, \u00ab il pourra obtenir des solutions constructives pour le bien-\u00eatre et dans l&rsquo;int\u00e9r\u00eat de sa fille \u00bb.<\/span><\/p>\n<p><span style=\"font-size: 16pt\">En 2019, la justice belge avait confi\u00e9 la garde de la fille de la chanteuse \u00e0 son p\u00e8re, en Belgique, avec un droit de visite. Mais, par la suite, la justice malienne avait accord\u00e9 au contraire la garde exclusive \u00e0 sa m\u00e8re, au Mali.<\/span><\/p>\n<p><span style=\"font-size: 16pt\">Depuis, un mandat d&rsquo;arr\u00eat international avait \u00e9t\u00e9 \u00e9mis contre l&rsquo;artiste Franco-Malienne, par la justice belge, qui, l&rsquo;ann\u00e9e derni\u00e8re, l&rsquo;avait condamn\u00e9e par d\u00e9faut \u00e0 2 ans d&#8217;emprisonnement pour non-repr\u00e9sentation d&rsquo;enfant.<\/span><\/p>\n<p><span style=\"font-size: 16pt\">Au mois de juin, Rokia Traor\u00e9 avait finalement \u00e9t\u00e9 arr\u00eat\u00e9e en Italie o\u00f9 elle se rendait pour un concert.<\/span><\/p>\n<p><span style=\"font-size: 16pt\">Entretemps, la chanteuse a fait appel de la d\u00e9cision du tribunal de Bruxelles, pour un renvoi devant la Cour de justice de l\u2019Union europ\u00e9enne (CJUE). Elle s\u2019estime victime d\u2019une violation de ses droits puisqu\u2019elle avait \u00e9t\u00e9 condamn\u00e9e sans avocat, lors du proc\u00e8s de 2023.<\/span><\/p>\n<p><span style=\"font-size: 16pt\">Elle se retrouve donc de nouveau face aux tribunaux belges afin de r\u00e9gler le litige qui l\u2019oppose au p\u00e8re de son enfant. Tandis qu&rsquo;\u00e0 Bamako, leur jeune fille, \u00e2g\u00e9e de neuf ans, attend toujours ses parents.<\/span><\/p>\n<p><span style=\"font-size: 16pt\">Source : <span style=\"color: #0000ff\"><a style=\"color: #0000ff\" href=\"https:\/\/www.rfi.fr\/fr\/afrique\/20240926-affaire-rokia-traor%C3%A9-l-italie-va-remettre-%C3%A0-la-belgique-la-chanteuse-malienne-arr%C3%AAt%C3%A9e-en-juin-%C3%A0-rome\"><strong>rfi.fr<\/strong><\/a><\/span><\/span><\/p>\n","protected":false},"excerpt":{"rendered":"<p>La chanteuse malienne Rokia Traor\u00e9, arr\u00eat\u00e9e le 21 juin en Italie \u00e0 la suite d&rsquo;une condamnation en Belgique dans une affaire de non-repr\u00e9sentation d&rsquo;enfant, va \u00eatre remise \u00e0 la Belgique, a annonc\u00e9 son avocate, ce 26 septembre 2024. La justice italienne vient de trancher : la chanteuse malienne Rokia Traor\u00e9, qui faisait l\u2019objet d\u2019un mandat [&hellip;]<\/p>\n","protected":false},"author":5,"featured_media":12592,"comment_status":"closed","ping_status":"closed","sticky":false,"template":"","format":"standard","meta":{"footnotes":""},"categories":[2,25],"tags":[],"class_list":{"0":"post-12590","1":"post","2":"type-post","3":"status-publish","4":"format-standard","5":"has-post-thumbnail","7":"category-featured","8":"category-news"},"_links":{"self":[{"href":"https:\/\/tabouleinfos.com\/index.php\/wp-json\/wp\/v2\/posts\/12590","targetHints":{"allow":["GET"]}}],"collection":[{"href":"https:\/\/tabouleinfos.com\/index.php\/wp-json\/wp\/v2\/posts"}],"about":[{"href":"https:\/\/tabouleinfos.com\/index.php\/wp-json\/wp\/v2\/types\/post"}],"author":[{"embeddable":true,"href":"https:\/\/tabouleinfos.com\/index.php\/wp-json\/wp\/v2\/users\/5"}],"replies":[{"embeddable":true,"href":"https:\/\/tabouleinfos.com\/index.php\/wp-json\/wp\/v2\/comments?post=12590"}],"version-history":[{"count":0,"href":"https:\/\/tabouleinfos.com\/index.php\/wp-json\/wp\/v2\/posts\/12590\/revisions"}],"wp:featuredmedia":[{"embeddable":true,"href":"https:\/\/tabouleinfos.com\/index.php\/wp-json\/wp\/v2\/media\/12592"}],"wp:attachment":[{"href":"https:\/\/tabouleinfos.com\/index.php\/wp-json\/wp\/v2\/media?parent=12590"}],"wp:term":[{"taxonomy":"category","embeddable":true,"href":"https:\/\/tabouleinfos.com\/index.php\/wp-json\/wp\/v2\/categories?post=12590"},{"taxonomy":"post_tag","embeddable":true,"href":"https:\/\/tabouleinfos.com\/index.php\/wp-json\/wp\/v2\/tags?post=12590"}],"curies":[{"name":"wp","href":"https:\/\/api.w.org\/{rel}","templated":true}]}}