{"id":13258,"date":"2024-12-07T20:27:18","date_gmt":"2024-12-07T20:27:18","guid":{"rendered":"https:\/\/tabouleinfos.com\/?p=13258"},"modified":"2024-12-07T20:27:18","modified_gmt":"2024-12-07T20:27:18","slug":"cest-parti-pour-la-1ere-edition-du-festival-international-du-djembe","status":"publish","type":"post","link":"https:\/\/tabouleinfos.com\/index.php\/cest-parti-pour-la-1ere-edition-du-festival-international-du-djembe\/","title":{"rendered":"C\u2019est parti pour la 1\u00e8re \u00e9dition du Festival International du Djemb\u00e9"},"content":{"rendered":"<p><strong><span style=\"font-size: 16pt\">Conakry vivre d\u00e9j\u00e0 au rythme de la premi\u00e8re \u00e9dition du Festival International du Djemb\u00e9. Cet \u00e9v\u00e9nement a d\u00e9marr\u00e9 ce 6 d\u00e9cembre pour prendre fin, le 9 d\u00e9cembre 2024.<\/span><\/strong><\/p>\n<p><span style=\"font-size: 16pt\">La c\u00e9r\u00e9monie d\u2019ouverture s\u2019est tenue dans la salle des congr\u00e8s du palais du peuple de Conakry. Cette premi\u00e8re journ\u00e9e a enregistr\u00e9 une forte mobilisation du public venu des 12 communes de la capitale. Sans oublier la pr\u00e9sence des diplomates, des dignitaires de l\u2019Etat et plusieurs personnalit\u00e9s du paysage culturel. <\/span><\/p>\n<p><span style=\"font-size: 16pt\">A cette occasion, le Ministre de la Culture, du Tourisme et de l\u2019Artisanat, Moussa Mo\u00efse Sylla est revenu sur le th\u00e8me de cette \u00e9dition qui est <em>\u00ab EXCELLENCE et INNOVATION dans le secteur de percussion. Cela illustre notre engagement \u00e0 promouvoir un patrimoine qui est \u00e0 la fois un symbole et outil de d\u00e9veloppement socio\u00e9conomique.<\/em>\u00bb, dit-il. Puis d\u2019ajouter : \u00ab <em>Ainsi le FID-Guin\u00e9e vise \u00e0 promouvoir la c\u00e9l\u00e9bration retentissante de richesse et de la diversit\u00e9 des percussions guin\u00e9ennes reconnues pour sa contribution au rayonnement de la culture internationale. Les percussions en Guin\u00e9e c\u2019est \u00e0 la fois des rythmes, des danses, des masques, des rites, des instruments et costumes traditionnels. Le FID se veut aussi un espace de vente des produits et services li\u00e9s aux percussions guin\u00e9ennes \u00e0 l\u2019international \u00e0 travers une foire artisanale. En plus de promouvoir la musique traditionnelle, le FID-Guin\u00e9e joue un r\u00f4le d\u00e9terminant dans la pr\u00e9servation de la transmission des traditions culturelles guin\u00e9ennes tout en favorisant les \u00e9changes inter-culturels et la modernit\u00e9.<\/em>\u00bb, a-t-il rappel\u00e9. <\/span><\/p>\n<p><span style=\"font-size: 16pt\">De son c\u00f4t\u00e9, le directeur g\u00e9n\u00e9ral du Centre International de Percussion \u00ab <em>Ensemble nous c\u00e9l\u00e9brons la diversit\u00e9, la richesse artistique en mettant en lumi\u00e8re l\u2019\u00e9nergie et la cr\u00e9ativit\u00e9 du djemb\u00e9. Au cours de ce festival, vous aurez l\u2019opportunit\u00e9 d\u2019assister \u00e0 des performances envo\u00fbtantes, participer \u00e0 des ateliers enrichissants et des rencontres des artistes renomm\u00e9s internationaux, mais aussi des talents \u00e9mergents. Ce festival n\u2019est pas seulement une c\u00e9l\u00e9bration de l\u2019art de djemb\u00e9 mais \u00e9galement une vitrine de notre volont\u00e9 de promouvoir la culture guin\u00e9enne sur le plan international. Il souligne notre engagement envers la pr\u00e9servation et la valorisation de notre patrimoine musicale tout en \u0153uvrant la voie \u00e0 la cr\u00e9ativit\u00e9 contemporaine<\/em>.\u00bb, a soulign\u00e9 Abou Soumah. <\/span><\/p>\n<p><span style=\"font-size: 16pt\">La France pays invit\u00e9 d\u2019honneur, ne s\u2019est pas fait conter cette c\u00e9r\u00e9monie d\u2019ouverture. Son Ambassadeur Luc Briard a pris la parole en s\u2019exprimant au nom de son pays. \u00ab <em>C\u2019est une joie de pouvoir y participer, j\u2019ai trois raisons de me r\u00e9jouir. D\u2019abord c\u2019est un enjeu patrimonial de mettre en avant les sons et les musiques africaines \u00e0 travers ses objets que sont les djemb\u00e9s et les tambours. C\u2019est la souverainet\u00e9 des imaginaires de rendre \u00e0 l\u2019Afrique les objets qui lui appartiennent. C\u2019est aussi un enjeu patrimonial, parce que ces objets sont communautaires et qu\u2019il y a derri\u00e8re chaque djemb\u00e9 une relation anc\u00eatre, une relation aux esprits, une relation \u00e0 la nature et c\u2019est tout \u00e7a nous allons c\u00e9l\u00e9brer pendant quatre jours ici<\/em>.\u00bb <\/span><\/p>\n<p><span style=\"font-size: 16pt\">La c\u00e9r\u00e9monie de ce vendredi 6 d\u00e9cembre a \u00e9t\u00e9 marqu\u00e9e par le spectacle d\u2019ouverture baptis\u00e9 \u2018\u2019Le Djemb\u00e9 au rythme de Simandou 2024\u2019\u2019 avec 100 artistes danseurs, acrobates, percussionnistes regroup\u00e9s au sein du Circus Baobab. La mise en sc\u00e8ne et la chor\u00e9graphie de ce spectacle sont assur\u00e9es par le chor\u00e9graphe ivoirien George Monboye, sous la direction musicale de Francky Moulet. Par la m\u00eame occasion, les festivaliers ont d\u00e9couvert le groupe Lavoa Lapo de la France et Hind Ennaira du Maroc. <\/span><\/p>\n<p><span style=\"font-size: 16pt\">A souligner que le Festival International du Djemb\u00e9 est initi\u00e9 par le Minist\u00e8re de la Culture, du Tourisme et de l\u2019Artisanat en collaboration avec le Centre International des Percussions (Cip) et l\u2019Association Nuits m\u00e9tis. Au compte de cette ann\u00e9e, 24 concerts et spectacles sont programm\u00e9s avec la participation de 14 groupes guin\u00e9ens et 10 groupes internationaux. <\/span><\/p>\n<p><strong><span style=\"font-size: 16pt\">Aboubacar Fod\u00e9 Bangoura<\/span><\/strong><\/p>\n","protected":false},"excerpt":{"rendered":"<p>Conakry vivre d\u00e9j\u00e0 au rythme de la premi\u00e8re \u00e9dition du Festival International du Djemb\u00e9. Cet \u00e9v\u00e9nement a d\u00e9marr\u00e9 ce 6 d\u00e9cembre pour prendre fin, le 9 d\u00e9cembre 2024. La c\u00e9r\u00e9monie d\u2019ouverture s\u2019est tenue dans la salle des congr\u00e8s du palais du peuple de Conakry. Cette premi\u00e8re journ\u00e9e a enregistr\u00e9 une forte mobilisation du public venu [&hellip;]<\/p>\n","protected":false},"author":5,"featured_media":13261,"comment_status":"closed","ping_status":"closed","sticky":false,"template":"","format":"standard","meta":{"footnotes":""},"categories":[21,2],"tags":[],"class_list":{"0":"post-13258","1":"post","2":"type-post","3":"status-publish","4":"format-standard","5":"has-post-thumbnail","7":"category-events","8":"category-featured"},"_links":{"self":[{"href":"https:\/\/tabouleinfos.com\/index.php\/wp-json\/wp\/v2\/posts\/13258","targetHints":{"allow":["GET"]}}],"collection":[{"href":"https:\/\/tabouleinfos.com\/index.php\/wp-json\/wp\/v2\/posts"}],"about":[{"href":"https:\/\/tabouleinfos.com\/index.php\/wp-json\/wp\/v2\/types\/post"}],"author":[{"embeddable":true,"href":"https:\/\/tabouleinfos.com\/index.php\/wp-json\/wp\/v2\/users\/5"}],"replies":[{"embeddable":true,"href":"https:\/\/tabouleinfos.com\/index.php\/wp-json\/wp\/v2\/comments?post=13258"}],"version-history":[{"count":0,"href":"https:\/\/tabouleinfos.com\/index.php\/wp-json\/wp\/v2\/posts\/13258\/revisions"}],"wp:featuredmedia":[{"embeddable":true,"href":"https:\/\/tabouleinfos.com\/index.php\/wp-json\/wp\/v2\/media\/13261"}],"wp:attachment":[{"href":"https:\/\/tabouleinfos.com\/index.php\/wp-json\/wp\/v2\/media?parent=13258"}],"wp:term":[{"taxonomy":"category","embeddable":true,"href":"https:\/\/tabouleinfos.com\/index.php\/wp-json\/wp\/v2\/categories?post=13258"},{"taxonomy":"post_tag","embeddable":true,"href":"https:\/\/tabouleinfos.com\/index.php\/wp-json\/wp\/v2\/tags?post=13258"}],"curies":[{"name":"wp","href":"https:\/\/api.w.org\/{rel}","templated":true}]}}