{"id":13270,"date":"2024-12-09T10:44:14","date_gmt":"2024-12-09T10:44:14","guid":{"rendered":"https:\/\/tabouleinfos.com\/?p=13270"},"modified":"2024-12-09T10:44:14","modified_gmt":"2024-12-09T10:44:14","slug":"entretien-le-directeur-de-visa-for-music-au-micro-de-tabouleinfos","status":"publish","type":"post","link":"https:\/\/tabouleinfos.com\/index.php\/entretien-le-directeur-de-visa-for-music-au-micro-de-tabouleinfos\/","title":{"rendered":"Entretien : le directeur de Visa For Music au micro de Tabouleinfos"},"content":{"rendered":"<p><strong><span style=\"font-size: 16pt\">En s\u00e9jour \u00e0 Conakry pour la premi\u00e8re \u00e9dition du Festival International du Djemb\u00e9 (FID-Guin\u00e9e), Brahim El Mazned, directeur et fondateur de Visa For Music s&rsquo;est pr\u00eat\u00e9 aux questions de Tabouleinfos. Dans cet entretien, il nous parle de ce festival qui fait la promotion des artistes du continent africain. \u00a0<\/span><\/strong><\/p>\n<p><span style=\"font-size: 16pt\">D\u00e9couvrez cet entretien ci-dessous\u00a0!<\/span><\/p>\n<p><strong><span style=\"font-size: 16pt\">Tabouleinfos\u00a0: Comment est n\u00e9 le festival Visa For Music ?<\/span><\/strong><\/p>\n<p><span style=\"font-size: 16pt\"><strong>Brahim El Mazned\u00a0:<\/strong> Le festival est n\u00e9 de la volont\u00e9 de cr\u00e9er une vitrine au Maroc pour la promotion des artistes du continent africain, parce qu\u2019il y a une vraie dynamique aujourd\u2019hui \u00e0 l\u2019\u00e9chelle du continent. Il n\u2019a pas la tradition d\u2019avoir beaucoup de march\u00e9s de la musique en Afrique quelques initiatives sous r\u00e9gionales. Nous avons cr\u00e9\u00e9 \u00e0 Rabat un \u00e9v\u00e9nement qui r\u00e9uni les acteurs de la musique, que \u00e7a soit des tourneurs, des promoteurs, des directeurs de festivals, des techniciens et surtout les artistes du continent. Je pense que nous avons r\u00e9ussi ce pari \u00e0 gr\u00e2ce \u00e0 la contribution de tous ceux qui viennent chaque ann\u00e9e \u00e0 Visa For Music. \u00a0<\/span><\/p>\n<p><span style=\"font-size: 16pt\"><strong>Tabouleinfos : Quelles sont les difficult\u00e9s que vous avez d\u00fb surmonter pour imposer le festival ? <\/strong><\/span><\/p>\n<p><span style=\"font-size: 16pt\"><strong>Brahim El Mazned\u00a0:<\/strong> Ce n\u2019est pas \u00e9vident. Ce sont les projets qui sont difficiles \u00e0 expliquer ce que c\u2019est un march\u00e9. Pour \u00e7a, nous avons beaucoup de p\u00e9dagogies. Je peux dire que c\u2019est la premi\u00e8re ann\u00e9e qui est difficile. Mais de toute fa\u00e7on, on est oblig\u00e9 de s\u2019adapter chaque ann\u00e9e \u00e0 nos contraintes et \u00e0 nos difficult\u00e9s qui ne sont pas simples.<\/span><\/p>\n<p><span style=\"font-size: 16pt\"><strong>Tabouleinfos\u00a0:<\/strong> <strong>Comment se fait le choix des artistes ?<\/strong><\/span><\/p>\n<p><span style=\"font-size: 16pt\"><strong>Brahim El Mazned\u00a0:<\/strong> C\u2019est un jury qui s\u00e9lectionne les artistes. On re\u00e7oit chaque ann\u00e9e \u00e0 peut pr\u00e8s 1000 candidatures. Des fois-m\u00eame plus. \u00a0<\/span><\/p>\n<p><span style=\"font-size: 16pt\"><strong>Tabouleinfos : Avez-vous pens\u00e9 \u00e0 exporter le concept vers d&rsquo;autres pays en Afrique ? <\/strong><\/span><\/p>\n<p><span style=\"font-size: 16pt\"><strong>Brahim El Mazned\u00a0:<\/strong> On sera tr\u00e8s ouvert \u00e0 l\u2019id\u00e9e de trouver des partenaires de travailler ensemble avec tout le continent africain.<\/span><\/p>\n<p><span style=\"font-size: 16pt\"><strong>Tabouleinfos\u00a0: Un message pour les artistes\u00a0!<\/strong><\/span><\/p>\n<p><span style=\"font-size: 16pt\"><strong>Brahim El Mazned\u00a0:<\/strong> J\u2019invite les artistes africains de suivre Visa For Music sur les r\u00e9seaux sociaux et d\u00e9poser leurs candidatures \u00e0 partir du mois de janvier. D\u00e8s qu\u2019on commence \u00e0 ouvrir l\u2019appel \u00e0 candidatures dans quelques semaines.<\/span><\/p>\n<p><span style=\"font-size: 16pt\"><strong>Aboubacar Fod\u00e9 Bangoura<\/strong><\/span><\/p>\n","protected":false},"excerpt":{"rendered":"<p>En s\u00e9jour \u00e0 Conakry pour la premi\u00e8re \u00e9dition du Festival International du Djemb\u00e9 (FID-Guin\u00e9e), Brahim El Mazned, directeur et fondateur de Visa For Music s&rsquo;est pr\u00eat\u00e9 aux questions de Tabouleinfos. Dans cet entretien, il nous parle de ce festival qui fait la promotion des artistes du continent africain. \u00a0 D\u00e9couvrez cet entretien ci-dessous\u00a0! Tabouleinfos\u00a0: Comment [&hellip;]<\/p>\n","protected":false},"author":5,"featured_media":13274,"comment_status":"closed","ping_status":"closed","sticky":false,"template":"","format":"standard","meta":{"footnotes":""},"categories":[2,15],"tags":[],"class_list":{"0":"post-13270","1":"post","2":"type-post","3":"status-publish","4":"format-standard","5":"has-post-thumbnail","7":"category-featured","8":"category-interview"},"_links":{"self":[{"href":"https:\/\/tabouleinfos.com\/index.php\/wp-json\/wp\/v2\/posts\/13270","targetHints":{"allow":["GET"]}}],"collection":[{"href":"https:\/\/tabouleinfos.com\/index.php\/wp-json\/wp\/v2\/posts"}],"about":[{"href":"https:\/\/tabouleinfos.com\/index.php\/wp-json\/wp\/v2\/types\/post"}],"author":[{"embeddable":true,"href":"https:\/\/tabouleinfos.com\/index.php\/wp-json\/wp\/v2\/users\/5"}],"replies":[{"embeddable":true,"href":"https:\/\/tabouleinfos.com\/index.php\/wp-json\/wp\/v2\/comments?post=13270"}],"version-history":[{"count":0,"href":"https:\/\/tabouleinfos.com\/index.php\/wp-json\/wp\/v2\/posts\/13270\/revisions"}],"wp:featuredmedia":[{"embeddable":true,"href":"https:\/\/tabouleinfos.com\/index.php\/wp-json\/wp\/v2\/media\/13274"}],"wp:attachment":[{"href":"https:\/\/tabouleinfos.com\/index.php\/wp-json\/wp\/v2\/media?parent=13270"}],"wp:term":[{"taxonomy":"category","embeddable":true,"href":"https:\/\/tabouleinfos.com\/index.php\/wp-json\/wp\/v2\/categories?post=13270"},{"taxonomy":"post_tag","embeddable":true,"href":"https:\/\/tabouleinfos.com\/index.php\/wp-json\/wp\/v2\/tags?post=13270"}],"curies":[{"name":"wp","href":"https:\/\/api.w.org\/{rel}","templated":true}]}}