{"id":13521,"date":"2025-01-13T11:34:05","date_gmt":"2025-01-13T11:34:05","guid":{"rendered":"https:\/\/tabouleinfos.com\/?p=13521"},"modified":"2025-01-13T11:34:05","modified_gmt":"2025-01-13T11:34:05","slug":"le-mali-festi-reggae-fete-ses-20-ans","status":"publish","type":"post","link":"https:\/\/tabouleinfos.com\/index.php\/le-mali-festi-reggae-fete-ses-20-ans\/","title":{"rendered":"Le Mali Festi Reggae\u00a0f\u00eate ses 20 ans"},"content":{"rendered":"<p><span style=\"font-size: 16pt\"><strong>Cette ann\u00e9e, le Mali Festi Reggae c\u00e9l\u00e8bre ses 20 ans. Une \u00e9dition sp\u00e9ciale pr\u00e9vue, du 13 au 15 f\u00e9vrier 2025 sur les berges du Palais de la Culture \u00e0 Bamako.<\/strong><\/span><\/p>\n<p><span style=\"font-size: 16pt\">Cette 20<sup>\u00e8me<\/sup> \u00e9dition se tienne sous le th\u00e8me <strong>\u00ab\u00a0One Love\u00a0\u00bb<\/strong>. Une \u00e9dition sp\u00e9ciale qui c\u00e9l\u00e8bre deux d\u00e9cennies de la musique reggae en R\u00e9publique du Mali. Cela se f\u00eate sous le signe de l\u2019amour, la paix et l\u2019unit\u00e9.<\/span><\/p>\n<p><span style=\"font-size: 16pt\">A lire aussi\u00a0: <span style=\"color: #0000ff\"><a style=\"color: #0000ff\" href=\"https:\/\/tabouleinfos.com\/index.php\/mali-festi-reggae-la-19e-edition-annoncee\/\">Mali Festi Reggae : La 19e \u00e9dition annonc\u00e9e<\/a><\/span><\/span><\/p>\n<p><span style=\"font-size: 16pt\">Le Mali Festi Reggae est une initiative de l\u2019artiste chanteuse Sista Mam, pionni\u00e8re du reggae f\u00e9minin au Mali. Promouvoir la musique reggae, vulgariser les valeurs du rastafari et pr\u00f4ner le vivre ensemble, sont des objectifs que s\u2019est fix\u00e9e l\u2019initiatrice principale de ce projet.<\/span><\/p>\n<p><span style=\"font-size: 16pt\">A lire aussi :<span style=\"color: #0000ff\"><a style=\"color: #0000ff\" href=\"https:\/\/tabouleinfos.com\/index.php\/mali-festi-reggae-empress-ada-annoncee-a-la-19e-edition\/\"> Mali Festi Reggae : Empress Ada annonc\u00e9e \u00e0 la 19e \u00e9dition<\/a><\/span><\/span><\/p>\n<p><span style=\"font-size: 16pt\">Concernant cette 20<sup>\u00e8me<\/sup> \u00e9dition qui rend hommage \u00e0 Sista Tayat pour honorer sa m\u00e9moire, elle promet d\u2019\u00eatre grandiose avec plusieurs activit\u00e9s\u00a0: conf\u00e9rences-d\u00e9bats, des expositions et ventes d\u2019objets d\u2019arts, des concerts live, match de football f\u00e9minin, soir\u00e9e d\u2019animation musicale et autres activit\u00e9s artistiques, culturelles et caritatives.<\/span><\/p>\n<p><a href=\"https:\/\/tabouleinfos.com\/wp-content\/uploads\/2025\/01\/472559790_1164655429004021_8518359296052165781_n.jpg\"><img loading=\"lazy\" decoding=\"async\" width=\"721\" height=\"1024\" class=\"alignnone size-large wp-image-13525\" src=\"https:\/\/tabouleinfos.com\/wp-content\/uploads\/2025\/01\/472559790_1164655429004021_8518359296052165781_n-721x1024.jpg\" alt=\"\" srcset=\"https:\/\/tabouleinfos.com\/wp-content\/uploads\/2025\/01\/472559790_1164655429004021_8518359296052165781_n-721x1024.jpg 721w, https:\/\/tabouleinfos.com\/wp-content\/uploads\/2025\/01\/472559790_1164655429004021_8518359296052165781_n-211x300.jpg 211w, https:\/\/tabouleinfos.com\/wp-content\/uploads\/2025\/01\/472559790_1164655429004021_8518359296052165781_n-768x1091.jpg 768w, https:\/\/tabouleinfos.com\/wp-content\/uploads\/2025\/01\/472559790_1164655429004021_8518359296052165781_n-696x989.jpg 696w, https:\/\/tabouleinfos.com\/wp-content\/uploads\/2025\/01\/472559790_1164655429004021_8518359296052165781_n-296x420.jpg 296w, https:\/\/tabouleinfos.com\/wp-content\/uploads\/2025\/01\/472559790_1164655429004021_8518359296052165781_n-750x1065.jpg 750w, https:\/\/tabouleinfos.com\/wp-content\/uploads\/2025\/01\/472559790_1164655429004021_8518359296052165781_n.jpg 866w\" sizes=\"auto, (max-width: 721px) 100vw, 721px\" \/><\/a><\/p>\n<p><span style=\"font-size: 16pt\"><strong>Aboubacar Fod\u00e9 Bangoura<\/strong><\/span><\/p>\n","protected":false},"excerpt":{"rendered":"<p>Cette ann\u00e9e, le Mali Festi Reggae c\u00e9l\u00e8bre ses 20 ans. Une \u00e9dition sp\u00e9ciale pr\u00e9vue, du 13 au 15 f\u00e9vrier 2025 sur les berges du Palais de la Culture \u00e0 Bamako. Cette 20\u00e8me \u00e9dition se tienne sous le th\u00e8me \u00ab\u00a0One Love\u00a0\u00bb. Une \u00e9dition sp\u00e9ciale qui c\u00e9l\u00e8bre deux d\u00e9cennies de la musique reggae en R\u00e9publique du Mali. [&hellip;]<\/p>\n","protected":false},"author":5,"featured_media":13524,"comment_status":"closed","ping_status":"closed","sticky":false,"template":"","format":"standard","meta":{"footnotes":""},"categories":[21,2],"tags":[],"class_list":{"0":"post-13521","1":"post","2":"type-post","3":"status-publish","4":"format-standard","5":"has-post-thumbnail","7":"category-events","8":"category-featured"},"_links":{"self":[{"href":"https:\/\/tabouleinfos.com\/index.php\/wp-json\/wp\/v2\/posts\/13521","targetHints":{"allow":["GET"]}}],"collection":[{"href":"https:\/\/tabouleinfos.com\/index.php\/wp-json\/wp\/v2\/posts"}],"about":[{"href":"https:\/\/tabouleinfos.com\/index.php\/wp-json\/wp\/v2\/types\/post"}],"author":[{"embeddable":true,"href":"https:\/\/tabouleinfos.com\/index.php\/wp-json\/wp\/v2\/users\/5"}],"replies":[{"embeddable":true,"href":"https:\/\/tabouleinfos.com\/index.php\/wp-json\/wp\/v2\/comments?post=13521"}],"version-history":[{"count":0,"href":"https:\/\/tabouleinfos.com\/index.php\/wp-json\/wp\/v2\/posts\/13521\/revisions"}],"wp:featuredmedia":[{"embeddable":true,"href":"https:\/\/tabouleinfos.com\/index.php\/wp-json\/wp\/v2\/media\/13524"}],"wp:attachment":[{"href":"https:\/\/tabouleinfos.com\/index.php\/wp-json\/wp\/v2\/media?parent=13521"}],"wp:term":[{"taxonomy":"category","embeddable":true,"href":"https:\/\/tabouleinfos.com\/index.php\/wp-json\/wp\/v2\/categories?post=13521"},{"taxonomy":"post_tag","embeddable":true,"href":"https:\/\/tabouleinfos.com\/index.php\/wp-json\/wp\/v2\/tags?post=13521"}],"curies":[{"name":"wp","href":"https:\/\/api.w.org\/{rel}","templated":true}]}}