{"id":13556,"date":"2025-01-18T01:26:16","date_gmt":"2025-01-18T01:26:16","guid":{"rendered":"https:\/\/tabouleinfos.com\/?p=13556"},"modified":"2025-01-18T02:33:57","modified_gmt":"2025-01-18T02:33:57","slug":"decret-plusieurs-hauts-cadres-nommes-au-ministere-de-la-culture","status":"publish","type":"post","link":"https:\/\/tabouleinfos.com\/index.php\/decret-plusieurs-hauts-cadres-nommes-au-ministere-de-la-culture\/","title":{"rendered":"D\u00e9cret\u00a0: Plusieurs hauts cadres nomm\u00e9s au minist\u00e8re de la Culture"},"content":{"rendered":"<p><span style=\"font-size: 16pt\"><strong>Au Minist\u00e8re de la Culture, du Tourisme et de l\u2019Artisanat, plusieurs hauts cadres sont nomm\u00e9s par le pr\u00e9sident Mamadi Doumbouya. Cette nomination fait suite \u00e0 un d\u00e9cret lu sur la RTG, ce vendredi 17 janvier 2025. <\/strong><\/span><\/p>\n<p><span style=\"font-size: 16pt\">Voici la liste des cadres nomm\u00e9s.\u00a0<\/span><\/p>\n<p><span style=\"font-size: 16pt\"><strong>Inspecteur g\u00e9n\u00e9ral de la culture, du tourisme et de l\u2019artisanat\u00a0<\/strong>: M. Vital Goumou, pr\u00e9c\u00e9demment directeur g\u00e9n\u00e9ral adjoint du bureau de strat\u00e9gie et de d\u00e9veloppement BSD du minist\u00e8re de la culture, du tourisme et de l\u2019artisanat.<\/span><\/p>\n<p><span style=\"font-size: 16pt\"><strong>Inspecteur g\u00e9n\u00e9ral adjoint de la culture, du tourisme et de l\u2019artisanat<\/strong>\u00a0:\u00a0M. Mamoudou Thioye, matricule 315-282-C, pr\u00e9c\u00e9demment chef service \u00e9tudes et statistiques au bureau de strat\u00e9gie et de d\u00e9veloppement BSD du minist\u00e8re de la culture, du tourisme et de l\u2019artisanat.<\/span><\/p>\n<p><span style=\"font-size: 16pt\"><strong>Directeur g\u00e9n\u00e9ral du bureau de strat\u00e9gie et de d\u00e9veloppement BSD<\/strong>\u00a0: \u00a0M. St\u00e9phane Mohamed Kaba, contr\u00f4leur de gestion.<\/span><\/p>\n<p><span style=\"font-size: 16pt\"><strong>Directeur g\u00e9n\u00e9ral adjoint du bureau de strat\u00e9gie et de d\u00e9veloppement BSD<\/strong>\u00a0: M. Mohamadou Sylla, matricule 249-529-L, pr\u00e9c\u00e9demment chef service planification et strat\u00e9gie au bureau de strat\u00e9gie et de d\u00e9veloppement BSD du minist\u00e8re de la culture, du tourisme et de l\u2019artisanat.<\/span><\/p>\n<p><span style=\"font-size: 16pt\"><strong>Directeur national de la culture et du patrimoine historique<\/strong>\u00a0: M. Aboubacar Sidiki Cond\u00e9, pr\u00e9c\u00e9demment directeur national adjoint de la culture et du patrimoine historique.<\/span><\/p>\n<p><span style=\"font-size: 16pt\"><strong>Directeur national adjoint de la culture et du patrimoine historique<\/strong>\u00a0: M. Amine Tour\u00e9, pr\u00e9c\u00e9demment directeur g\u00e9n\u00e9ral de l\u2019agence guin\u00e9enne des spectacles, AGS.<\/span><\/p>\n<p><span style=\"font-size: 16pt\"><strong>Directeur national du tourisme et de l\u2019h\u00f4tellerie<\/strong>\u00a0: M. Ibrahima Aissata Diallo, matricule 245-630-S, pr\u00e9c\u00e9demment directeur national adjoint de l\u2019artisanat.<\/span><\/p>\n<p><span style=\"font-size: 16pt\"><strong>Directrice nationale adjointe du tourisme et de l\u2019h\u00f4tellerie<\/strong>\u00a0: Mme Asmaou Bah, pr\u00e9c\u00e9demment secr\u00e9taire g\u00e9n\u00e9rale du syndicat national des employ\u00e9s.<\/span><\/p>\n<p><span style=\"font-size: 16pt\"><strong>Directeur national de l\u2019artisanat<\/strong>\u00a0: M. S\u00e9kou Cond\u00e9, matricule 198-829-P, consultant en artisanat.<\/span><\/p>\n<p><span style=\"font-size: 16pt\"><strong>Directeur national adjoint de l\u2019artisanat<\/strong>\u00a0: M. Alpha Camara, matricule 591-764-J, pr\u00e9c\u00e9demment directeur communal de la culture, du tourisme et de l\u2019artisanat de la commune de Matam.<\/span><\/p>\n<p><span style=\"font-size: 16pt\"><strong>Directeur g\u00e9n\u00e9ral du service national des am\u00e9nagements touristiques, h\u00f4teliers et artisanaux<\/strong>\u00a0:\u00a0M. Aboubacar Sylla, gestionnaire touristique et am\u00e9nagiste des parcs et monuments culturels.<\/span><\/p>\n<p><span style=\"font-size: 16pt\"><strong>Directeur g\u00e9n\u00e9ral adjoint du service national des am\u00e9nagements touristiques, h\u00f4teliers et artisanaux<\/strong>\u00a0: M. Mamadou Balato Ke\u00efta, ing\u00e9nieur civil.<\/span><\/p>\n<p><span style=\"font-size: 16pt\"><strong>Directeur g\u00e9n\u00e9ral du service national des industries culturelles et cr\u00e9atives, ICC\u00a0<\/strong>:\u00a0M. Mamadou Adama Bilia Bah, pr\u00e9c\u00e9demment animateur d\u2019\u00e9missions culturelles et artistiques \u00e0 la radio Nostalgie FM.<\/span><\/p>\n<p><span style=\"font-size: 16pt\"><strong>Directeur g\u00e9n\u00e9ral adjoint du service national des industries culturelles et cr\u00e9atives, ICC<\/strong> : M. Macka Traor\u00e9, pr\u00e9c\u00e9demment pr\u00e9sident de la commission marketing et m\u00e9dias de la f\u00e9d\u00e9ration guin\u00e9enne de football.<\/span><\/p>\n<p><span style=\"font-size: 16pt\"><strong>Directeur g\u00e9n\u00e9ral de la biblioth\u00e8que nationale de Guin\u00e9e<\/strong>\u00a0:\u00a0M. Daouda Thamsir Niane, pr\u00e9c\u00e9demment directeur g\u00e9n\u00e9ral du centre de lecture publique et d\u2019animation culturelle, CELPAC.<\/span><\/p>\n<p><span style=\"font-size: 16pt\"><strong>Directrice g\u00e9n\u00e9rale adjointe de la biblioth\u00e8que nationale de Guin\u00e9e<\/strong>\u00a0:\u00a0Mme Kadiatou Kaba, journaliste pr\u00e9sentatrice \u00e0 la radio-t\u00e9l\u00e9vision de Guin\u00e9e, RTG.<\/span><\/p>\n<p><span style=\"font-size: 16pt\"><strong>Directeur g\u00e9n\u00e9ral du mus\u00e9e national de Guin\u00e9e<\/strong>\u00a0: M. Amidou Cont\u00e9, pr\u00e9sident de l\u2019agence de promotion culturelle, Festi Kaloum.<\/span><\/p>\n<p><span style=\"font-size: 16pt\"><strong>Directeur g\u00e9n\u00e9ral adjoint du mus\u00e9e national de Guin\u00e9e\u00a0<\/strong>: M. Hamza Kaba, pr\u00e9c\u00e9demment directeur g\u00e9n\u00e9ral du mus\u00e9e national de Guin\u00e9e.<\/span><\/p>\n<p><span style=\"font-size: 16pt\"><strong>Directeur g\u00e9n\u00e9ral du bureau guin\u00e9en des droits d\u2019auteur BGDA<\/strong>\u00a0: M. Moussa Fofana, pr\u00e9c\u00e9demment conseiller juridique du minist\u00e8re de la culture, du tourisme et de l\u2019artisanat.<\/span><\/p>\n<p><span style=\"font-size: 16pt\"><strong>Directeur g\u00e9n\u00e9ral adjoint du bureau guin\u00e9en des droits d\u2019auteur<\/strong> : M. Balla Sylla, sp\u00e9cialiste en administration et finance du projet USAID Notre Sant\u00e9.<\/span><\/p>\n<p><span style=\"font-size: 16pt\"><strong>Directrice g\u00e9n\u00e9rale de l\u2019office national du tourisme<\/strong>\u00a0: Mme Kad\u00e9 Camara, experte en gestion des promotions touristiques.<\/span><\/p>\n<p><span style=\"font-size: 16pt\"><strong>Directeur g\u00e9n\u00e9ral adjoint de l\u2019office national du tourisme, ONT<\/strong>\u00a0: \u00a0M. Amadou Tounkara, pr\u00e9c\u00e9demment directeur de l\u2019exploitation \u00e0 l\u2019office national du tourisme, ONT.<\/span><\/p>\n<p><span style=\"font-size: 16pt\"><strong>Directeur g\u00e9n\u00e9ral de l\u2019office national du cin\u00e9ma, de la vid\u00e9o et de la photographie de Guin\u00e9e, ONACIG<\/strong>\u00a0:\u00a0M. Amara Traor\u00e9, pr\u00e9c\u00e9demment pr\u00e9sident du collectif Sillywood.<\/span><\/p>\n<p><span style=\"font-size: 16pt\"><strong>Directeur g\u00e9n\u00e9ral adjoint de l\u2019office national du cin\u00e9ma, de la vid\u00e9o et de la photographie, ONACIG<\/strong>\u00a0: M. Abdoulaye Doumbouya, professeur de langue anglaise.<\/span><\/p>\n<p><span style=\"font-size: 16pt\"><strong>Directeur g\u00e9n\u00e9ral du centre de lecture publique et d\u2019animation culturelle, CELPAC<\/strong>\u00a0: M. Bernard P\u00e9v\u00e9 B\u00e9avogui, pr\u00e9c\u00e9demment directeur g\u00e9n\u00e9ral adjoint du CELPAC.<\/span><\/p>\n<p><span style=\"font-size: 16pt\"><strong>Directeur g\u00e9n\u00e9ral adjoint du centre de lecture publique et d\u2019animation culturelle, CELPAC<\/strong>\u00a0: M. Hassan Sylla, journaliste animateur culturel.<\/span><\/p>\n<p><span style=\"font-size: 16pt\"><strong>Directeur g\u00e9n\u00e9ral du fonds de d\u00e9veloppement des arts et de la culture, FODAC<\/strong> : M. Malick K\u00e9b\u00e9, promoteur culturel.<\/span><\/p>\n<p><span style=\"font-size: 16pt\"><strong>Directeur g\u00e9n\u00e9ral adjoint du fonds de d\u00e9veloppement des arts et de la culture, FODAC<\/strong>\u00a0:\u00a0M. No\u00ebl Lamah, pr\u00e9c\u00e9demment directeur g\u00e9n\u00e9ral de l\u2019office national du cin\u00e9ma, de la vid\u00e9o et de la photographie de Guin\u00e9e, ONACIG.<\/span><\/p>\n<p><span style=\"font-size: 16pt\"><strong>Directrice g\u00e9n\u00e9rale de l\u2019agence guin\u00e9enne de spectacles, AGS <\/strong>:\u00a0Mme Mariam Tour\u00e9, pr\u00e9c\u00e9demment directrice g\u00e9n\u00e9rale adjointe de ladite agence.<\/span><\/p>\n<p><span style=\"font-size: 16pt\"><strong>Directeur g\u00e9n\u00e9ral adjoint de l\u2019agence guin\u00e9enne de spectacles, AGS<\/strong>\u00a0:\u00a0M. Aboubacar Diallo, manager g\u00e9n\u00e9ral de la structure Dial Initiative.<\/span><\/p>\n<p><span style=\"font-size: 16pt\"><strong>Directeur g\u00e9n\u00e9ral du centre international de percussion<\/strong>\u00a0: M. Michel Th\u00e9o Lamah, pr\u00e9c\u00e9demment directeur g\u00e9n\u00e9ral du bureau guin\u00e9en des droits d\u2019auteur BGDA.<\/span><\/p>\n<p><span style=\"font-size: 16pt\"><strong>Directeur g\u00e9n\u00e9ral adjoint du centre international de percussion<\/strong>\u00a0:\u00a0M. Abdoulaye Aissata Bangoura, administrateur culturel.<\/span><\/p>\n<p><span style=\"font-size: 16pt\"><strong>Directrice g\u00e9n\u00e9rale de l\u2019office national de promotion de l\u2019artisanat<\/strong>\u00a0: \u00a0Mme Marie Sompar\u00e9, consultante en animation culturelle.<\/span><\/p>\n<p><span style=\"font-size: 16pt\"><strong>Directrice g\u00e9n\u00e9rale adjointe de l\u2019office national de promotion de l\u2019artisanat<\/strong>\u00a0: Mme Estelle Mansar\u00e9, gestionnaire de projet.<\/span><\/p>\n<p><span style=\"font-size: 16pt\"><strong>Tabouleinfos.com<\/strong><\/span><\/p>\n<p>&nbsp;<\/p>\n","protected":false},"excerpt":{"rendered":"<p>Au Minist\u00e8re de la Culture, du Tourisme et de l\u2019Artisanat, plusieurs hauts cadres sont nomm\u00e9s par le pr\u00e9sident Mamadi Doumbouya. Cette nomination fait suite \u00e0 un d\u00e9cret lu sur la RTG, ce vendredi 17 janvier 2025. Voici la liste des cadres nomm\u00e9s.\u00a0 Inspecteur g\u00e9n\u00e9ral de la culture, du tourisme et de l\u2019artisanat\u00a0: M. Vital Goumou, [&hellip;]<\/p>\n","protected":false},"author":5,"featured_media":13559,"comment_status":"closed","ping_status":"closed","sticky":false,"template":"","format":"standard","meta":{"footnotes":""},"categories":[2,25],"tags":[],"class_list":{"0":"post-13556","1":"post","2":"type-post","3":"status-publish","4":"format-standard","5":"has-post-thumbnail","7":"category-featured","8":"category-news"},"_links":{"self":[{"href":"https:\/\/tabouleinfos.com\/index.php\/wp-json\/wp\/v2\/posts\/13556","targetHints":{"allow":["GET"]}}],"collection":[{"href":"https:\/\/tabouleinfos.com\/index.php\/wp-json\/wp\/v2\/posts"}],"about":[{"href":"https:\/\/tabouleinfos.com\/index.php\/wp-json\/wp\/v2\/types\/post"}],"author":[{"embeddable":true,"href":"https:\/\/tabouleinfos.com\/index.php\/wp-json\/wp\/v2\/users\/5"}],"replies":[{"embeddable":true,"href":"https:\/\/tabouleinfos.com\/index.php\/wp-json\/wp\/v2\/comments?post=13556"}],"version-history":[{"count":0,"href":"https:\/\/tabouleinfos.com\/index.php\/wp-json\/wp\/v2\/posts\/13556\/revisions"}],"wp:featuredmedia":[{"embeddable":true,"href":"https:\/\/tabouleinfos.com\/index.php\/wp-json\/wp\/v2\/media\/13559"}],"wp:attachment":[{"href":"https:\/\/tabouleinfos.com\/index.php\/wp-json\/wp\/v2\/media?parent=13556"}],"wp:term":[{"taxonomy":"category","embeddable":true,"href":"https:\/\/tabouleinfos.com\/index.php\/wp-json\/wp\/v2\/categories?post=13556"},{"taxonomy":"post_tag","embeddable":true,"href":"https:\/\/tabouleinfos.com\/index.php\/wp-json\/wp\/v2\/tags?post=13556"}],"curies":[{"name":"wp","href":"https:\/\/api.w.org\/{rel}","templated":true}]}}