{"id":13788,"date":"2025-02-10T13:48:42","date_gmt":"2025-02-10T13:48:42","guid":{"rendered":"https:\/\/tabouleinfos.com\/?p=13788"},"modified":"2025-02-10T14:19:14","modified_gmt":"2025-02-10T14:19:14","slug":"rokia-traore-raconte-la-prison-et-comment-lecriture-a-ete-son-refuge","status":"publish","type":"post","link":"https:\/\/tabouleinfos.com\/index.php\/rokia-traore-raconte-la-prison-et-comment-lecriture-a-ete-son-refuge\/","title":{"rendered":"Rokia Traor\u00e9 raconte la prison et comment l\u2019\u00e9criture a \u00e9t\u00e9 son refuge"},"content":{"rendered":"<p><span style=\"font-size: 16pt\"><strong>La chanteuse a \u00e9t\u00e9 lib\u00e9r\u00e9e le 22 janvier, apr\u00e8s sept mois de prison pour \u00ab\u00a0non-repr\u00e9sentation d\u2019enfant\u00a0\u00bb dans le cadre d\u2019un litige judiciaire avec son ex-conjoint. Elle pr\u00e9pare la sortie d\u2019un livre et d\u2019une pi\u00e8ce de th\u00e9\u00e2tre.<\/strong><\/span><\/p>\n<p><span style=\"font-size: 16pt\">Le d\u00e9but d\u2019une nouvelle vie artistique pour\u00a0Rokia Traor\u00e9\u00a0? La chanteuse et guitariste de 51 ans, condamn\u00e9e en octobre 2023 par le tribunal correctionnel de Bruxelles \u00e0 une peine de deux ans d\u2019emprisonnement pour \u00ab\u00a0non-repr\u00e9sentation d\u2019enfant\u00a0\u00bb, est libre. Elle raconte au\u00a0Parisien\u00a0\u00a0ses conditions de d\u00e9tentions en Belgique et comment l\u2019\u00e9criture lui a permis de s\u2019int\u00e9grer.<\/span><\/p>\n<p><span style=\"font-size: 16pt\">En 2023, sa condamnation au p\u00e9nal d\u00e9coulait du fait qu\u2019elle avait refus\u00e9 de se soumettre \u00e0 la d\u00e9cision d\u2019un juge civil belge accordant la garde de l\u2019enfant au p\u00e8re, Jan Goossens. Elle ne s\u2019\u00e9tait pas pr\u00e9sent\u00e9e au tribunal correctionnel et avait \u00e9t\u00e9 condamn\u00e9e par d\u00e9faut. Rokia Traor\u00e9 affirme de son c\u00f4t\u00e9 ne jamais avoir re\u00e7u de convocation de la justice belge. En juin 2024, la chanteuse, toujours sous la menace d\u2019un mandat d\u2019arr\u00eat europ\u00e9en, a \u00e9t\u00e9 arr\u00eat\u00e9e \u00e0 l\u2019a\u00e9roport de Rome, o\u00f9 elle venait d\u2019atterrir pour donner un concert. Elle avait \u00e9t\u00e9 transf\u00e9r\u00e9e et incarc\u00e9r\u00e9e \u00e0 Bruxelles, fin novembre, avant d\u2019\u00eatre lib\u00e9r\u00e9e le 23 janvier.<\/span><\/p>\n<p><span style=\"font-size: 16pt\">\u00ab\u00a0Je ne comprenais pas pourquoi j\u2019\u00e9tais l\u00e0, pourquoi on me demandait de me mettre nue pour me fouiller, pourquoi on me parlait mal\u00a0\u00bb, raconte-t-elle au Parisien. La chanteuse avait d\u00e9j\u00e0 \u00e9t\u00e9 arr\u00eat\u00e9e en 2020 \u00e0 Roissy, avant d\u2019\u00eatre incarc\u00e9r\u00e9e pendant une dur\u00e9e de deux semaines \u00e0 la prison de Fleury-M\u00e9rogis, en Essonne.\u00a0\u00ab\u00a0Quand j\u2019ai \u00e9t\u00e9 arr\u00eat\u00e9e \u00e0 Roissy, je me rendais \u00e0 un concert au th\u00e9\u00e2tre Bolcho\u00ef \u00e0 Moscou. Je portais beaucoup de bijoux, et j\u2019avais avec moi trois valises de v\u00eatements. Du coup, j\u2019ai eu droit \u00e0 des remarques d\u00e9sobligeantes, des moqueries sur le fait que l\u2019administration p\u00e9nitentiaire m\u2019avait r\u00e9serv\u00e9 une suite dans un quatre-\u00e9toiles. Pourquoi cette m\u00e9chancet\u00e9 gratuite\u00a0? Pourquoi me terroriser\u00a0?\u00a0\u00bb,\u00a0d\u00e9nonce-t-elle.<\/span><\/p>\n<p><strong><span style=\"font-size: 16pt\">Un r\u00f4le de messag\u00e8re<\/span><\/strong><\/p>\n<p><span style=\"font-size: 16pt\">L\u2019artiste a v\u00e9cu des premiers jours de d\u00e9tention difficiles : \u00ab il y a beaucoup de violence et de m\u00e9chancet\u00e9 comme on peut le voir au cin\u00e9ma \u00bb, d\u00e9clare-t-elle. Puis la \u00ab solidarit\u00e9 \u00bb et \u00ab l\u2019humanit\u00e9 \u00bb sont apparues. \u00ab Des femmes avec de lourdes peines se sont senties tout de suite proches de moi, et m\u2019ont prise sous leur protection. Elles me disaient : \u201cTu n\u2019es pas comme nous, tu n\u2019as rien \u00e0 faire ici\u201d. \u00bb\u00a0\u00a0Si l\u2019artiste se sentait \u00ab comme un rat en cage \u00bb, sa notori\u00e9t\u00e9 lui a \u00e9t\u00e9 favorable. \u00ab Elle me voyait beaucoup \u00e9crire, cela me permettait de tenir. Leur message \u00e9tait clair : \u201c On compte sur toi pour parler de la prison, toi, on va t\u2019\u00e9couter. \u201d Certains m\u2019ont vraiment prot\u00e9g\u00e9e. \u00bb<\/span><\/p>\n<p><span style=\"font-size: 16pt\">La plus grande peur de Rokia Traor\u00e9 a toujours \u00e9t\u00e9 de ne pas conna\u00eetre sa date de lib\u00e9ration.\u00a0\u00ab\u00a0J\u2019ignorais comment tout \u00e7a allait finir.\u00a0\u00bb\u00a0Pendant ses sept mois et demi d\u2019incarc\u00e9ration, la femme n\u2019a pas vu une fois ses enfants. L\u2019un est \u00e9tudiant \u00e0 Paris, l\u2019autre vit au Mali.\u00a0\u00ab\u00a0C\u2019\u00e9tait tellement douloureux de penser \u00e0 leur d\u00e9sarroi (&#8230;) J\u2019ai pu vendre des investissements et m\u2019organiser pour qu\u2019ils gardent le m\u00eame niveau de vie (&#8230;). Je voulais qu\u2019ils comprennent que je gardais ma place de maman\u00a0\u00bb,\u00a0explique-t-elle.<\/span><\/p>\n<p><span style=\"font-size: 16pt\"><strong>Une pi\u00e8ce de th\u00e9\u00e2tre et un livre<\/strong><\/span><\/p>\n<p><span style=\"font-size: 16pt\">Son amour pour la musique, Rokia Traor\u00e9 l\u2019a entretenu avec un lecteur et quelques CD\u00a0:\u00a0\u00ab\u00a0Fela Kuti, Miriam Makeba, Ella Fitzgerald et Haendel.\u00a0\u00bb\u00a0Son temps \u00e9tait surtout consacr\u00e9 \u00e0 l\u2019\u00e9criture.\u00a0\u00ab\u00a0Je ne faisais que \u00e7a. J\u2019\u00e9crivais ce qu\u2019il se passait. Au d\u00e9but, j\u2019\u00e9tais dans une position d\u2019observatrice et, apr\u00e8s, les autres filles sont venues me parler d\u2019elles, de leurs histoires.\u00a0\u00bb<\/span><\/p>\n<p><span style=\"font-size: 16pt\">La femme de 51 ans est actuellement en pr\u00e9paration d\u2019une pi\u00e8ce de th\u00e9\u00e2tre, inspir\u00e9e par sa d\u00e9tention. La troupe est d\u00e9j\u00e0 trouv\u00e9e. Il s\u2019agit des Inachev\u00e9s de Mo\u00efse Tour\u00e9, bas\u00e9e \u00e0 Grenoble.\u00a0\u00ab\u00a0On va la cr\u00e9er en 2025 au Mali. Puis, on jouera aussi ici en 2026\u00a0\u00bb,\u00a0assure-t-elle. Rokia Traor\u00e9 vient \u00e9galement de terminer l\u2019\u00e9criture d\u2019un livre, \u00e9crit \u00e0 la premi\u00e8re personne.<\/span><\/p>\n<p><span style=\"font-size: 16pt\">Selon l\u2019avocat de son ex-mari, cit\u00e9 par l\u2019AFP en janvier, la chanteuse a l\u2019obligation de rester\u00a0\u00ab\u00a0en Europe\u00a0\u00bb. Une nouvelle audience est pr\u00e9vue en juin \u00e0 Bruxelles.<\/span><\/p>\n<p><span style=\"font-size: 16pt\">A lire sur\u00a0: <span style=\"color: #0000ff\"><a style=\"color: #0000ff\" href=\"https:\/\/www.lefigaro.fr\/musique\/rokia-traore-raconte-la-prison-et-comment-l-ecriture-a-ete-son-refuge-20250210\"><strong>legaro.fr<\/strong><\/a><\/span><\/span><\/p>\n<p>&nbsp;<\/p>\n","protected":false},"excerpt":{"rendered":"<p>La chanteuse a \u00e9t\u00e9 lib\u00e9r\u00e9e le 22 janvier, apr\u00e8s sept mois de prison pour \u00ab\u00a0non-repr\u00e9sentation d\u2019enfant\u00a0\u00bb dans le cadre d\u2019un litige judiciaire avec son ex-conjoint. Elle pr\u00e9pare la sortie d\u2019un livre et d\u2019une pi\u00e8ce de th\u00e9\u00e2tre. Le d\u00e9but d\u2019une nouvelle vie artistique pour\u00a0Rokia Traor\u00e9\u00a0? La chanteuse et guitariste de 51 ans, condamn\u00e9e en octobre 2023 [&hellip;]<\/p>\n","protected":false},"author":5,"featured_media":13789,"comment_status":"closed","ping_status":"closed","sticky":false,"template":"","format":"standard","meta":{"footnotes":""},"categories":[2,25],"tags":[],"class_list":{"0":"post-13788","1":"post","2":"type-post","3":"status-publish","4":"format-standard","5":"has-post-thumbnail","7":"category-featured","8":"category-news"},"_links":{"self":[{"href":"https:\/\/tabouleinfos.com\/index.php\/wp-json\/wp\/v2\/posts\/13788","targetHints":{"allow":["GET"]}}],"collection":[{"href":"https:\/\/tabouleinfos.com\/index.php\/wp-json\/wp\/v2\/posts"}],"about":[{"href":"https:\/\/tabouleinfos.com\/index.php\/wp-json\/wp\/v2\/types\/post"}],"author":[{"embeddable":true,"href":"https:\/\/tabouleinfos.com\/index.php\/wp-json\/wp\/v2\/users\/5"}],"replies":[{"embeddable":true,"href":"https:\/\/tabouleinfos.com\/index.php\/wp-json\/wp\/v2\/comments?post=13788"}],"version-history":[{"count":0,"href":"https:\/\/tabouleinfos.com\/index.php\/wp-json\/wp\/v2\/posts\/13788\/revisions"}],"wp:featuredmedia":[{"embeddable":true,"href":"https:\/\/tabouleinfos.com\/index.php\/wp-json\/wp\/v2\/media\/13789"}],"wp:attachment":[{"href":"https:\/\/tabouleinfos.com\/index.php\/wp-json\/wp\/v2\/media?parent=13788"}],"wp:term":[{"taxonomy":"category","embeddable":true,"href":"https:\/\/tabouleinfos.com\/index.php\/wp-json\/wp\/v2\/categories?post=13788"},{"taxonomy":"post_tag","embeddable":true,"href":"https:\/\/tabouleinfos.com\/index.php\/wp-json\/wp\/v2\/tags?post=13788"}],"curies":[{"name":"wp","href":"https:\/\/api.w.org\/{rel}","templated":true}]}}