{"id":13873,"date":"2025-02-19T13:09:49","date_gmt":"2025-02-19T13:09:49","guid":{"rendered":"https:\/\/tabouleinfos.com\/?p=13873"},"modified":"2025-02-19T20:32:34","modified_gmt":"2025-02-19T20:32:34","slug":"adama-keita-le-photographe-de-sidiki-diabate-rentre-a-la-maison","status":"publish","type":"post","link":"https:\/\/tabouleinfos.com\/index.php\/adama-keita-le-photographe-de-sidiki-diabate-rentre-a-la-maison\/","title":{"rendered":"Adama Keita : le photographe de Sidiki Diabat\u00e9 rentre \u00e0 la maison"},"content":{"rendered":"<p><span style=\"font-size: 16pt\"><strong>Le photographe guin\u00e9en, Adama Keita est de retour au bercail. Le PDG de HCM Multim\u00e9dia \u00e9tait en France pour le concert de Sidiki Diabat\u00e9 \u00e0 Paris la D\u00e9fense Arena, le 8 f\u00e9vrier 2025. Sa pr\u00e9sence sur cet \u00e9v\u00e9nement a \u00e9t\u00e9 largement appr\u00e9ci\u00e9e par les professionnels de la photographie.<\/strong><\/span><\/p>\n<p><span style=\"font-size: 16pt\">Adama Keita est rentr\u00e9 \u00e0 Conakry, ce mardi 18 f\u00e9vrier. Depuis un bon moment, ce jeune guin\u00e9en est sollicit\u00e9 par l&rsquo;artiste malien pour son professionnalisme. Pr\u00e9sentement, c&rsquo;est lui qui immortalise avec son objectif, les prestations sc\u00e9niques du prince de la Kora en Afrique et ailleurs.<\/span><\/p>\n<p><span style=\"font-size: 16pt\">Le 8 f\u00e9vrier dernier, ses clich\u00e9s pris lors du concert de Sidiki Diabat\u00e9 en France ont fait le tour des r\u00e9seaux sociaux. Apr\u00e8s ce travail appr\u00e9ci\u00e9 de tous, Adama est rentr\u00e9 \u00e0 la maison la t\u00eate haute.\u00a0<\/span><\/p>\n<p><span style=\"font-size: 16pt\">\u00ab\u00a0<em>\u00c7a c\u2019est bien pass\u00e9. C\u2019\u00e9tait la couverture du concert de l\u2019artiste Sidiki Diabat\u00e9 \u00e0 l&rsquo;U Arena. Il y avait aussi sa tourn\u00e9e europ\u00e9enne. J\u2019ai d\u00e9j\u00e0 fait une tourn\u00e9e africaine avec lui.\u00a0\u00bb<\/em>, dit-il.\u00a0<\/span><\/p>\n<p><span style=\"font-size: 16pt\">Puis d&rsquo;ajouter : \u00ab\u00a0<em>Donc \u00e0 la base, je suis son photographe personnel. G\u00e9n\u00e9ralement, ce qui m\u2019a marqu\u00e9 le plus, c\u2019est l\u2019encouragement qui \u00e9tait l\u00e0. J\u2019ai vu que tout le peuple de Guin\u00e9e, que \u00e7a soit les artistes, les influenceurs, les journalistes\u2026 tout le monde s\u2019est donn\u00e9 la main pour me donner plus de force \u00e0 ce que l\u2019\u00e9v\u00e9nement se passe dans les bonnes conditions<\/em>.\u00a0\u00bb, a d\u00e9clar\u00e9 le boss de HCM Multim\u00e9dia.\u00a0<\/span><\/p>\n<p><span style=\"font-size: 16pt\">En se confiant \u00e0 la presse \u00e0 l&rsquo;a\u00e9roport international Ahmed Sekou Tour\u00e9, il a fait savoir ce qui l&rsquo;a motiv\u00e9 de r\u00eaver grand. \u00ab\u00a0<em>Premi\u00e8rement, c\u2019est la passion qui m\u2019a pouss\u00e9. Deuxi\u00e8mement, ce qui m\u2019a pouss\u00e9 \u00e0 couvrir un tel \u00e9v\u00e9nement, c\u2019\u00e9tait mon projet, il y a tr\u00e8s longtemps. En Guin\u00e9e, il y a plein de phographe. Mais la photographie guin\u00e9enne n\u2019\u00e9tait pas aussi vue, c\u2019est ainsi je me suis engag\u00e9 avec mon \u00e9quipe afin d\u2019amener plus loin la photographie guin\u00e9enne et que notre image soit respect\u00e9e sur l\u2019\u00e9chelle internationale<\/em>\u00ab\u00a0, a-t-il rappel\u00e9.\u00a0<\/span><\/p>\n<p><span style=\"font-size: 16pt\">Pour terminer, il a laiss\u00e9 un message pour les photographes. \u00ab\u00a0<em>Ce que je dirais \u00e0 tous les photographes, tout est possible. Il suffit d\u2019y r\u00eaver et de se mettre au travail. Avec \u00e7a, c\u2019est Dieu qui va accompagner<\/em>.\u00a0\u00bb\u00a0<\/span><\/p>\n<p><span style=\"font-size: 16pt\"><strong>Aboubacar Fod\u00e9 Bangoura<\/strong><\/span><\/p>\n","protected":false},"excerpt":{"rendered":"<p>Le photographe guin\u00e9en, Adama Keita est de retour au bercail. Le PDG de HCM Multim\u00e9dia \u00e9tait en France pour le concert de Sidiki Diabat\u00e9 \u00e0 Paris la D\u00e9fense Arena, le 8 f\u00e9vrier 2025. Sa pr\u00e9sence sur cet \u00e9v\u00e9nement a \u00e9t\u00e9 largement appr\u00e9ci\u00e9e par les professionnels de la photographie. Adama Keita est rentr\u00e9 \u00e0 Conakry, ce [&hellip;]<\/p>\n","protected":false},"author":5,"featured_media":13876,"comment_status":"closed","ping_status":"closed","sticky":false,"template":"","format":"standard","meta":{"footnotes":""},"categories":[2,25],"tags":[],"class_list":{"0":"post-13873","1":"post","2":"type-post","3":"status-publish","4":"format-standard","5":"has-post-thumbnail","7":"category-featured","8":"category-news"},"_links":{"self":[{"href":"https:\/\/tabouleinfos.com\/index.php\/wp-json\/wp\/v2\/posts\/13873","targetHints":{"allow":["GET"]}}],"collection":[{"href":"https:\/\/tabouleinfos.com\/index.php\/wp-json\/wp\/v2\/posts"}],"about":[{"href":"https:\/\/tabouleinfos.com\/index.php\/wp-json\/wp\/v2\/types\/post"}],"author":[{"embeddable":true,"href":"https:\/\/tabouleinfos.com\/index.php\/wp-json\/wp\/v2\/users\/5"}],"replies":[{"embeddable":true,"href":"https:\/\/tabouleinfos.com\/index.php\/wp-json\/wp\/v2\/comments?post=13873"}],"version-history":[{"count":0,"href":"https:\/\/tabouleinfos.com\/index.php\/wp-json\/wp\/v2\/posts\/13873\/revisions"}],"wp:featuredmedia":[{"embeddable":true,"href":"https:\/\/tabouleinfos.com\/index.php\/wp-json\/wp\/v2\/media\/13876"}],"wp:attachment":[{"href":"https:\/\/tabouleinfos.com\/index.php\/wp-json\/wp\/v2\/media?parent=13873"}],"wp:term":[{"taxonomy":"category","embeddable":true,"href":"https:\/\/tabouleinfos.com\/index.php\/wp-json\/wp\/v2\/categories?post=13873"},{"taxonomy":"post_tag","embeddable":true,"href":"https:\/\/tabouleinfos.com\/index.php\/wp-json\/wp\/v2\/tags?post=13873"}],"curies":[{"name":"wp","href":"https:\/\/api.w.org\/{rel}","templated":true}]}}