{"id":13933,"date":"2025-02-23T20:47:48","date_gmt":"2025-02-23T20:47:48","guid":{"rendered":"https:\/\/tabouleinfos.com\/?p=13933"},"modified":"2025-02-23T20:48:26","modified_gmt":"2025-02-23T20:48:26","slug":"le-mouvement-de-la-jeunesse-pour-le-progres-de-la-guinee-lance-officiellement-ses-activites","status":"publish","type":"post","link":"https:\/\/tabouleinfos.com\/index.php\/le-mouvement-de-la-jeunesse-pour-le-progres-de-la-guinee-lance-officiellement-ses-activites\/","title":{"rendered":"Le mouvement de la Jeunesse pour le Progr\u00e8s de la Guin\u00e9e lance officiellement ses activit\u00e9s"},"content":{"rendered":"<p><span style=\"font-size: 16pt\"><strong>A la faveur d&rsquo;une conf\u00e9rence de presse, le Mouvement de la Jeunesse pour le Progr\u00e8s de la Guin\u00e9e a officiellement lanc\u00e9, ce dimanche 23 f\u00e9vrier ses activit\u00e9s \u00e0 Conakry.\u00a0<\/strong><\/span><\/p>\n<p><span style=\"font-size: 16pt\">Depuis sa cr\u00e9ation, il y a de cela quatre mois le Mouvement de la Jeunesse pour le Progr\u00e8s de la Guin\u00e9e s&rsquo;impose comme l&rsquo;un des plus grands vecteurs de soutien populaire au pr\u00e9sident de la R\u00e9publique, le g\u00e9n\u00e9ral Mamadi Doumbouya.\u00a0<\/span><\/p>\n<p><span style=\"font-size: 16pt\">Sous l&rsquo;impulsion de son coordinateur G\u00e9n\u00e9ral Oumar Ke\u00efta, ce mouvement citoyen multiple les actions de terrain, renfor\u00e7ant la visibilit\u00e9 du chef de l\u2019\u00c9tat et mobilisant un large pan de la soci\u00e9t\u00e9 guin\u00e9enne autour de ses id\u00e9aux.\u00a0<\/span><\/p>\n<p><span style=\"font-size: 16pt\">\u00ab\u00a0Ce soutien que nous apportons aujourd\u2019hui au pr\u00e9sident Mamadi Doumbouya, s&rsquo;inscrit dans une d\u00e9marche de solidarit\u00e9 nationale et de confiance envers son leadership clairvoyant et sa d\u00e9termination. Nous croyons en sa capacit\u00e9 \u00e0 conduire la Guin\u00e9e vers un avenir o\u00f9 la jeunesse aura non seulement des opportunit\u00e9s, mais aussi les moyens de les saisir pleinement. Le mouvement des jeunes pour le Progr\u00e8s de la Guin\u00e9e sera toujours aux c\u00f4t\u00e9s du pr\u00e9sident et des autorit\u00e9s de notre pays pour d\u00e9fendre et mettre en oeuvre cette vision. \u00ab\u00a0, a d\u00e9clar\u00e9 Oumar Ke\u00efta coordinateur du mouvement sous les ovations de ses militants et sympathisants fortement mobilis\u00e9s.\u00a0<\/span><\/p>\n<p><span style=\"font-size: 16pt\">Le dynamisme du Mouvement de la Jeunesse pour le Progr\u00e8s de la Guin\u00e9e s\u2019est illustr\u00e9 r\u00e9cemment dans la commune de Dixin sur les pistes de l&rsquo;Eliport de Bellevue lors d&rsquo;un mouvement de soutien populaire organis\u00e9 sous la pr\u00e9sidence de l&rsquo;ex-ministre l&rsquo;enseignement Pr\u00e9-Universitaire et de l\u2019Alphab\u00e9tisation Guillaume Hawigue. Cet \u00e9v\u00e9nement majeur a rassembl\u00e9 des milliers de citoyens venus t\u00e9moigner leur soutien ind\u00e9fectible au pr\u00e9sident de la R\u00e9publique, confirmant ainsi l\u2019influence et la capacit\u00e9 de mobilisation du mouvement.\u00a0<\/span><\/p>\n<p><span style=\"font-size: 16pt\">Le succ\u00e8s fulgurant du Mouvement de la Jeunesse pour le Progr\u00e8s de la Guin\u00e9e cr\u00e9\u00e9 un de ralliement qui r\u00e9sonne d\u00e9sormais dans les quartiers, les march\u00e9s et lors des rassemblements, f\u00e9d\u00e9rant les c\u0153urs autour des id\u00e9aux et des actions du pr\u00e9sident Doumbouya.<\/span><\/p>\n<p><span style=\"font-size: 16pt\">Dans son vaste programme de soutien aux actions du pr\u00e9sident de la R\u00e9publique G\u00e9n\u00e9ral Mamadi Doumbouya, le mouvement entend se d\u00e9ployer. Ce apr\u00e8s le mois de ramadan dans tous les quartiers march\u00e9s et autres lieux publics tant \u00e0 Conakry et qu\u2019\u00e0 l\u2019int\u00e9rieur du pays pour non seulement pour valider ses antennes et mobiliser les couches socioprofessionnelles autour des id\u00e9aux de paix de coh\u00e9sion sociale et de d\u00e9veloppement \u00e9conomique et social, pr\u00f4n\u00e9s par le Chef de l\u2019Etat.\u00a0<\/span><\/p>\n<p><span style=\"font-size: 16pt\"><strong>Facely Diawara<\/strong><\/span><\/p>\n","protected":false},"excerpt":{"rendered":"<p>A la faveur d&rsquo;une conf\u00e9rence de presse, le Mouvement de la Jeunesse pour le Progr\u00e8s de la Guin\u00e9e a officiellement lanc\u00e9, ce dimanche 23 f\u00e9vrier ses activit\u00e9s \u00e0 Conakry.\u00a0 Depuis sa cr\u00e9ation, il y a de cela quatre mois le Mouvement de la Jeunesse pour le Progr\u00e8s de la Guin\u00e9e s&rsquo;impose comme l&rsquo;un des plus [&hellip;]<\/p>\n","protected":false},"author":5,"featured_media":13935,"comment_status":"closed","ping_status":"closed","sticky":false,"template":"","format":"standard","meta":{"footnotes":""},"categories":[21,2],"tags":[],"class_list":{"0":"post-13933","1":"post","2":"type-post","3":"status-publish","4":"format-standard","5":"has-post-thumbnail","7":"category-events","8":"category-featured"},"_links":{"self":[{"href":"https:\/\/tabouleinfos.com\/index.php\/wp-json\/wp\/v2\/posts\/13933","targetHints":{"allow":["GET"]}}],"collection":[{"href":"https:\/\/tabouleinfos.com\/index.php\/wp-json\/wp\/v2\/posts"}],"about":[{"href":"https:\/\/tabouleinfos.com\/index.php\/wp-json\/wp\/v2\/types\/post"}],"author":[{"embeddable":true,"href":"https:\/\/tabouleinfos.com\/index.php\/wp-json\/wp\/v2\/users\/5"}],"replies":[{"embeddable":true,"href":"https:\/\/tabouleinfos.com\/index.php\/wp-json\/wp\/v2\/comments?post=13933"}],"version-history":[{"count":0,"href":"https:\/\/tabouleinfos.com\/index.php\/wp-json\/wp\/v2\/posts\/13933\/revisions"}],"wp:featuredmedia":[{"embeddable":true,"href":"https:\/\/tabouleinfos.com\/index.php\/wp-json\/wp\/v2\/media\/13935"}],"wp:attachment":[{"href":"https:\/\/tabouleinfos.com\/index.php\/wp-json\/wp\/v2\/media?parent=13933"}],"wp:term":[{"taxonomy":"category","embeddable":true,"href":"https:\/\/tabouleinfos.com\/index.php\/wp-json\/wp\/v2\/categories?post=13933"},{"taxonomy":"post_tag","embeddable":true,"href":"https:\/\/tabouleinfos.com\/index.php\/wp-json\/wp\/v2\/tags?post=13933"}],"curies":[{"name":"wp","href":"https:\/\/api.w.org\/{rel}","templated":true}]}}