{"id":14227,"date":"2025-03-27T16:38:26","date_gmt":"2025-03-27T16:38:26","guid":{"rendered":"https:\/\/tabouleinfos.com\/?p=14227"},"modified":"2025-03-27T17:18:10","modified_gmt":"2025-03-27T17:18:10","slug":"lan-41-de-la-mort-de-sekou-toure-le-mourag-exprime-sa-deception","status":"publish","type":"post","link":"https:\/\/tabouleinfos.com\/index.php\/lan-41-de-la-mort-de-sekou-toure-le-mourag-exprime-sa-deception\/","title":{"rendered":"L\u2019an 41 de la mort de S\u00e9kou Tour\u00e9 : le MOURAG exprime sa d\u00e9ception"},"content":{"rendered":"<p><span style=\"font-size: 16pt\"><strong>Le 41<sup>\u00e8me<\/sup> \u00a0anniversaire du d\u00e9c\u00e8s du camarade Ahmed S\u00e9kou Tour\u00e9 a \u00e9t\u00e9 comm\u00e9mor\u00e9 en Guin\u00e9e, ce mercredi 26 mars 2025. Comme d\u2019habitude chez le Mouvement Rasta de Guin\u00e9e (MOURAG), cette date est c\u00e9l\u00e9br\u00e9e \u00e0 travers un p\u00e8lerinage panafricain \u00e0 Conakry.<\/strong><\/span><\/p>\n<p><a href=\"https:\/\/tabouleinfos.com\/wp-content\/uploads\/2025\/03\/IMG_20250326_103125_1-scaled.jpg\"><img loading=\"lazy\" decoding=\"async\" width=\"1024\" height=\"661\" class=\"alignnone size-large wp-image-14230\" src=\"https:\/\/tabouleinfos.com\/wp-content\/uploads\/2025\/03\/IMG_20250326_103125_1-1024x661.jpg\" alt=\"\" srcset=\"https:\/\/tabouleinfos.com\/wp-content\/uploads\/2025\/03\/IMG_20250326_103125_1-1024x661.jpg 1024w, https:\/\/tabouleinfos.com\/wp-content\/uploads\/2025\/03\/IMG_20250326_103125_1-300x194.jpg 300w, https:\/\/tabouleinfos.com\/wp-content\/uploads\/2025\/03\/IMG_20250326_103125_1-768x495.jpg 768w, https:\/\/tabouleinfos.com\/wp-content\/uploads\/2025\/03\/IMG_20250326_103125_1-1536x991.jpg 1536w, https:\/\/tabouleinfos.com\/wp-content\/uploads\/2025\/03\/IMG_20250326_103125_1-2048x1321.jpg 2048w, https:\/\/tabouleinfos.com\/wp-content\/uploads\/2025\/03\/IMG_20250326_103125_1-696x449.jpg 696w, https:\/\/tabouleinfos.com\/wp-content\/uploads\/2025\/03\/IMG_20250326_103125_1-1068x689.jpg 1068w, https:\/\/tabouleinfos.com\/wp-content\/uploads\/2025\/03\/IMG_20250326_103125_1-1920x1239.jpg 1920w, https:\/\/tabouleinfos.com\/wp-content\/uploads\/2025\/03\/IMG_20250326_103125_1-651x420.jpg 651w, https:\/\/tabouleinfos.com\/wp-content\/uploads\/2025\/03\/IMG_20250326_103125_1-750x484.jpg 750w, https:\/\/tabouleinfos.com\/wp-content\/uploads\/2025\/03\/IMG_20250326_103125_1-1140x735.jpg 1140w\" sizes=\"auto, (max-width: 1024px) 100vw, 1024px\" \/><\/a><\/p>\n<p><span style=\"font-size: 16pt\">Cette ann\u00e9e, le Mouvement Rasta de Guin\u00e9e a f\u00eat\u00e9 la 4<sup>\u00e8me<\/sup> \u00e9dition de son p\u00e8lerinage panafricain avec une grande frustration contre l\u2019administration du Jardin du 2 Octobre. Cette col\u00e8re fait suite aux difficult\u00e9s que le MOURAG a rencontr\u00e9 dans l\u2019organisation de cet \u00e9v\u00e9nement rendant hommage \u00e0 Ahmed S\u00e9kou Tour\u00e9, 1<sup>er<\/sup> pr\u00e9sident de la Guin\u00e9e ind\u00e9pendante. \u00a0<\/span><\/p>\n<p><a href=\"https:\/\/tabouleinfos.com\/wp-content\/uploads\/2025\/03\/gbassikolo-scaled.jpg\"><img loading=\"lazy\" decoding=\"async\" width=\"1024\" height=\"662\" class=\"alignnone size-large wp-image-14231\" src=\"https:\/\/tabouleinfos.com\/wp-content\/uploads\/2025\/03\/gbassikolo-1024x662.jpg\" alt=\"\" srcset=\"https:\/\/tabouleinfos.com\/wp-content\/uploads\/2025\/03\/gbassikolo-1024x662.jpg 1024w, https:\/\/tabouleinfos.com\/wp-content\/uploads\/2025\/03\/gbassikolo-300x194.jpg 300w, https:\/\/tabouleinfos.com\/wp-content\/uploads\/2025\/03\/gbassikolo-768x496.jpg 768w, https:\/\/tabouleinfos.com\/wp-content\/uploads\/2025\/03\/gbassikolo-1536x992.jpg 1536w, https:\/\/tabouleinfos.com\/wp-content\/uploads\/2025\/03\/gbassikolo-2048x1323.jpg 2048w, https:\/\/tabouleinfos.com\/wp-content\/uploads\/2025\/03\/gbassikolo-696x450.jpg 696w, https:\/\/tabouleinfos.com\/wp-content\/uploads\/2025\/03\/gbassikolo-1068x690.jpg 1068w, https:\/\/tabouleinfos.com\/wp-content\/uploads\/2025\/03\/gbassikolo-1920x1240.jpg 1920w, https:\/\/tabouleinfos.com\/wp-content\/uploads\/2025\/03\/gbassikolo-650x420.jpg 650w, https:\/\/tabouleinfos.com\/wp-content\/uploads\/2025\/03\/gbassikolo-750x485.jpg 750w, https:\/\/tabouleinfos.com\/wp-content\/uploads\/2025\/03\/gbassikolo-1140x736.jpg 1140w\" sizes=\"auto, (max-width: 1024px) 100vw, 1024px\" \/><\/a><\/p>\n<p><span style=\"font-size: 16pt\">Selon le pr\u00e9sident du MOURAG, Gbassikolo Kakoulima Konat\u00e9 le p\u00e8lerinage a \u00e9t\u00e9 autoris\u00e9 par le gouvernorat de la ville de Conakry\u00a0: <em>\u00ab\u00a0mais il y a eu un probl\u00e8me entre les administrateurs du Jardin du 2 Octobre et nous. Je ne sais pas pourquoi, sinon la lettre a \u00e9t\u00e9 envoy\u00e9e au gouvernorat et deux personnes l\u2019ont sign\u00e9, except\u00e9 Mme le gouverneur<\/em>.\u00bb, dit-il.<\/span><\/p>\n<p><a href=\"https:\/\/tabouleinfos.com\/wp-content\/uploads\/2025\/03\/aly-baba.jpg\"><img loading=\"lazy\" decoding=\"async\" width=\"1024\" height=\"540\" class=\"alignnone size-large wp-image-14232\" src=\"https:\/\/tabouleinfos.com\/wp-content\/uploads\/2025\/03\/aly-baba-1024x540.jpg\" alt=\"\" srcset=\"https:\/\/tabouleinfos.com\/wp-content\/uploads\/2025\/03\/aly-baba-1024x540.jpg 1024w, https:\/\/tabouleinfos.com\/wp-content\/uploads\/2025\/03\/aly-baba-300x158.jpg 300w, https:\/\/tabouleinfos.com\/wp-content\/uploads\/2025\/03\/aly-baba-768x405.jpg 768w, https:\/\/tabouleinfos.com\/wp-content\/uploads\/2025\/03\/aly-baba-696x367.jpg 696w, https:\/\/tabouleinfos.com\/wp-content\/uploads\/2025\/03\/aly-baba-1068x563.jpg 1068w, https:\/\/tabouleinfos.com\/wp-content\/uploads\/2025\/03\/aly-baba-796x420.jpg 796w, https:\/\/tabouleinfos.com\/wp-content\/uploads\/2025\/03\/aly-baba-750x396.jpg 750w, https:\/\/tabouleinfos.com\/wp-content\/uploads\/2025\/03\/aly-baba-1140x601.jpg 1140w, https:\/\/tabouleinfos.com\/wp-content\/uploads\/2025\/03\/aly-baba.jpg 1280w\" sizes=\"auto, (max-width: 1024px) 100vw, 1024px\" \/><\/a><\/p>\n<p><span style=\"font-size: 16pt\">Quant au porte-parole et secr\u00e9taire g\u00e9n\u00e9ral du mouvement, Aly Baba Magassouba, il est revenu sur le but de ce p\u00e8lerinage. \u00ab\u00a0<em>Cette initiative vise \u00e0 rappeler son h\u00e9ritage, \u00e0 valoriser notre identit\u00e9 culturelle et \u00e0 renforcer les liens de fraternit\u00e9 entre les peuples africains. Dans ce cadre, nous avons adress\u00e9 une lettre d\u2019information et de demande d\u2019autorisation \u00e0 Mme le gouverneur de la ville de Conakry afin d\u2019obtenir l\u2019autorisation d\u2019occuper le jardin du 2 Octobre, un espace culturel public qui selon nous devrait \u00eatre accessible de telle manifestation<\/em>.\u00bb<\/span><\/p>\n<p><a href=\"https:\/\/tabouleinfos.com\/wp-content\/uploads\/2025\/03\/IMG_20250326_112533-scaled.jpg\"><img loading=\"lazy\" decoding=\"async\" width=\"1024\" height=\"768\" class=\"alignnone size-large wp-image-14234\" src=\"https:\/\/tabouleinfos.com\/wp-content\/uploads\/2025\/03\/IMG_20250326_112533-1024x768.jpg\" alt=\"\" srcset=\"https:\/\/tabouleinfos.com\/wp-content\/uploads\/2025\/03\/IMG_20250326_112533-1024x768.jpg 1024w, https:\/\/tabouleinfos.com\/wp-content\/uploads\/2025\/03\/IMG_20250326_112533-300x225.jpg 300w, https:\/\/tabouleinfos.com\/wp-content\/uploads\/2025\/03\/IMG_20250326_112533-768x576.jpg 768w, https:\/\/tabouleinfos.com\/wp-content\/uploads\/2025\/03\/IMG_20250326_112533-1536x1152.jpg 1536w, https:\/\/tabouleinfos.com\/wp-content\/uploads\/2025\/03\/IMG_20250326_112533-2048x1536.jpg 2048w, https:\/\/tabouleinfos.com\/wp-content\/uploads\/2025\/03\/IMG_20250326_112533-696x522.jpg 696w, https:\/\/tabouleinfos.com\/wp-content\/uploads\/2025\/03\/IMG_20250326_112533-1068x801.jpg 1068w, https:\/\/tabouleinfos.com\/wp-content\/uploads\/2025\/03\/IMG_20250326_112533-1920x1440.jpg 1920w, https:\/\/tabouleinfos.com\/wp-content\/uploads\/2025\/03\/IMG_20250326_112533-560x420.jpg 560w, https:\/\/tabouleinfos.com\/wp-content\/uploads\/2025\/03\/IMG_20250326_112533-80x60.jpg 80w, https:\/\/tabouleinfos.com\/wp-content\/uploads\/2025\/03\/IMG_20250326_112533-265x198.jpg 265w, https:\/\/tabouleinfos.com\/wp-content\/uploads\/2025\/03\/IMG_20250326_112533-750x563.jpg 750w, https:\/\/tabouleinfos.com\/wp-content\/uploads\/2025\/03\/IMG_20250326_112533-1140x855.jpg 1140w\" sizes=\"auto, (max-width: 1024px) 100vw, 1024px\" \/><\/a><\/p>\n<p><span style=\"font-size: 16pt\">Et d\u2019ajouter\u00a0: \u00ab\u00a0<em>Malheureusement, nous constatons que les administrateurs du jardin du 2 Octobre nous imposent des barri\u00e8res r\u00e9curant allant jusqu\u2019\u00e0 nous exiger une somme de<\/em> <em>trois millions de francs guin\u00e9ens pour occuper cet espace.\u00a0 Cette exigence est juste inacceptable. Il ne s\u2019agit pas d\u2019un \u00e9v\u00e9nement \u00e0 but lucratif, mais d\u2019une comm\u00e9moration historique et culturelle qui honore un homme dont l\u2019h\u00e9ritage appartient \u00e0 tout le peuple guin\u00e9en. Nous d\u00e9non\u00e7ons avec fermet\u00e9 les entraves et r\u00e9clamons notre droit l\u00e9gitime d\u2019acc\u00e9der \u00e0 cet espace sans \u00eatre soumis \u00e0 des permissions financi\u00e8res injustifi\u00e9es. Il est inacceptable que des initiatives citoyennes visant \u00e0 valoriser notre histoire et \u00e0 renforcer le panafricanisme\u00a0 soient syst\u00e9matiquement frein\u00e9es par des obstacles administratifs et financiers. Nous appelons les autorit\u00e9s comp\u00e9tentes d\u2019intervenir que justice soit faite et que le p\u00e8lerinage panafricain de l\u2019ann\u00e9e prochaine puisse se tenir dans la dignit\u00e9, le respect des valeurs.<\/em>\u00bb, a-t-il d\u00e9plor\u00e9<\/span><\/p>\n<p><a href=\"https:\/\/tabouleinfos.com\/wp-content\/uploads\/2025\/03\/IMG_20250326_105305-scaled.jpg\"><img loading=\"lazy\" decoding=\"async\" width=\"1024\" height=\"768\" class=\"alignnone size-large wp-image-14233\" src=\"https:\/\/tabouleinfos.com\/wp-content\/uploads\/2025\/03\/IMG_20250326_105305-1024x768.jpg\" alt=\"\" srcset=\"https:\/\/tabouleinfos.com\/wp-content\/uploads\/2025\/03\/IMG_20250326_105305-1024x768.jpg 1024w, https:\/\/tabouleinfos.com\/wp-content\/uploads\/2025\/03\/IMG_20250326_105305-300x225.jpg 300w, https:\/\/tabouleinfos.com\/wp-content\/uploads\/2025\/03\/IMG_20250326_105305-768x576.jpg 768w, https:\/\/tabouleinfos.com\/wp-content\/uploads\/2025\/03\/IMG_20250326_105305-1536x1152.jpg 1536w, https:\/\/tabouleinfos.com\/wp-content\/uploads\/2025\/03\/IMG_20250326_105305-2048x1536.jpg 2048w, https:\/\/tabouleinfos.com\/wp-content\/uploads\/2025\/03\/IMG_20250326_105305-696x522.jpg 696w, https:\/\/tabouleinfos.com\/wp-content\/uploads\/2025\/03\/IMG_20250326_105305-1068x801.jpg 1068w, https:\/\/tabouleinfos.com\/wp-content\/uploads\/2025\/03\/IMG_20250326_105305-1920x1440.jpg 1920w, https:\/\/tabouleinfos.com\/wp-content\/uploads\/2025\/03\/IMG_20250326_105305-560x420.jpg 560w, https:\/\/tabouleinfos.com\/wp-content\/uploads\/2025\/03\/IMG_20250326_105305-80x60.jpg 80w, https:\/\/tabouleinfos.com\/wp-content\/uploads\/2025\/03\/IMG_20250326_105305-265x198.jpg 265w, https:\/\/tabouleinfos.com\/wp-content\/uploads\/2025\/03\/IMG_20250326_105305-750x563.jpg 750w, https:\/\/tabouleinfos.com\/wp-content\/uploads\/2025\/03\/IMG_20250326_105305-1140x855.jpg 1140w\" sizes=\"auto, (max-width: 1024px) 100vw, 1024px\" \/><\/a><\/p>\n<p><span style=\"font-size: 16pt\">Comme les trois premi\u00e8res \u00e9ditions, le MOURAG a pris le d\u00e9part au Centre Culturel Franco-Guin\u00e9en pour la caravane. Arriv\u00e9 au Jardin du 2 Octobre, ils ont fait une petite escale pr\u00e9cipit\u00e9e pour lire le discours. De l\u00e0-bas, ils se sont rendus au bord de la mer pour une libation, puis au Cameroun pour des pri\u00e8res de recueillement sur le mausol\u00e9e d\u2019Ahmed Sekou Tour\u00e9.<\/span><\/p>\n<p><a href=\"https:\/\/tabouleinfos.com\/wp-content\/uploads\/2025\/03\/IMG_20250326_113900-scaled.jpg\"><img loading=\"lazy\" decoding=\"async\" width=\"1024\" height=\"768\" class=\"alignnone size-large wp-image-14235\" src=\"https:\/\/tabouleinfos.com\/wp-content\/uploads\/2025\/03\/IMG_20250326_113900-1024x768.jpg\" alt=\"\" srcset=\"https:\/\/tabouleinfos.com\/wp-content\/uploads\/2025\/03\/IMG_20250326_113900-1024x768.jpg 1024w, https:\/\/tabouleinfos.com\/wp-content\/uploads\/2025\/03\/IMG_20250326_113900-300x225.jpg 300w, https:\/\/tabouleinfos.com\/wp-content\/uploads\/2025\/03\/IMG_20250326_113900-768x576.jpg 768w, https:\/\/tabouleinfos.com\/wp-content\/uploads\/2025\/03\/IMG_20250326_113900-1536x1152.jpg 1536w, https:\/\/tabouleinfos.com\/wp-content\/uploads\/2025\/03\/IMG_20250326_113900-2048x1536.jpg 2048w, https:\/\/tabouleinfos.com\/wp-content\/uploads\/2025\/03\/IMG_20250326_113900-696x522.jpg 696w, https:\/\/tabouleinfos.com\/wp-content\/uploads\/2025\/03\/IMG_20250326_113900-1068x801.jpg 1068w, https:\/\/tabouleinfos.com\/wp-content\/uploads\/2025\/03\/IMG_20250326_113900-1920x1440.jpg 1920w, https:\/\/tabouleinfos.com\/wp-content\/uploads\/2025\/03\/IMG_20250326_113900-560x420.jpg 560w, https:\/\/tabouleinfos.com\/wp-content\/uploads\/2025\/03\/IMG_20250326_113900-80x60.jpg 80w, https:\/\/tabouleinfos.com\/wp-content\/uploads\/2025\/03\/IMG_20250326_113900-265x198.jpg 265w, https:\/\/tabouleinfos.com\/wp-content\/uploads\/2025\/03\/IMG_20250326_113900-750x563.jpg 750w, https:\/\/tabouleinfos.com\/wp-content\/uploads\/2025\/03\/IMG_20250326_113900-1140x855.jpg 1140w\" sizes=\"auto, (max-width: 1024px) 100vw, 1024px\" \/><\/a><\/p>\n<p><span style=\"font-size: 16pt\">A noter que la c\u00e9r\u00e9monie s\u2019est cl\u00f4tur\u00e9e au Centre Culturel Franco-Guin\u00e9en par un panel ax\u00e9 sous le th\u00e8me <strong>\u00ab Sans unit\u00e9, il n\u2019y a de futur pour l\u2019Afrique \u00bb<\/strong> et la projection d\u2019un film sur Ahmed S\u00e9kou Tour\u00e9.<\/span><\/p>\n<p><span style=\"font-size: 16pt\"><strong>Aboubacar Fod\u00e9 Bangoura<\/strong><\/span><\/p>\n","protected":false},"excerpt":{"rendered":"<p>Le 41\u00e8me \u00a0anniversaire du d\u00e9c\u00e8s du camarade Ahmed S\u00e9kou Tour\u00e9 a \u00e9t\u00e9 comm\u00e9mor\u00e9 en Guin\u00e9e, ce mercredi 26 mars 2025. Comme d\u2019habitude chez le Mouvement Rasta de Guin\u00e9e (MOURAG), cette date est c\u00e9l\u00e9br\u00e9e \u00e0 travers un p\u00e8lerinage panafricain \u00e0 Conakry. Cette ann\u00e9e, le Mouvement Rasta de Guin\u00e9e a f\u00eat\u00e9 la 4\u00e8me \u00e9dition de son p\u00e8lerinage [&hellip;]<\/p>\n","protected":false},"author":5,"featured_media":14242,"comment_status":"closed","ping_status":"closed","sticky":false,"template":"","format":"standard","meta":{"footnotes":""},"categories":[21,2],"tags":[],"class_list":{"0":"post-14227","1":"post","2":"type-post","3":"status-publish","4":"format-standard","5":"has-post-thumbnail","7":"category-events","8":"category-featured"},"_links":{"self":[{"href":"https:\/\/tabouleinfos.com\/index.php\/wp-json\/wp\/v2\/posts\/14227","targetHints":{"allow":["GET"]}}],"collection":[{"href":"https:\/\/tabouleinfos.com\/index.php\/wp-json\/wp\/v2\/posts"}],"about":[{"href":"https:\/\/tabouleinfos.com\/index.php\/wp-json\/wp\/v2\/types\/post"}],"author":[{"embeddable":true,"href":"https:\/\/tabouleinfos.com\/index.php\/wp-json\/wp\/v2\/users\/5"}],"replies":[{"embeddable":true,"href":"https:\/\/tabouleinfos.com\/index.php\/wp-json\/wp\/v2\/comments?post=14227"}],"version-history":[{"count":0,"href":"https:\/\/tabouleinfos.com\/index.php\/wp-json\/wp\/v2\/posts\/14227\/revisions"}],"wp:featuredmedia":[{"embeddable":true,"href":"https:\/\/tabouleinfos.com\/index.php\/wp-json\/wp\/v2\/media\/14242"}],"wp:attachment":[{"href":"https:\/\/tabouleinfos.com\/index.php\/wp-json\/wp\/v2\/media?parent=14227"}],"wp:term":[{"taxonomy":"category","embeddable":true,"href":"https:\/\/tabouleinfos.com\/index.php\/wp-json\/wp\/v2\/categories?post=14227"},{"taxonomy":"post_tag","embeddable":true,"href":"https:\/\/tabouleinfos.com\/index.php\/wp-json\/wp\/v2\/tags?post=14227"}],"curies":[{"name":"wp","href":"https:\/\/api.w.org\/{rel}","templated":true}]}}