{"id":14515,"date":"2025-05-08T09:15:30","date_gmt":"2025-05-08T09:15:30","guid":{"rendered":"https:\/\/tabouleinfos.com\/?p=14515"},"modified":"2025-05-08T09:15:30","modified_gmt":"2025-05-08T09:15:30","slug":"festylla-2025-lil-soumah-parmi-les-tetes-daffiche","status":"publish","type":"post","link":"https:\/\/tabouleinfos.com\/index.php\/festylla-2025-lil-soumah-parmi-les-tetes-daffiche\/","title":{"rendered":"Fest\u2019Ylla 2025\u00a0: Lil Soumah parmi les t\u00eates d\u2019affiche"},"content":{"rendered":"<p><span style=\"font-size: 16pt\"><strong>La 4<sup>\u00e8me<\/sup> \u00e9dition du Fest\u2019Ylla est pr\u00e9vue, du 6 au 8 juin 2025 \u00e0 Strasbourg, en France. L\u2019\u00e9v\u00e9nement de cette ann\u00e9e offre l\u2019opportunit\u00e9 \u00e0 l\u2019artiste guin\u00e9en, Lil Soumah d\u2019exprimer son talent. <\/strong><\/span><\/p>\n<p><span style=\"font-size: 16pt\">Lil Soumah ou Sekouba Soumah \u00e0 l\u2019\u00e9tat civil, est un artiste auteur, compositeur, interpr\u00e8te et chanteur Guin\u00e9en r\u00e9sidant en France \u00e9voluant dans le rnb, afropop, blues et autres. Ce jeune artiste est \u00e9tudiant \u00e0 la facult\u00e9 des arts de l\u2019Universit\u00e9 de Strasbourg (France).<\/span><\/p>\n<p><a href=\"https:\/\/tabouleinfos.com\/wp-content\/uploads\/2025\/05\/493729058_624106760607859_1033947697245193882_n.jpg\"><img loading=\"lazy\" decoding=\"async\" width=\"1024\" height=\"1024\" class=\"alignnone size-large wp-image-14517\" src=\"https:\/\/tabouleinfos.com\/wp-content\/uploads\/2025\/05\/493729058_624106760607859_1033947697245193882_n-1024x1024.jpg\" alt=\"\" srcset=\"https:\/\/tabouleinfos.com\/wp-content\/uploads\/2025\/05\/493729058_624106760607859_1033947697245193882_n-1024x1024.jpg 1024w, https:\/\/tabouleinfos.com\/wp-content\/uploads\/2025\/05\/493729058_624106760607859_1033947697245193882_n-300x300.jpg 300w, https:\/\/tabouleinfos.com\/wp-content\/uploads\/2025\/05\/493729058_624106760607859_1033947697245193882_n-150x150.jpg 150w, https:\/\/tabouleinfos.com\/wp-content\/uploads\/2025\/05\/493729058_624106760607859_1033947697245193882_n-768x768.jpg 768w, https:\/\/tabouleinfos.com\/wp-content\/uploads\/2025\/05\/493729058_624106760607859_1033947697245193882_n-696x696.jpg 696w, https:\/\/tabouleinfos.com\/wp-content\/uploads\/2025\/05\/493729058_624106760607859_1033947697245193882_n-1068x1068.jpg 1068w, https:\/\/tabouleinfos.com\/wp-content\/uploads\/2025\/05\/493729058_624106760607859_1033947697245193882_n-420x420.jpg 420w, https:\/\/tabouleinfos.com\/wp-content\/uploads\/2025\/05\/493729058_624106760607859_1033947697245193882_n-75x75.jpg 75w, https:\/\/tabouleinfos.com\/wp-content\/uploads\/2025\/05\/493729058_624106760607859_1033947697245193882_n-750x750.jpg 750w, https:\/\/tabouleinfos.com\/wp-content\/uploads\/2025\/05\/493729058_624106760607859_1033947697245193882_n.jpg 1080w\" sizes=\"auto, (max-width: 1024px) 100vw, 1024px\" \/><\/a><\/p>\n<p><span style=\"font-size: 16pt\">Pour son talent, Lil Soumah est programm\u00e9 \u00e0 se produire \u00e0 la 4<sup>\u00e8me<\/sup> \u00e9dition du Fest\u2019Ylla dont le th\u00e8me est\u00a0: <strong>\u00abL\u2019art et la culture au service de la paix et du vivre-ensemble \u00bb<\/strong>. Il fera sa prestation, le samedi 7 juin prochain.<\/span><\/p>\n<p><span style=\"font-size: 16pt\">Pour rappel, Fest\u2019Ylla est un festival qui c\u00e9l\u00e8bre la culture afro. Au compte de cette ann\u00e9e, les activit\u00e9s se d\u00e9rouleront \u00e0 la Grande \u00c9cole de la Communication Next-Gen (Isegcom) et au Plan d\u2019eau du Baggersee, situ\u00e9 \u00e0 Illkirch-Graffenstaden.<\/span><\/p>\n<p><span style=\"font-size: 16pt\"><strong>Aboubacar Fod\u00e9 Bangoura<\/strong><\/span><\/p>\n","protected":false},"excerpt":{"rendered":"<p>La 4\u00e8me \u00e9dition du Fest\u2019Ylla est pr\u00e9vue, du 6 au 8 juin 2025 \u00e0 Strasbourg, en France. L\u2019\u00e9v\u00e9nement de cette ann\u00e9e offre l\u2019opportunit\u00e9 \u00e0 l\u2019artiste guin\u00e9en, Lil Soumah d\u2019exprimer son talent. Lil Soumah ou Sekouba Soumah \u00e0 l\u2019\u00e9tat civil, est un artiste auteur, compositeur, interpr\u00e8te et chanteur Guin\u00e9en r\u00e9sidant en France \u00e9voluant dans le rnb, [&hellip;]<\/p>\n","protected":false},"author":5,"featured_media":14519,"comment_status":"closed","ping_status":"closed","sticky":false,"template":"","format":"standard","meta":{"footnotes":""},"categories":[21,2],"tags":[],"class_list":{"0":"post-14515","1":"post","2":"type-post","3":"status-publish","4":"format-standard","5":"has-post-thumbnail","7":"category-events","8":"category-featured"},"_links":{"self":[{"href":"https:\/\/tabouleinfos.com\/index.php\/wp-json\/wp\/v2\/posts\/14515","targetHints":{"allow":["GET"]}}],"collection":[{"href":"https:\/\/tabouleinfos.com\/index.php\/wp-json\/wp\/v2\/posts"}],"about":[{"href":"https:\/\/tabouleinfos.com\/index.php\/wp-json\/wp\/v2\/types\/post"}],"author":[{"embeddable":true,"href":"https:\/\/tabouleinfos.com\/index.php\/wp-json\/wp\/v2\/users\/5"}],"replies":[{"embeddable":true,"href":"https:\/\/tabouleinfos.com\/index.php\/wp-json\/wp\/v2\/comments?post=14515"}],"version-history":[{"count":0,"href":"https:\/\/tabouleinfos.com\/index.php\/wp-json\/wp\/v2\/posts\/14515\/revisions"}],"wp:featuredmedia":[{"embeddable":true,"href":"https:\/\/tabouleinfos.com\/index.php\/wp-json\/wp\/v2\/media\/14519"}],"wp:attachment":[{"href":"https:\/\/tabouleinfos.com\/index.php\/wp-json\/wp\/v2\/media?parent=14515"}],"wp:term":[{"taxonomy":"category","embeddable":true,"href":"https:\/\/tabouleinfos.com\/index.php\/wp-json\/wp\/v2\/categories?post=14515"},{"taxonomy":"post_tag","embeddable":true,"href":"https:\/\/tabouleinfos.com\/index.php\/wp-json\/wp\/v2\/tags?post=14515"}],"curies":[{"name":"wp","href":"https:\/\/api.w.org\/{rel}","templated":true}]}}