{"id":14556,"date":"2025-05-11T15:52:41","date_gmt":"2025-05-11T15:52:41","guid":{"rendered":"https:\/\/tabouleinfos.com\/?p=14556"},"modified":"2025-05-11T15:54:06","modified_gmt":"2025-05-11T15:54:06","slug":"11-mai-2004-11-mai-2025-italo-zambo-il-y-a-21-ans","status":"publish","type":"post","link":"https:\/\/tabouleinfos.com\/index.php\/11-mai-2004-11-mai-2025-italo-zambo-il-y-a-21-ans\/","title":{"rendered":"11 Mai 2004-11 Mai 2025\u00a0: Italo Zambo, Il y a 21 ans"},"content":{"rendered":"<p><span style=\"font-size: 16pt\"><strong>Qui \u00e9tait Italo Zambo (1938-2004) ?<\/strong><\/span><\/p>\n<p><span style=\"font-size: 16pt\"><strong>Membre du Forum Mondial des Arts qui regroupe les 300 plus \u00e9minentes personnalit\u00e9s de la Culture et des Sciences du Monde, depuis 1991.<\/strong><\/span><\/p>\n<p><span style=\"font-size: 16pt\">Italo Zambo int\u00e8gre les Ballets Africains de Keita Fodeba en 1955.<\/span><\/p>\n<p><span style=\"font-size: 16pt\">Au sein de la plus c\u00e9l\u00e8bre compagnie de chor\u00e9graphie et de danse, le monde entier leur fait la r\u00e9v\u00e9rence y compris les plus hautes autorit\u00e9s des sph\u00e8res politiques, administratives, diplomatiques&#8230;<\/span><\/p>\n<p><span style=\"font-size: 16pt\">-1948: Il interrompt ses \u00e9tudes pour int\u00e9grer la Compagnie de danse du S\u00e9n\u00e9gal, le Ballet de Demba Kanout\u00e9.<\/span><\/p>\n<p><span style=\"font-size: 16pt\">-1955: Il est admis dans les Ballets Africains de Keita Fodeba.<\/span><\/p>\n<p><span style=\"font-size: 16pt\">-1955 -1958: plusieurs tours du monde.<\/span><\/p>\n<p><span style=\"font-size: 16pt\">Il participe dans le film Ben Hur a Rome (Italie)<\/span><\/p>\n<p><span style=\"font-size: 16pt\">-1959: Il est rappel\u00e9 sous le drapeau Fran\u00e7ais.<\/span><\/p>\n<p><span style=\"font-size: 16pt\">-1960: Apr\u00e8s le service militaire il rentre au S\u00e9n\u00e9gal. Il est nomm\u00e9 Directeur Artistique du Ballets du S\u00e9n\u00e9gal, participe \u00e0 des ateliers de chor\u00e9graphie et r\u00e9gie \u00e0 l\u2019\u00c9cole Nationale des Arts du S\u00e9n\u00e9gal.<\/span><\/p>\n<p><span style=\"font-size: 16pt\">-1962: Il r\u00e9int\u00e8gre le Ballets Africains de la R\u00e9publique de Guin\u00e9e en qualit\u00e9 de r\u00e9p\u00e9titeur.<\/span><\/p>\n<p><span style=\"font-size: 16pt\">-1965-1967: D\u00e9cor\u00e9 de la m\u00e9daille nationale du travail et participe au film l&rsquo;Afrique danse dans les r\u00f4les principaux \u00e0 Munich..<\/span><\/p>\n<p><span style=\"font-size: 16pt\">-1968: D\u00e9cor\u00e9 de la m\u00e9daille d&rsquo;or du meilleur Artiste par le Pr\u00e9sident du Za\u00efre.<\/span><\/p>\n<p><span style=\"font-size: 16pt\">-1975: Chor\u00e9graphe des Ballets Africains.<\/span><\/p>\n<p><span style=\"font-size: 16pt\">-1980: Directeur des Ballets Africains. Cor\u00e9alisateur du film Na\u00eetou l&rsquo;orpheline avec Syli cin\u00e9ma.<\/span><\/p>\n<p><span style=\"font-size: 16pt\">-1984: Chor\u00e9graphe de la s\u00e9quence dans\u00e9e des Ballets Africains dans le film SHEENA &lt;&lt;Danse de la Tribut Watoussi&gt;&gt; au Kenya.<\/span><\/p>\n<p><span style=\"font-size: 16pt\">-1987-2004: Directeur G\u00e9n\u00e9ral et Directeur Artistique des Ballets Africains de la R\u00e9publique de Guin\u00e9e -1989: Directeur Artistique de l&rsquo;Ensemble National les Percussions de Guin\u00e9e, Directeur Artistique de la Pyramide des Percussions Guin\u00e9ennes au Bicentenaire de la R\u00e9volution Fran\u00e7aise, Costume Designer et Set Designer.<\/span><\/p>\n<p><span style=\"font-size: 16pt\">-1991: Membre du forum Mondial des Arts qui regroupe les 300 plus \u00e9minentes personnalit\u00e9s de la Culture et des Sciences du Monde, Re\u00e7oit la Cl\u00e9 de la Ville de Dallas aux \u00c9tats Unis d&rsquo;Am\u00e9rique et d\u00e9clar\u00e9 Citoyen d&rsquo;honneur de Dallas.<\/span><\/p>\n<p><span style=\"font-size: 16pt\">-D\u00e9c\u00e9d\u00e9 le 11 mai 2004.<\/span><\/p>\n<p><span style=\"font-size: 16pt\">&#8211; 2011: Officier de l&rsquo;ordre National du Kolatier<\/span><\/p>\n<p><span style=\"font-size: 16pt\">Chers compatriotes, ne l&rsquo;oublions pas dans nos pri\u00e8res.<\/span><\/p>\n<p><span style=\"font-size: 16pt\">PAIX A L\u2019\u00c2ME DU TR\u00c8S C\u00c9L\u00c8BRE ARTISTE DU PEUPLE ITALO ZAMBO.<\/span><\/p>\n<p><span style=\"font-size: 16pt\">Amen !<\/span><\/p>\n<p><span style=\"font-size: 16pt\">Par <strong>Jean<\/strong> <strong>Baptiste Williams<\/strong><\/span><\/p>\n<p>&nbsp;<\/p>\n","protected":false},"excerpt":{"rendered":"<p>Qui \u00e9tait Italo Zambo (1938-2004) ? Membre du Forum Mondial des Arts qui regroupe les 300 plus \u00e9minentes personnalit\u00e9s de la Culture et des Sciences du Monde, depuis 1991. Italo Zambo int\u00e8gre les Ballets Africains de Keita Fodeba en 1955. Au sein de la plus c\u00e9l\u00e8bre compagnie de chor\u00e9graphie et de danse, le monde entier [&hellip;]<\/p>\n","protected":false},"author":5,"featured_media":14558,"comment_status":"closed","ping_status":"closed","sticky":false,"template":"","format":"standard","meta":{"footnotes":""},"categories":[21,2],"tags":[],"class_list":{"0":"post-14556","1":"post","2":"type-post","3":"status-publish","4":"format-standard","5":"has-post-thumbnail","7":"category-events","8":"category-featured"},"_links":{"self":[{"href":"https:\/\/tabouleinfos.com\/index.php\/wp-json\/wp\/v2\/posts\/14556","targetHints":{"allow":["GET"]}}],"collection":[{"href":"https:\/\/tabouleinfos.com\/index.php\/wp-json\/wp\/v2\/posts"}],"about":[{"href":"https:\/\/tabouleinfos.com\/index.php\/wp-json\/wp\/v2\/types\/post"}],"author":[{"embeddable":true,"href":"https:\/\/tabouleinfos.com\/index.php\/wp-json\/wp\/v2\/users\/5"}],"replies":[{"embeddable":true,"href":"https:\/\/tabouleinfos.com\/index.php\/wp-json\/wp\/v2\/comments?post=14556"}],"version-history":[{"count":0,"href":"https:\/\/tabouleinfos.com\/index.php\/wp-json\/wp\/v2\/posts\/14556\/revisions"}],"wp:featuredmedia":[{"embeddable":true,"href":"https:\/\/tabouleinfos.com\/index.php\/wp-json\/wp\/v2\/media\/14558"}],"wp:attachment":[{"href":"https:\/\/tabouleinfos.com\/index.php\/wp-json\/wp\/v2\/media?parent=14556"}],"wp:term":[{"taxonomy":"category","embeddable":true,"href":"https:\/\/tabouleinfos.com\/index.php\/wp-json\/wp\/v2\/categories?post=14556"},{"taxonomy":"post_tag","embeddable":true,"href":"https:\/\/tabouleinfos.com\/index.php\/wp-json\/wp\/v2\/tags?post=14556"}],"curies":[{"name":"wp","href":"https:\/\/api.w.org\/{rel}","templated":true}]}}