{"id":14562,"date":"2025-05-12T12:11:13","date_gmt":"2025-05-12T12:11:13","guid":{"rendered":"https:\/\/tabouleinfos.com\/?p=14562"},"modified":"2025-05-12T12:11:13","modified_gmt":"2025-05-12T12:11:13","slug":"necrologie-le-comedien-moussa-koffoe-est-decede","status":"publish","type":"post","link":"https:\/\/tabouleinfos.com\/index.php\/necrologie-le-comedien-moussa-koffoe-est-decede\/","title":{"rendered":"N\u00e9crologie : le com\u00e9dien, Moussa Koffo\u00e9 est d\u00e9c\u00e9d\u00e9"},"content":{"rendered":"<p><span style=\"font-size: 16pt\"><strong>C&rsquo;est une triste nouvelle pour le monde de la culture guin\u00e9enne. Le c\u00e9l\u00e8bre com\u00e9dien, Moussa Koffo\u00e9 n&rsquo;est plus. Il est d\u00e9c\u00e9d\u00e9 des suites de maladie \u00e0 Kindia, ce lundi 12 mai 2025.<\/strong><\/span><\/p>\n<p><span style=\"font-size: 16pt\">L&rsquo;information de son d\u00e9c\u00e8s a \u00e9t\u00e9 confirm\u00e9e par ses proches et la Directrice Pr\u00e9fectorale de la culture du tourisme et de l&rsquo;artisanat de Kindia, Mamaissata Camara.<\/span><\/p>\n<p><span style=\"font-size: 16pt\">Moussa Koffo\u00e9 est d\u00e9c\u00e9d\u00e9 apr\u00e8s 40 ans de carri\u00e8re dans la com\u00e9die. R\u00e9cemment, le d\u00e9funt a fait un post sur sa page Facebook en exprimant le manque de reconnaissance \u00e0 son \u00e9gard pour ce qu&rsquo;il a fait pour la Guin\u00e9e.<\/span><\/p>\n<p><span style=\"font-size: 16pt\">\u00ab\u00a040 ans de carri\u00e8re c\u2019est pas petit affaire m\u00eame si il y a pas de reconnaissance l\u2019Afrique conna\u00eet mes films partout. One love \u00e0 toute l\u2019Afrique malien ba ivoirien bas burkinab\u00e9s ba s\u00e9n\u00e9galais ba comorien ba guin\u00e9en ba.\u00a0\u00bb, d\u00e9clarait l&rsquo;artiste en avril dernier.<\/span><\/p>\n<p><span style=\"font-size: 16pt\">La r\u00e9action de Tabouleinfos.com pr\u00e9sente ses sinc\u00e8res condol\u00e9ances \u00e0 la famille de l&rsquo;artiste. Que son \u00e2me repose en paix !<\/span><\/p>\n<p><span style=\"font-size: 16pt\"><strong>Tabouleinfos.com<\/strong><\/span><\/p>\n","protected":false},"excerpt":{"rendered":"<p>C&rsquo;est une triste nouvelle pour le monde de la culture guin\u00e9enne. Le c\u00e9l\u00e8bre com\u00e9dien, Moussa Koffo\u00e9 n&rsquo;est plus. Il est d\u00e9c\u00e9d\u00e9 des suites de maladie \u00e0 Kindia, ce lundi 12 mai 2025. L&rsquo;information de son d\u00e9c\u00e8s a \u00e9t\u00e9 confirm\u00e9e par ses proches et la Directrice Pr\u00e9fectorale de la culture du tourisme et de l&rsquo;artisanat de [&hellip;]<\/p>\n","protected":false},"author":5,"featured_media":14564,"comment_status":"closed","ping_status":"closed","sticky":false,"template":"","format":"standard","meta":{"footnotes":""},"categories":[2,25],"tags":[],"class_list":{"0":"post-14562","1":"post","2":"type-post","3":"status-publish","4":"format-standard","5":"has-post-thumbnail","7":"category-featured","8":"category-news"},"_links":{"self":[{"href":"https:\/\/tabouleinfos.com\/index.php\/wp-json\/wp\/v2\/posts\/14562","targetHints":{"allow":["GET"]}}],"collection":[{"href":"https:\/\/tabouleinfos.com\/index.php\/wp-json\/wp\/v2\/posts"}],"about":[{"href":"https:\/\/tabouleinfos.com\/index.php\/wp-json\/wp\/v2\/types\/post"}],"author":[{"embeddable":true,"href":"https:\/\/tabouleinfos.com\/index.php\/wp-json\/wp\/v2\/users\/5"}],"replies":[{"embeddable":true,"href":"https:\/\/tabouleinfos.com\/index.php\/wp-json\/wp\/v2\/comments?post=14562"}],"version-history":[{"count":0,"href":"https:\/\/tabouleinfos.com\/index.php\/wp-json\/wp\/v2\/posts\/14562\/revisions"}],"wp:featuredmedia":[{"embeddable":true,"href":"https:\/\/tabouleinfos.com\/index.php\/wp-json\/wp\/v2\/media\/14564"}],"wp:attachment":[{"href":"https:\/\/tabouleinfos.com\/index.php\/wp-json\/wp\/v2\/media?parent=14562"}],"wp:term":[{"taxonomy":"category","embeddable":true,"href":"https:\/\/tabouleinfos.com\/index.php\/wp-json\/wp\/v2\/categories?post=14562"},{"taxonomy":"post_tag","embeddable":true,"href":"https:\/\/tabouleinfos.com\/index.php\/wp-json\/wp\/v2\/tags?post=14562"}],"curies":[{"name":"wp","href":"https:\/\/api.w.org\/{rel}","templated":true}]}}