{"id":14591,"date":"2025-05-13T18:47:57","date_gmt":"2025-05-13T18:47:57","guid":{"rendered":"https:\/\/tabouleinfos.com\/?p=14591"},"modified":"2025-05-13T18:47:57","modified_gmt":"2025-05-13T18:47:57","slug":"banlieuzart-ce-qui-nous-lie-est-plus-fort-que-tout","status":"publish","type":"post","link":"https:\/\/tabouleinfos.com\/index.php\/banlieuzart-ce-qui-nous-lie-est-plus-fort-que-tout\/","title":{"rendered":"Banlieuz\u2019art\u00a0: \u00ab\u00a0Ce qui nous lie est plus fort que tout\u00a0\u00bb"},"content":{"rendered":"<p><span style=\"font-size: 16pt\"><strong>Apr\u00e8s plusieurs mois de m\u00e9sentente entre le duo Marcus et King Salamon formant le groupe Banlieuz\u2019art, les deux amis ont fum\u00e9 le calumet de la paix. Une r\u00e9conciliation rendue possible par la m\u00e9diation du Ministre de la Culture, du Tourisme et de l\u2019Artisanat, Moussa Moise SYLLA.<\/strong><\/span><\/p>\n<p><span style=\"font-size: 16pt\">Ces deux collaborateurs ont finalement compris que ce qui les lie est plus fort que tout et cette p\u00e9riode d\u2019incompatibilit\u00e9 d\u2019humeur ne sera plus qu\u2019un lointain souvenir pour les fans du groupe. Pour prouver qu\u2019ils ont totalement enterr\u00e9 la hache de guerre, Marcus et King Salamon se sont exprim\u00e9s via leur page Facebook.<\/span><\/p>\n<p><span style=\"font-size: 16pt\">\u00ab\u00a0Apr\u00e8s des mois de silence, de routes s\u00e9par\u00e9es, de chemins emprunt\u00e9s chacun de son c\u00f4t\u00e9\u2026 l\u2019amour a repris le dessus.<\/span><\/p>\n<p><span style=\"font-size: 16pt\">Oui, il y a eu des diff\u00e9rends. Oui, il y a eu des moments d\u2019incertitude, o\u00f9 le groupe a vacill\u00e9, o\u00f9 l\u2019\u00e9cho de nos voix communes s\u2019\u00e9tait att\u00e9nu\u00e9. Mais ce qui nous lie est plus fort que tout : l\u2019amour fraternel, celui qui nous a port\u00e9s depuis nos d\u00e9buts, l\u2019amour de la musique, celle qui a sculpt\u00e9 notre destin, et surtout l\u2019amour ind\u00e9fectible pour notre culture, notre peuple, notre Guin\u00e9e. \u00a0<\/span><\/p>\n<p><span style=\"font-size: 16pt\">Aujourd\u2019hui, Banlieuz\u2019art se rel\u00e8ve, uni, grandi et inspir\u00e9. \u00a0<\/span><\/p>\n<p><span style=\"font-size: 16pt\">Cette r\u00e9conciliation, nous la devons \u00e0 la m\u00e9diation g\u00e9n\u00e9reuse et d\u00e9termin\u00e9e de M. Moussa Moise SYLLA, Ministre de la Culture, du Tourisme et de l\u2019Artisanat. Merci d\u2019avoir su tendre la main, avec sagesse et sinc\u00e9rit\u00e9.<\/span><\/p>\n<p><span style=\"font-size: 16pt\">Mais ce moment, nous le devons aussi \u00e0 vous tous, qui avez cru en ce retour, qui avez pri\u00e9, insist\u00e9, esp\u00e9r\u00e9 : \u00c0 Junior, Yung, Hussein, Djemory, Abdallah, Mme Bangoura Youyou, aux administrateurs de BLZ Fans Club\u2026<\/span><\/p>\n<p><span style=\"font-size: 16pt\">Et surtout \u00e0 vous, nos fans, nos fr\u00e8res et s\u0153urs d\u2019ici et d\u2019ailleurs,<\/span><\/p>\n<p><span style=\"font-size: 16pt\">Qui avez chant\u00e9 nos refrains en attendant qu\u2019on retrouve le n\u00f4tre.<\/span><\/p>\n<p><span style=\"font-size: 16pt\">Vous avez tenu la flamme allum\u00e9e, m\u00eame quand elle vacillait. Vous \u00eates les gardiens de cette histoire. Parce qu\u2019aujourd\u2019hui, Banlieuz\u2019art ne nous appartient plus uniquement. Banlieuz\u2019artvous appartient.<\/span><\/p>\n<p><span style=\"font-size: 16pt\">Alors, \u00e0 notre tour de jouer notre partition. D\u2019\u00e9crire de nouveaux chapitres, avec la m\u00eame passion, la m\u00eame voix, mais un c\u0153ur encore plus uni. Pour la culture. Pour la Guin\u00e9e. Pour vous. Blessing\u00a0\u00bb, d\u00e9clare le groupe Banlieuz\u2019art.<\/span><\/p>\n<p><span style=\"font-size: 16pt\"><strong>Aboubacar Fod\u00e9\u00a0Bangoura<\/strong><\/span><\/p>\n","protected":false},"excerpt":{"rendered":"<p>Apr\u00e8s plusieurs mois de m\u00e9sentente entre le duo Marcus et King Salamon formant le groupe Banlieuz\u2019art, les deux amis ont fum\u00e9 le calumet de la paix. Une r\u00e9conciliation rendue possible par la m\u00e9diation du Ministre de la Culture, du Tourisme et de l\u2019Artisanat, Moussa Moise SYLLA. Ces deux collaborateurs ont finalement compris que ce qui [&hellip;]<\/p>\n","protected":false},"author":5,"featured_media":14593,"comment_status":"closed","ping_status":"closed","sticky":false,"template":"","format":"standard","meta":{"footnotes":""},"categories":[2,24],"tags":[],"class_list":{"0":"post-14591","1":"post","2":"type-post","3":"status-publish","4":"format-standard","5":"has-post-thumbnail","7":"category-featured","8":"category-people"},"_links":{"self":[{"href":"https:\/\/tabouleinfos.com\/index.php\/wp-json\/wp\/v2\/posts\/14591","targetHints":{"allow":["GET"]}}],"collection":[{"href":"https:\/\/tabouleinfos.com\/index.php\/wp-json\/wp\/v2\/posts"}],"about":[{"href":"https:\/\/tabouleinfos.com\/index.php\/wp-json\/wp\/v2\/types\/post"}],"author":[{"embeddable":true,"href":"https:\/\/tabouleinfos.com\/index.php\/wp-json\/wp\/v2\/users\/5"}],"replies":[{"embeddable":true,"href":"https:\/\/tabouleinfos.com\/index.php\/wp-json\/wp\/v2\/comments?post=14591"}],"version-history":[{"count":0,"href":"https:\/\/tabouleinfos.com\/index.php\/wp-json\/wp\/v2\/posts\/14591\/revisions"}],"wp:featuredmedia":[{"embeddable":true,"href":"https:\/\/tabouleinfos.com\/index.php\/wp-json\/wp\/v2\/media\/14593"}],"wp:attachment":[{"href":"https:\/\/tabouleinfos.com\/index.php\/wp-json\/wp\/v2\/media?parent=14591"}],"wp:term":[{"taxonomy":"category","embeddable":true,"href":"https:\/\/tabouleinfos.com\/index.php\/wp-json\/wp\/v2\/categories?post=14591"},{"taxonomy":"post_tag","embeddable":true,"href":"https:\/\/tabouleinfos.com\/index.php\/wp-json\/wp\/v2\/tags?post=14591"}],"curies":[{"name":"wp","href":"https:\/\/api.w.org\/{rel}","templated":true}]}}