{"id":14918,"date":"2025-07-11T12:09:50","date_gmt":"2025-07-11T12:09:50","guid":{"rendered":"https:\/\/tabouleinfos.com\/?p=14918"},"modified":"2025-07-11T12:11:15","modified_gmt":"2025-07-11T12:11:15","slug":"la-6e-edition-des-africa-fashion-awards-se-prepare-gauthier-ore-en-dit-plus-interview","status":"publish","type":"post","link":"https:\/\/tabouleinfos.com\/index.php\/la-6e-edition-des-africa-fashion-awards-se-prepare-gauthier-ore-en-dit-plus-interview\/","title":{"rendered":"La 6e \u00e9dition des Africa Fashion Awards se pr\u00e9pare : Gauthier Or\u00e9 en dit plus (Interview)"},"content":{"rendered":"<p><span style=\"font-size: 16pt\"><strong>\u00c0 l&rsquo;approche de la 6<sup>\u00e8me<\/sup>\u00a0\u00e9dition des tr\u00e8s attendus Africa Fashion Awards (AFA), pr\u00e9vue les 22 et 29 novembre 2025 au B\u00e9nin, nous avons eu le privil\u00e8ge de nous entretenir avec Gauthier Or\u00e9, l&rsquo;homme \u00e0 la barre de ce rendez-vous de mode. En tant que Directeur G\u00e9n\u00e9ral de l&rsquo;agence Royal Fashion Event et Pr\u00e9sident de l&rsquo;organisation des AFA, M. Or\u00e9 nous a offert un aper\u00e7u exclusif des coulisses de cette \u00e9dition prometteuse.<\/strong><\/span><\/p>\n<p><span style=\"font-size: 16pt\"><strong>Tabouleinfos\u00a0: Pourriez-vous vous pr\u00e9senter \u00e0 nos lecteurs ?<\/strong><\/span><\/p>\n<p><span style=\"font-size: 16pt\"><strong>Gauthier Or\u00e9\u00a0:<\/strong> Je suis Gauthier ORE, Directeur G\u00e9n\u00e9ral de Royal Fashion Event et Pr\u00e9sident d\u2019organisation des Africa Fashion Awards (AFA). Engag\u00e9 dans la valorisation des talents cr\u00e9atifs africains, je coordonne depuis plusieurs ann\u00e9es cette plateforme d\u00e9di\u00e9e \u00e0 la mode et \u00e0 la jeunesse du continent.<\/span><\/p>\n<p><span style=\"font-size: 16pt\"><strong>Tabouleinfos\u00a0: Parlez-nous des Africa Fashion Awards (AFA)\u00a0?<\/strong><\/span><\/p>\n<p><span style=\"font-size: 16pt\"><strong>Gauthier Or\u00e9\u00a0:<\/strong> Les Africa Fashion Awards sont une c\u00e9l\u00e9bration annuelle de la mode africaine, qui r\u00e9compense les talents du secteur \u00e0 travers des distinctions, des d\u00e9fil\u00e9s et des moments de partage. C\u2019est une plateforme de promotion, de visibilit\u00e9 et de r\u00e9seautage pour les acteurs du stylisme, du mannequinat, de la photographie, du make-up et de l\u2019influence mode, venant de plus de 15 pays africains.<\/span><\/p>\n<p><span style=\"font-size: 16pt\">A lire aussi\u00a0: <span style=\"text-decoration: underline;color: #0000ff\"><a style=\"color: #0000ff;text-decoration: underline\" href=\"https:\/\/tabouleinfos.com\/index.php\/benin-retour-sur-la-5e-edition-des-africa-fashion-awards\/\">Benin : retour sur la 5e \u00e9dition des Africa Fashion Awards<\/a><\/span><\/span><\/p>\n<p><span style=\"font-size: 16pt\"><strong>Tabouleinfos\u00a0: Quels sont les objectifs de cet \u00e9v\u00e9nement et qui sont vos cibles principales ?<\/strong><\/span><\/p>\n<p><span style=\"font-size: 16pt\"><strong>Gauthier Or\u00e9\u00a0:<\/strong> Nos objectifs sont :<\/span><\/p>\n<p><span style=\"font-size: 16pt\">Promouvoir la cr\u00e9ativit\u00e9 africaine<\/span><\/p>\n<p><span style=\"font-size: 16pt\">R\u00e9compenser les talents m\u00e9ritants<\/span><\/p>\n<p><span style=\"font-size: 16pt\">Offrir des opportunit\u00e9s de d\u00e9veloppement professionnel<\/span><\/p>\n<p><span style=\"font-size: 16pt\">Cr\u00e9er un pont entre les acteurs locaux et les march\u00e9s internationaux<\/span><\/p>\n<p><span style=\"font-size: 16pt\">Nos cibles principales sont : les stylistes, cr\u00e9ateurs, mannequins, photographes, maquilleurs, influenceurs et \u00e9coles de mode.<\/span><\/p>\n<p><span style=\"font-size: 16pt\"><strong>Tabouleinfos\u00a0: Quel est le th\u00e8me de cette ann\u00e9e, et que symbolise-t-il ?<\/strong><\/span><\/p>\n<p><span style=\"font-size: 16pt\"><strong>Gauthier Or\u00e9\u00a0:<\/strong> Le th\u00e8me de cette 6<sup>\u00e8me<\/sup> \u00e9dition est <strong>\u00ab Couleurs de Cascade \u00bb<\/strong>.<\/span><\/p>\n<p><span style=\"font-size: 16pt\">Il symbolise la diversit\u00e9 cr\u00e9ative, la fluidit\u00e9 de l\u2019identit\u00e9 culturelle africaine et la richesse chromatique des styles contemporains. Il invite chaque cr\u00e9ateur \u00e0 exprimer librement sa vision de la mode dans toute sa splendeur.<\/span><\/p>\n<p><span style=\"font-size: 16pt\"><strong>Tabouleinfos\u00a0: O\u00f9 en \u00eates-vous dans les pr\u00e9paratifs ?<\/strong><\/span><\/p>\n<p><span style=\"font-size: 16pt\"><strong>Gauthier Or\u00e9\u00a0:<\/strong> Nous sommes actuellement dans la phase de s\u00e9lection des candidats, apr\u00e8s l\u2019appel \u00e0 candidatures. La feuille de route est structur\u00e9e, avec des dates cl\u00e9s pour les r\u00e9p\u00e9titions, les essayages, les rencontres et les phases de vote. Nous avan\u00e7ons avec rigueur, en collaboration avec nos partenaires.<\/span><\/p>\n<p><span style=\"font-size: 16pt\"><strong>Tabouleinfos\u00a0: Pouvez-vous nous donner un aper\u00e7u des moments forts ?<\/strong><\/span><\/p>\n<p><span style=\"font-size: 16pt\"><strong>Gauthier Or\u00e9\u00a0:<\/strong> Oui\u00a0! Les temps forts incluent :<\/span><\/p>\n<p><span style=\"font-size: 16pt\">Le D\u00e9fil\u00e9 des jeunes cr\u00e9ateurs (22 novembre)<\/span><\/p>\n<p><span style=\"font-size: 16pt\">La Soir\u00e9e de remise de prix (29 novembre)<\/span><\/p>\n<p><span style=\"font-size: 16pt\">Des ateliers de formation, des conf\u00e9rences inspirantes<\/span><\/p>\n<p><span style=\"font-size: 16pt\">Des rencontres entre professionnels du secteur<\/span><\/p>\n<p><span style=\"font-size: 16pt\"><strong>Tabouleinfos\u00a0: Quelles nouveaut\u00e9s cette \u00e9dition apporte-t-elle ?<\/strong><\/span><\/p>\n<p><span style=\"font-size: 16pt\"><strong>Gauthier Or\u00e9\u00a0:<\/strong> Parmi les nouveaut\u00e9s :<\/span><\/p>\n<p><span style=\"font-size: 16pt\">Un volet e-commerce pour permettre aux cr\u00e9ateurs prim\u00e9s de vendre leurs collections<\/span><\/p>\n<p><span style=\"font-size: 16pt\">Une s\u00e9lection nationale par pays avant la phase internationale<\/span><\/p>\n<p><span style=\"font-size: 16pt\">Une application mobile en cours de d\u00e9veloppement<\/span><\/p>\n<p><span style=\"font-size: 16pt\">L\u2019introduction du programme Mode En D\u00e9bat, un espace d\u2019\u00e9change en ligne autour de th\u00e9matiques de la mode<\/span><\/p>\n<p><span style=\"font-size: 16pt\"><strong>Tabouleinfos\u00a0: Quel r\u00f4le les AFA jouent-ils dans la d\u00e9couverte des jeunes talents ?<\/strong><\/span><\/p>\n<p><span style=\"font-size: 16pt\"><strong>Gauthier Or\u00e9\u00a0:<\/strong> Les AFA ont permis \u00e0 plusieurs talents d\u2019\u00eatre rep\u00e9r\u00e9s, encadr\u00e9s, promus et valoris\u00e9s. Cette ann\u00e9e, nous mettons un accent particulier sur les r\u00e9v\u00e9lations jeunes cr\u00e9ateurs et mannequins, avec des accompagnements, formations et expositions d\u00e9di\u00e9s.<\/span><\/p>\n<p><span style=\"font-size: 16pt\"><strong>Tabouleinfos\u00a0: Quel h\u00e9ritage souhaitez-vous laisser au B\u00e9nin apr\u00e8s cette \u00e9dition ?<\/strong><\/span><\/p>\n<p><span style=\"font-size: 16pt\"><strong>Gauthier Or\u00e9\u00a0:<\/strong> Nous souhaitons laisser :<\/span><\/p>\n<p><span style=\"font-size: 16pt\">Une plateforme durable de valorisation des talents<\/span><\/p>\n<p><span style=\"font-size: 16pt\">Une m\u00e9moire audiovisuelle forte de la mode africaine contemporaine<\/span><\/p>\n<p><span style=\"font-size: 16pt\">Une nouvelle dynamique \u00e9conomique et touristique autour de la mode<\/span><\/p>\n<p><span style=\"font-size: 16pt\"><strong>Tabouleinfos\u00a0: Comment voyez-vous l\u2019\u00e9volution des AFA dans 5 \u00e0 10 ans ?<\/strong><\/span><\/p>\n<p><span style=\"font-size: 16pt\"><strong>Gauthier Or\u00e9\u00a0:<\/strong> Nous envisageons :<\/span><\/p>\n<p><span style=\"font-size: 16pt\">Une expansion vers d\u2019autres r\u00e9gions du continent<\/span><\/p>\n<p><span style=\"font-size: 16pt\">Une \u00e9dition itin\u00e9rante dans les grandes capitales africaines<\/span><\/p>\n<p><span style=\"font-size: 16pt\">Une int\u00e9gration de l\u2019innovation num\u00e9rique (NFT, e-commerce, IA, etc.)<\/span><\/p>\n<p><span style=\"font-size: 16pt\">La cr\u00e9ation d\u2019un institut panafricain de la mode adoss\u00e9 aux AFA<\/span><\/p>\n<p><span style=\"font-size: 16pt\"><strong>Tabouleinfos\u00a0: Que souhaitez-vous que le public retienne de cette \u00e9dition 2025 ?<\/strong><\/span><\/p>\n<p><span style=\"font-size: 16pt\"><strong>Gauthier Or\u00e9\u00a0:<\/strong> Qu\u2019elle est :<\/span><\/p>\n<p><span style=\"font-size: 16pt\">Cr\u00e9ative, audacieuse, inclusive<\/span><\/p>\n<p><span style=\"font-size: 16pt\">Un tremplin pour les jeunes talents<\/span><\/p>\n<p><span style=\"font-size: 16pt\">Un symbole d\u2019unit\u00e9 et de fiert\u00e9 africaine<\/span><\/p>\n<p><span style=\"font-size: 16pt\"><strong>Tabouleinfos\u00a0: Quel est votre message \u00e0 la jeunesse africaine passionn\u00e9e de mode ?<\/strong><\/span><\/p>\n<p><span style=\"font-size: 16pt\"><strong>Gauthier Or\u00e9\u00a0:<\/strong> Croyez en vos r\u00eaves, formez-vous s\u00e9rieusement, restez fid\u00e8les \u00e0 votre identit\u00e9 et osez repousser les limites.<\/span><\/p>\n<p><span style=\"font-size: 16pt\">La mode africaine a besoin de voix nouvelles, authentiques et courageuses. Les Africa Fashion Awards sont l\u00e0 pour vous mettre en lumi\u00e8re.<\/span><\/p>\n<p><span style=\"font-size: 16pt\"><strong>Aboubacar Fod\u00e9 Bangoura<\/strong><\/span><\/p>\n","protected":false},"excerpt":{"rendered":"<p>\u00c0 l&rsquo;approche de la 6\u00e8me\u00a0\u00e9dition des tr\u00e8s attendus Africa Fashion Awards (AFA), pr\u00e9vue les 22 et 29 novembre 2025 au B\u00e9nin, nous avons eu le privil\u00e8ge de nous entretenir avec Gauthier Or\u00e9, l&rsquo;homme \u00e0 la barre de ce rendez-vous de mode. En tant que Directeur G\u00e9n\u00e9ral de l&rsquo;agence Royal Fashion Event et Pr\u00e9sident de l&rsquo;organisation [&hellip;]<\/p>\n","protected":false},"author":5,"featured_media":14920,"comment_status":"closed","ping_status":"closed","sticky":false,"template":"","format":"standard","meta":{"footnotes":""},"categories":[2,15],"tags":[],"class_list":{"0":"post-14918","1":"post","2":"type-post","3":"status-publish","4":"format-standard","5":"has-post-thumbnail","7":"category-featured","8":"category-interview"},"_links":{"self":[{"href":"https:\/\/tabouleinfos.com\/index.php\/wp-json\/wp\/v2\/posts\/14918","targetHints":{"allow":["GET"]}}],"collection":[{"href":"https:\/\/tabouleinfos.com\/index.php\/wp-json\/wp\/v2\/posts"}],"about":[{"href":"https:\/\/tabouleinfos.com\/index.php\/wp-json\/wp\/v2\/types\/post"}],"author":[{"embeddable":true,"href":"https:\/\/tabouleinfos.com\/index.php\/wp-json\/wp\/v2\/users\/5"}],"replies":[{"embeddable":true,"href":"https:\/\/tabouleinfos.com\/index.php\/wp-json\/wp\/v2\/comments?post=14918"}],"version-history":[{"count":0,"href":"https:\/\/tabouleinfos.com\/index.php\/wp-json\/wp\/v2\/posts\/14918\/revisions"}],"wp:featuredmedia":[{"embeddable":true,"href":"https:\/\/tabouleinfos.com\/index.php\/wp-json\/wp\/v2\/media\/14920"}],"wp:attachment":[{"href":"https:\/\/tabouleinfos.com\/index.php\/wp-json\/wp\/v2\/media?parent=14918"}],"wp:term":[{"taxonomy":"category","embeddable":true,"href":"https:\/\/tabouleinfos.com\/index.php\/wp-json\/wp\/v2\/categories?post=14918"},{"taxonomy":"post_tag","embeddable":true,"href":"https:\/\/tabouleinfos.com\/index.php\/wp-json\/wp\/v2\/tags?post=14918"}],"curies":[{"name":"wp","href":"https:\/\/api.w.org\/{rel}","templated":true}]}}