{"id":15207,"date":"2025-09-02T10:06:33","date_gmt":"2025-09-02T10:06:33","guid":{"rendered":"https:\/\/tabouleinfos.com\/?p=15207"},"modified":"2025-09-02T10:06:33","modified_gmt":"2025-09-02T10:06:33","slug":"de-la-passion-a-la-profession-55-jeunes-photographes-guineens-en-formation","status":"publish","type":"post","link":"https:\/\/tabouleinfos.com\/index.php\/de-la-passion-a-la-profession-55-jeunes-photographes-guineens-en-formation\/","title":{"rendered":"De la passion \u00e0 la profession : 55 jeunes photographes guin\u00e9ens en formation"},"content":{"rendered":"<p><span style=\"font-size: 16pt\"><strong>Le coup d&rsquo;envoi d&rsquo;une formation de dix jours pour 55 jeunes passionn\u00e9s de photographie a \u00e9t\u00e9 donn\u00e9 \u00e0 Conakry, le lundi 1er septembre 2025. La c\u00e9r\u00e9monie d&rsquo;ouverture s&rsquo;est d\u00e9roul\u00e9e en pr\u00e9sence de plusieurs figures importantes du monde des arts et de la culture en Guin\u00e9e, notamment les directeurs g\u00e9n\u00e9raux de l&rsquo;Office National de la Formation Professionnelle et du Perfectionnement (ONFPP), de l&rsquo;Office National de Promotion de l&rsquo;Artisanat (ONPA), de l&rsquo;Office National du Cin\u00e9ma, de la Vid\u00e9o et de l&rsquo;Image (ONACIG), ainsi que le directeur g\u00e9n\u00e9ral adjoint du Fonds de D\u00e9veloppement des Arts et de la Culture (FODAC).<\/strong><\/span><\/p>\n<p><a href=\"https:\/\/tabouleinfos.com\/wp-content\/uploads\/2025\/09\/retouch_2025090209445159.jpg\"><img loading=\"lazy\" decoding=\"async\" width=\"1024\" height=\"682\" class=\"alignnone wp-image-15209 size-large\" src=\"https:\/\/tabouleinfos.com\/wp-content\/uploads\/2025\/09\/retouch_2025090209445159-1024x682.jpg\" alt=\"\" srcset=\"https:\/\/tabouleinfos.com\/wp-content\/uploads\/2025\/09\/retouch_2025090209445159-1024x682.jpg 1024w, https:\/\/tabouleinfos.com\/wp-content\/uploads\/2025\/09\/retouch_2025090209445159-300x200.jpg 300w, https:\/\/tabouleinfos.com\/wp-content\/uploads\/2025\/09\/retouch_2025090209445159-768x512.jpg 768w, https:\/\/tabouleinfos.com\/wp-content\/uploads\/2025\/09\/retouch_2025090209445159-1536x1024.jpg 1536w, https:\/\/tabouleinfos.com\/wp-content\/uploads\/2025\/09\/retouch_2025090209445159-2048x1365.jpg 2048w, https:\/\/tabouleinfos.com\/wp-content\/uploads\/2025\/09\/retouch_2025090209445159-696x464.jpg 696w, https:\/\/tabouleinfos.com\/wp-content\/uploads\/2025\/09\/retouch_2025090209445159-1068x712.jpg 1068w, https:\/\/tabouleinfos.com\/wp-content\/uploads\/2025\/09\/retouch_2025090209445159-1920x1280.jpg 1920w, https:\/\/tabouleinfos.com\/wp-content\/uploads\/2025\/09\/retouch_2025090209445159-630x420.jpg 630w, https:\/\/tabouleinfos.com\/wp-content\/uploads\/2025\/09\/retouch_2025090209445159-750x500.jpg 750w, https:\/\/tabouleinfos.com\/wp-content\/uploads\/2025\/09\/retouch_2025090209445159-1140x760.jpg 1140w\" sizes=\"auto, (max-width: 1024px) 100vw, 1024px\" \/><\/a><\/p>\n<p><span style=\"font-size: 16pt\">Intitul\u00e9e <strong>\u00ab De la photo prestation \u00e0 la photographie d\u2019expression \u00bb<\/strong>, la formation est dirig\u00e9e par Yann Paterne Tohon, expert en photographie. Elle est le fruit d&rsquo;une initiative conjointe de S\u00e2nsi Hub et financ\u00e9e par l&rsquo;office National de Formation et de Perfectionnement Professionnels (ONFPP).<\/span><\/p>\n<p><a href=\"https:\/\/tabouleinfos.com\/wp-content\/uploads\/2025\/09\/alpha.jpg\"><img loading=\"lazy\" decoding=\"async\" width=\"1024\" height=\"682\" class=\"alignnone size-large wp-image-15210\" src=\"https:\/\/tabouleinfos.com\/wp-content\/uploads\/2025\/09\/alpha-1024x682.jpg\" alt=\"\" srcset=\"https:\/\/tabouleinfos.com\/wp-content\/uploads\/2025\/09\/alpha-1024x682.jpg 1024w, https:\/\/tabouleinfos.com\/wp-content\/uploads\/2025\/09\/alpha-300x200.jpg 300w, https:\/\/tabouleinfos.com\/wp-content\/uploads\/2025\/09\/alpha-768x512.jpg 768w, https:\/\/tabouleinfos.com\/wp-content\/uploads\/2025\/09\/alpha-1536x1024.jpg 1536w, https:\/\/tabouleinfos.com\/wp-content\/uploads\/2025\/09\/alpha-2048x1365.jpg 2048w, https:\/\/tabouleinfos.com\/wp-content\/uploads\/2025\/09\/alpha-696x464.jpg 696w, https:\/\/tabouleinfos.com\/wp-content\/uploads\/2025\/09\/alpha-1068x712.jpg 1068w, https:\/\/tabouleinfos.com\/wp-content\/uploads\/2025\/09\/alpha-1920x1280.jpg 1920w, https:\/\/tabouleinfos.com\/wp-content\/uploads\/2025\/09\/alpha-630x420.jpg 630w, https:\/\/tabouleinfos.com\/wp-content\/uploads\/2025\/09\/alpha-750x500.jpg 750w, https:\/\/tabouleinfos.com\/wp-content\/uploads\/2025\/09\/alpha-1140x760.jpg 1140w\" sizes=\"auto, (max-width: 1024px) 100vw, 1024px\" \/><\/a><\/p>\n<p><span style=\"font-size: 16pt\">Cheik Alpha Ibrahima Camara, directeur ex\u00e9cutif de l\u2019incubateur, a pr\u00e9cis\u00e9 les objectifs de cette formation. Il a expliqu\u00e9 que cette initiative vise \u00e0 permettre aux photographes guin\u00e9ens <em>\u00ab d\u2019acqu\u00e9rir de nouvelles comp\u00e9tences, d\u2019\u00e9lever leur niveau en termes de production d\u2019images de qualit\u00e9, mais aussi de les amener \u00e0 penser comme des entrepreneurs \u00e9voluant dans les industries culturelles et cr\u00e9atives. \u00bb<\/em> Il a \u00e9galement soulign\u00e9 que la formation serait intensive, avec seulement deux jours de th\u00e9orie et le reste du temps consacr\u00e9 \u00e0 la pratique.<\/span><\/p>\n<p><span style=\"font-size: 16pt\">Camara a aussi \u00e9voqu\u00e9 les perspectives d&rsquo;avenir pour les participants : <em>\u00ab Nous sommes actuellement en n\u00e9gociation avec quatre entreprises pour voir dans quelle mesure elles peuvent accueillir certains b\u00e9n\u00e9ficiaires en stage. Nous cherchons \u00e9galement \u00e0 les associer \u00e0 certains \u00e9v\u00e9nements en tant que b\u00e9n\u00e9voles photographes, afin qu\u2019ils puissent peaufiner leurs pratiques. \u00bb<\/em> Un projet d&rsquo;exposition des travaux des participants est \u00e9galement \u00e0 l&rsquo;\u00e9tude.<\/span><\/p>\n<p><a href=\"https:\/\/tabouleinfos.com\/wp-content\/uploads\/2025\/09\/mohamed-keita.jpg\"><img loading=\"lazy\" decoding=\"async\" width=\"1024\" height=\"682\" class=\"alignnone size-large wp-image-15211\" src=\"https:\/\/tabouleinfos.com\/wp-content\/uploads\/2025\/09\/mohamed-keita-1024x682.jpg\" alt=\"\" srcset=\"https:\/\/tabouleinfos.com\/wp-content\/uploads\/2025\/09\/mohamed-keita-1024x682.jpg 1024w, https:\/\/tabouleinfos.com\/wp-content\/uploads\/2025\/09\/mohamed-keita-300x200.jpg 300w, https:\/\/tabouleinfos.com\/wp-content\/uploads\/2025\/09\/mohamed-keita-768x512.jpg 768w, https:\/\/tabouleinfos.com\/wp-content\/uploads\/2025\/09\/mohamed-keita-1536x1024.jpg 1536w, https:\/\/tabouleinfos.com\/wp-content\/uploads\/2025\/09\/mohamed-keita-2048x1365.jpg 2048w, https:\/\/tabouleinfos.com\/wp-content\/uploads\/2025\/09\/mohamed-keita-696x464.jpg 696w, https:\/\/tabouleinfos.com\/wp-content\/uploads\/2025\/09\/mohamed-keita-1068x712.jpg 1068w, https:\/\/tabouleinfos.com\/wp-content\/uploads\/2025\/09\/mohamed-keita-1920x1280.jpg 1920w, https:\/\/tabouleinfos.com\/wp-content\/uploads\/2025\/09\/mohamed-keita-630x420.jpg 630w, https:\/\/tabouleinfos.com\/wp-content\/uploads\/2025\/09\/mohamed-keita-750x500.jpg 750w, https:\/\/tabouleinfos.com\/wp-content\/uploads\/2025\/09\/mohamed-keita-1140x760.jpg 1140w\" sizes=\"auto, (max-width: 1024px) 100vw, 1024px\" \/><\/a><\/p>\n<p><span style=\"font-size: 16pt\">Mohamed Lamine Ke\u00efta, directeur de l\u2019ONFPP, est revenu sur l&rsquo;importance de ce programme de perfectionnement. Il a soulign\u00e9 que l&rsquo;objectif de son institution est d&rsquo;am\u00e9liorer le quotidien des professionnels en les aidant \u00e0 <em>\u00ab devenir autonomes et renforcer leur capacit\u00e9 d\u2019insertion socio-professionnelle \u00bb<\/em>, conform\u00e9ment \u00e0 la politique gouvernementale de formation continue et d&#8217;employabilit\u00e9 des jeunes.<\/span><\/p>\n<p><a href=\"https:\/\/tabouleinfos.com\/wp-content\/uploads\/2025\/09\/amara-traore.jpg\"><img loading=\"lazy\" decoding=\"async\" width=\"1024\" height=\"682\" class=\"alignnone size-large wp-image-15212\" src=\"https:\/\/tabouleinfos.com\/wp-content\/uploads\/2025\/09\/amara-traore-1024x682.jpg\" alt=\"\" srcset=\"https:\/\/tabouleinfos.com\/wp-content\/uploads\/2025\/09\/amara-traore-1024x682.jpg 1024w, https:\/\/tabouleinfos.com\/wp-content\/uploads\/2025\/09\/amara-traore-300x200.jpg 300w, https:\/\/tabouleinfos.com\/wp-content\/uploads\/2025\/09\/amara-traore-768x512.jpg 768w, https:\/\/tabouleinfos.com\/wp-content\/uploads\/2025\/09\/amara-traore-1536x1024.jpg 1536w, https:\/\/tabouleinfos.com\/wp-content\/uploads\/2025\/09\/amara-traore-2048x1365.jpg 2048w, https:\/\/tabouleinfos.com\/wp-content\/uploads\/2025\/09\/amara-traore-696x464.jpg 696w, https:\/\/tabouleinfos.com\/wp-content\/uploads\/2025\/09\/amara-traore-1068x712.jpg 1068w, https:\/\/tabouleinfos.com\/wp-content\/uploads\/2025\/09\/amara-traore-1920x1280.jpg 1920w, https:\/\/tabouleinfos.com\/wp-content\/uploads\/2025\/09\/amara-traore-630x420.jpg 630w, https:\/\/tabouleinfos.com\/wp-content\/uploads\/2025\/09\/amara-traore-750x500.jpg 750w, https:\/\/tabouleinfos.com\/wp-content\/uploads\/2025\/09\/amara-traore-1140x760.jpg 1140w\" sizes=\"auto, (max-width: 1024px) 100vw, 1024px\" \/><\/a><\/p>\n<p><span style=\"font-size: 16pt\">Pour sa part, Amara Traor\u00e9, directeur g\u00e9n\u00e9ral de l&rsquo;ONACIG, a exprim\u00e9 son soutien \u00e0 cette initiative, car elle permettra de former <em>\u00ab des photographes professionnalis\u00e9s qui vont sortir de cette formation, mais aussi pr\u00eats \u00e0 \u00eatre entrepreneurs. \u00bb<\/em> Il a rappel\u00e9 que, bien que la photographie soit une passion en Guin\u00e9e, elle est souvent peu professionnalis\u00e9e. Pour l&rsquo;ONACIG, qui a pour mission de promouvoir ce domaine, il \u00e9tait donc essentiel d&rsquo;accompagner ce projet pour faire des photographes <em>\u00ab les piliers de notre identit\u00e9 culturelle. \u00bb<\/em><\/span><\/p>\n<p><a href=\"https:\/\/tabouleinfos.com\/wp-content\/uploads\/2025\/09\/insere.jpg\"><img loading=\"lazy\" decoding=\"async\" width=\"1024\" height=\"570\" class=\"alignnone size-large wp-image-15213\" src=\"https:\/\/tabouleinfos.com\/wp-content\/uploads\/2025\/09\/insere-1024x570.jpg\" alt=\"\" srcset=\"https:\/\/tabouleinfos.com\/wp-content\/uploads\/2025\/09\/insere-1024x570.jpg 1024w, https:\/\/tabouleinfos.com\/wp-content\/uploads\/2025\/09\/insere-300x167.jpg 300w, https:\/\/tabouleinfos.com\/wp-content\/uploads\/2025\/09\/insere-768x427.jpg 768w, https:\/\/tabouleinfos.com\/wp-content\/uploads\/2025\/09\/insere-1536x854.jpg 1536w, https:\/\/tabouleinfos.com\/wp-content\/uploads\/2025\/09\/insere-2048x1139.jpg 2048w, https:\/\/tabouleinfos.com\/wp-content\/uploads\/2025\/09\/insere-696x387.jpg 696w, https:\/\/tabouleinfos.com\/wp-content\/uploads\/2025\/09\/insere-1068x594.jpg 1068w, https:\/\/tabouleinfos.com\/wp-content\/uploads\/2025\/09\/insere-1920x1068.jpg 1920w, https:\/\/tabouleinfos.com\/wp-content\/uploads\/2025\/09\/insere-755x420.jpg 755w, https:\/\/tabouleinfos.com\/wp-content\/uploads\/2025\/09\/insere-750x417.jpg 750w, https:\/\/tabouleinfos.com\/wp-content\/uploads\/2025\/09\/insere-1140x634.jpg 1140w\" sizes=\"auto, (max-width: 1024px) 100vw, 1024px\" \/><\/a><\/p>\n<p><span style=\"font-size: 16pt\">Au terme de ces dix jours, les jeunes photographes sortiront ainsi avec un double atout : des comp\u00e9tences techniques renforc\u00e9es et une vision entrepreneuriale, les pr\u00e9parant \u00e0 devenir des acteurs cl\u00e9s des industries culturelles et cr\u00e9atives en Guin\u00e9e.<\/span><\/p>\n<p><span style=\"font-size: 16pt\"><strong>Aboubacar Fod\u00e9 Bangoura<\/strong><\/span><\/p>\n","protected":false},"excerpt":{"rendered":"<p>Le coup d&rsquo;envoi d&rsquo;une formation de dix jours pour 55 jeunes passionn\u00e9s de photographie a \u00e9t\u00e9 donn\u00e9 \u00e0 Conakry, le lundi 1er septembre 2025. La c\u00e9r\u00e9monie d&rsquo;ouverture s&rsquo;est d\u00e9roul\u00e9e en pr\u00e9sence de plusieurs figures importantes du monde des arts et de la culture en Guin\u00e9e, notamment les directeurs g\u00e9n\u00e9raux de l&rsquo;Office National de la Formation [&hellip;]<\/p>\n","protected":false},"author":5,"featured_media":15214,"comment_status":"closed","ping_status":"closed","sticky":false,"template":"","format":"standard","meta":{"footnotes":""},"categories":[2,25],"tags":[],"class_list":{"0":"post-15207","1":"post","2":"type-post","3":"status-publish","4":"format-standard","5":"has-post-thumbnail","7":"category-featured","8":"category-news"},"_links":{"self":[{"href":"https:\/\/tabouleinfos.com\/index.php\/wp-json\/wp\/v2\/posts\/15207","targetHints":{"allow":["GET"]}}],"collection":[{"href":"https:\/\/tabouleinfos.com\/index.php\/wp-json\/wp\/v2\/posts"}],"about":[{"href":"https:\/\/tabouleinfos.com\/index.php\/wp-json\/wp\/v2\/types\/post"}],"author":[{"embeddable":true,"href":"https:\/\/tabouleinfos.com\/index.php\/wp-json\/wp\/v2\/users\/5"}],"replies":[{"embeddable":true,"href":"https:\/\/tabouleinfos.com\/index.php\/wp-json\/wp\/v2\/comments?post=15207"}],"version-history":[{"count":0,"href":"https:\/\/tabouleinfos.com\/index.php\/wp-json\/wp\/v2\/posts\/15207\/revisions"}],"wp:featuredmedia":[{"embeddable":true,"href":"https:\/\/tabouleinfos.com\/index.php\/wp-json\/wp\/v2\/media\/15214"}],"wp:attachment":[{"href":"https:\/\/tabouleinfos.com\/index.php\/wp-json\/wp\/v2\/media?parent=15207"}],"wp:term":[{"taxonomy":"category","embeddable":true,"href":"https:\/\/tabouleinfos.com\/index.php\/wp-json\/wp\/v2\/categories?post=15207"},{"taxonomy":"post_tag","embeddable":true,"href":"https:\/\/tabouleinfos.com\/index.php\/wp-json\/wp\/v2\/tags?post=15207"}],"curies":[{"name":"wp","href":"https:\/\/api.w.org\/{rel}","templated":true}]}}