{"id":1629,"date":"2020-08-13T21:56:21","date_gmt":"2020-08-13T21:56:21","guid":{"rendered":"https:\/\/tabouleinfos.com\/?p=1629"},"modified":"2020-08-13T22:01:26","modified_gmt":"2020-08-13T22:01:26","slug":"papa-kouyate-inhume-a-conakry-ce-jeudi","status":"publish","type":"post","link":"https:\/\/tabouleinfos.com\/index.php\/papa-kouyate-inhume-a-conakry-ce-jeudi\/","title":{"rendered":"Papa Kouyat\u00e9 inhum\u00e9 au cimeti\u00e8re de Cameroun"},"content":{"rendered":"<p><strong>D\u00e9c\u00e9d\u00e9 le lundi 11 ao\u00fbt dernier, le percussionniste Guin\u00e9en Papa Kouyat\u00e9 a \u00e9t\u00e9 inhum\u00e9 ce jeudi 13 ao\u00fbt au cimeti\u00e8re de Cameroun \u00e0 Conakry.<\/strong><\/p>\n<p><a href=\"https:\/\/tabouleinfos.com\/wp-content\/uploads\/2020\/08\/hommage.jpg\"><img loading=\"lazy\" decoding=\"async\" width=\"300\" height=\"135\" class=\"alignnone size-medium wp-image-1631\" src=\"https:\/\/tabouleinfos.com\/wp-content\/uploads\/2020\/08\/hommage-300x135.jpg\" alt=\"\" srcset=\"https:\/\/tabouleinfos.com\/wp-content\/uploads\/2020\/08\/hommage-300x135.jpg 300w, https:\/\/tabouleinfos.com\/wp-content\/uploads\/2020\/08\/hommage.jpg 480w\" sizes=\"auto, (max-width: 300px) 100vw, 300px\" \/><\/a><\/p>\n<p>Avant son inhumation, un vibrant hommage lui a \u00e9t\u00e9 rendu dans la cour de la morgue de l\u2019h\u00f4pital Ignace Deen. Une c\u00e9r\u00e9monie qui a connu la pr\u00e9sence du Ministre d\u2019Etat en charge de la Culture, Sanoussy Bantama Sow, de Mamadou Antonio Souar\u00e9, Pr\u00e9sident de la FEGUIFOOT, des actistes et d\u2019autres des grandes figures du paysage culturel Guin\u00e9en.<\/p>\n<p><strong>La r\u00e9daction <\/strong><\/p>\n","protected":false},"excerpt":{"rendered":"<p>D\u00e9c\u00e9d\u00e9 le lundi 11 ao\u00fbt dernier, le percussionniste Guin\u00e9en Papa Kouyat\u00e9 a \u00e9t\u00e9 inhum\u00e9 ce jeudi 13 ao\u00fbt au cimeti\u00e8re de Cameroun \u00e0 Conakry. Avant son inhumation, un vibrant hommage lui a \u00e9t\u00e9 rendu dans la cour de la morgue de l\u2019h\u00f4pital Ignace Deen. Une c\u00e9r\u00e9monie qui a connu la pr\u00e9sence du Ministre d\u2019Etat en [&hellip;]<\/p>\n","protected":false},"author":2,"featured_media":1630,"comment_status":"open","ping_status":"open","sticky":false,"template":"","format":"standard","meta":{"footnotes":""},"categories":[2,25],"tags":[],"class_list":{"0":"post-1629","1":"post","2":"type-post","3":"status-publish","4":"format-standard","5":"has-post-thumbnail","7":"category-featured","8":"category-news"},"_links":{"self":[{"href":"https:\/\/tabouleinfos.com\/index.php\/wp-json\/wp\/v2\/posts\/1629","targetHints":{"allow":["GET"]}}],"collection":[{"href":"https:\/\/tabouleinfos.com\/index.php\/wp-json\/wp\/v2\/posts"}],"about":[{"href":"https:\/\/tabouleinfos.com\/index.php\/wp-json\/wp\/v2\/types\/post"}],"author":[{"embeddable":true,"href":"https:\/\/tabouleinfos.com\/index.php\/wp-json\/wp\/v2\/users\/2"}],"replies":[{"embeddable":true,"href":"https:\/\/tabouleinfos.com\/index.php\/wp-json\/wp\/v2\/comments?post=1629"}],"version-history":[{"count":0,"href":"https:\/\/tabouleinfos.com\/index.php\/wp-json\/wp\/v2\/posts\/1629\/revisions"}],"wp:featuredmedia":[{"embeddable":true,"href":"https:\/\/tabouleinfos.com\/index.php\/wp-json\/wp\/v2\/media\/1630"}],"wp:attachment":[{"href":"https:\/\/tabouleinfos.com\/index.php\/wp-json\/wp\/v2\/media?parent=1629"}],"wp:term":[{"taxonomy":"category","embeddable":true,"href":"https:\/\/tabouleinfos.com\/index.php\/wp-json\/wp\/v2\/categories?post=1629"},{"taxonomy":"post_tag","embeddable":true,"href":"https:\/\/tabouleinfos.com\/index.php\/wp-json\/wp\/v2\/tags?post=1629"}],"curies":[{"name":"wp","href":"https:\/\/api.w.org\/{rel}","templated":true}]}}