{"id":16390,"date":"2026-03-17T09:08:43","date_gmt":"2026-03-17T09:08:43","guid":{"rendered":"https:\/\/tabouleinfos.com\/?p=16390"},"modified":"2026-03-17T09:08:43","modified_gmt":"2026-03-17T09:08:43","slug":"abin-afrique-fashion-lance-la-premiere-edition-du-golden-gala","status":"publish","type":"post","link":"https:\/\/tabouleinfos.com\/index.php\/abin-afrique-fashion-lance-la-premiere-edition-du-golden-gala\/","title":{"rendered":"Abin Afrique Fashion lance la premi\u00e8re \u00e9dition du Golden Gala"},"content":{"rendered":"<p><span style=\"font-size: 16pt\"><strong>La capitale guin\u00e9enne s\u2019appr\u00eate \u00e0 vibrer au rythme de la premi\u00e8re \u00e9dition du Golden Gala. Cet \u00e9v\u00e9nement prestigieux se tiendra au Noom H\u00f4tel, le vendredi 27 mars 2026, avec la C\u00f4te d\u2019Ivoire comme pays invit\u00e9 d\u2019honneur.<\/strong><\/span><\/p>\n<p><span style=\"font-size: 16pt\">Ce lundi 16 mars, la structure organisatrice, Abin Afrique Fashion, a convi\u00e9 les professionnels des m\u00e9dias pour une conf\u00e9rence de presse de pr\u00e9sentation. Les organisateurs y ont d\u00e9voil\u00e9 les contours de cette c\u00e9r\u00e9monie inaugurale plac\u00e9e sous le th\u00e8me : <strong>\u00ab Traditionnel guin\u00e9en et moderne \u00bb<\/strong>.<\/span><\/p>\n<p><span style=\"font-size: 16pt\">D\u00e8s ce premier acte, Abin Afrique Fashion affiche de hautes ambitions. D&rsquo;ici cinq ans, la structure aspire \u00e0 devenir une r\u00e9f\u00e9rence incontournable dans l&rsquo;organisation d&rsquo;\u00e9v\u00e9nements d&rsquo;envergure en Guin\u00e9e. Le Golden Gala a pour double vocation de promouvoir la mode locale en mettant en lumi\u00e8re les cr\u00e9ateurs guin\u00e9ens, mais aussi de r\u00e9compenser les figures marquantes du paysage culturel et digital. Plusieurs distinctions seront ainsi d\u00e9cern\u00e9es, notamment dans les cat\u00e9gories : <strong>\u00ab Meilleur artiste musical de l&rsquo;ann\u00e9e, Meilleur cr\u00e9ateur de contenu, Meilleur photographe\u2026 \u00bb<\/strong><\/span><\/p>\n<p><span style=\"font-size: 16pt\">Pour la porteuse du projet, Marie In\u00e8s Tour\u00e9 : <em>\u00ab Le projet Golden Gala a pour but de r\u00e9unir les c\u00e9l\u00e9brit\u00e9s chaque ann\u00e9e. Je me disais qu&rsquo;il n&rsquo;y avait pas ce genre d&rsquo;\u00e9v\u00e9nement en Guin\u00e9e. Pourquoi ne pas vouloir mettre la culture guin\u00e9enne en avant, comme les autres pays africains. Donc je me suis dit, pourquoi ne pas faire la rencontre des c\u00e9l\u00e9brit\u00e9s chaque ann\u00e9e et essayer de mettre l&rsquo;accent sur la mode en Guin\u00e9e aussi et mettre la lumi\u00e8re sur les stylistes guin\u00e9ens.<\/em> \u00bb<\/span><\/p>\n<p><span style=\"font-size: 16pt\">De son c\u00f4t\u00e9, Ibrahim Kalil Cont\u00e9, repr\u00e9sentant de la structure Guin\u00e9e D\u00e9couverte et partenaire de l\u2019\u00e9v\u00e9nement, a pr\u00e9cis\u00e9 : \u00ab <em>Ce qu&rsquo;il faut retenir de ce projet, c&rsquo;est que ce n&rsquo;est pas une simple soir\u00e9e, d&rsquo;accord ? C&rsquo;est une vision, c&rsquo;est un \u00e9v\u00e9nement qui est capable de changer la facette des \u00e9v\u00e9nements dans notre pays. C&rsquo;est vrai que les gens s&rsquo;appuient beaucoup plus sur la mobilisation que sur la qualit\u00e9 organisationnelle. Donc, c&rsquo;est pourquoi cet \u00e9v\u00e9nement s&rsquo;est inspir\u00e9 des grands \u00e9v\u00e9nements \u00e0 l&rsquo;\u00e9chelle internationale pour essayer de donner l&rsquo;image qu&rsquo;il faut aux \u00e9v\u00e9nements de notre pays. Parce que quand on parle de Golden Gala de Guin\u00e9e, c&rsquo;est surtout sur ce c\u00f4t\u00e9 qu&rsquo;il faut s&rsquo;appuyer. <\/em>\u00bb<\/span><\/p>\n<p><span style=\"font-size: 16pt\">Le rendez-vous est pris pour le 27 mars prochain. Au programme : tapis rouge, prestations artistiques, d\u00eener-buffet et entretiens exclusifs pour une soir\u00e9e qui s&rsquo;annonce m\u00e9morable.<\/span><\/p>\n<p><span style=\"font-size: 16pt\"><strong>Aboubacar Fod\u00e9 Bangoura<\/strong><\/span><\/p>\n<p>&nbsp;<\/p>\n","protected":false},"excerpt":{"rendered":"<p>La capitale guin\u00e9enne s\u2019appr\u00eate \u00e0 vibrer au rythme de la premi\u00e8re \u00e9dition du Golden Gala. Cet \u00e9v\u00e9nement prestigieux se tiendra au Noom H\u00f4tel, le vendredi 27 mars 2026, avec la C\u00f4te d\u2019Ivoire comme pays invit\u00e9 d\u2019honneur. Ce lundi 16 mars, la structure organisatrice, Abin Afrique Fashion, a convi\u00e9 les professionnels des m\u00e9dias pour une conf\u00e9rence [&hellip;]<\/p>\n","protected":false},"author":5,"featured_media":16398,"comment_status":"closed","ping_status":"closed","sticky":false,"template":"","format":"standard","meta":{"footnotes":""},"categories":[2,25],"tags":[],"class_list":{"0":"post-16390","1":"post","2":"type-post","3":"status-publish","4":"format-standard","5":"has-post-thumbnail","7":"category-featured","8":"category-news"},"_links":{"self":[{"href":"https:\/\/tabouleinfos.com\/index.php\/wp-json\/wp\/v2\/posts\/16390","targetHints":{"allow":["GET"]}}],"collection":[{"href":"https:\/\/tabouleinfos.com\/index.php\/wp-json\/wp\/v2\/posts"}],"about":[{"href":"https:\/\/tabouleinfos.com\/index.php\/wp-json\/wp\/v2\/types\/post"}],"author":[{"embeddable":true,"href":"https:\/\/tabouleinfos.com\/index.php\/wp-json\/wp\/v2\/users\/5"}],"replies":[{"embeddable":true,"href":"https:\/\/tabouleinfos.com\/index.php\/wp-json\/wp\/v2\/comments?post=16390"}],"version-history":[{"count":3,"href":"https:\/\/tabouleinfos.com\/index.php\/wp-json\/wp\/v2\/posts\/16390\/revisions"}],"predecessor-version":[{"id":16400,"href":"https:\/\/tabouleinfos.com\/index.php\/wp-json\/wp\/v2\/posts\/16390\/revisions\/16400"}],"wp:featuredmedia":[{"embeddable":true,"href":"https:\/\/tabouleinfos.com\/index.php\/wp-json\/wp\/v2\/media\/16398"}],"wp:attachment":[{"href":"https:\/\/tabouleinfos.com\/index.php\/wp-json\/wp\/v2\/media?parent=16390"}],"wp:term":[{"taxonomy":"category","embeddable":true,"href":"https:\/\/tabouleinfos.com\/index.php\/wp-json\/wp\/v2\/categories?post=16390"},{"taxonomy":"post_tag","embeddable":true,"href":"https:\/\/tabouleinfos.com\/index.php\/wp-json\/wp\/v2\/tags?post=16390"}],"curies":[{"name":"wp","href":"https:\/\/api.w.org\/{rel}","templated":true}]}}