{"id":16621,"date":"2026-04-26T20:59:04","date_gmt":"2026-04-26T20:59:04","guid":{"rendered":"https:\/\/tabouleinfos.com\/?p=16621"},"modified":"2026-04-26T20:59:17","modified_gmt":"2026-04-26T20:59:17","slug":"communique-rendez-vous-a-la-maison-de-la-presse-pour-la-grande-celebration-de-la-liberte-dinformer","status":"publish","type":"post","link":"https:\/\/tabouleinfos.com\/index.php\/communique-rendez-vous-a-la-maison-de-la-presse-pour-la-grande-celebration-de-la-liberte-dinformer\/","title":{"rendered":"Communiqu\u00e9 : Rendez-vous \u00e0 la Maison de la Presse pour la grande c\u00e9l\u00e9bration de la libert\u00e9 d&rsquo;informer"},"content":{"rendered":"<p><span style=\"font-size: 16pt\"><strong>\u00c0 l\u2019occasion de la Journ\u00e9e Internationale de la Libert\u00e9 de la Presse, la Maison de la Presse de Guin\u00e9e organise, le dimanche 03 mai 2026 \u00e0 Conakry, une c\u00e9r\u00e9monie solennelle plac\u00e9e sous le Haut Patronage du Pr\u00e9sident de la R\u00e9publique, le G\u00e9n\u00e9ral Mamadi Doumbouya. Sous le th\u00e8me \u00ab Fa\u00e7onner un avenir de paix \u00bb, ce grand rendez-vous de la presse nationale sera marqu\u00e9 par un \u00e9lan d&rsquo;unit\u00e9 sans pr\u00e9c\u00e9dent et la remise de distinctions honorifiques aux pionniers du journalisme guin\u00e9en.<\/strong><\/span><\/p>\n<p><span style=\"font-size: 16pt\">COMMUNIQU\u00c9 DE PRESSE<\/span><\/p>\n<p><span style=\"font-size: 16pt\">Objet : C\u00e9l\u00e9bration de la Journ\u00e9e Internationale de la Libert\u00e9 de la Presse \u2013 03 mai 2026<\/span><\/p>\n<p><span style=\"font-size: 16pt\">Sous le Haut Patronage de Son Excellence Monsieur le Pr\u00e9sident de la R\u00e9publique, Mamadi Doumbouya<\/span><\/p>\n<p><span style=\"font-size: 16pt\">La Maison de la Presse de Guin\u00e9e informe l\u2019opinion nationale et internationale que la Journ\u00e9e Internationale de la Libert\u00e9 de la Presse sera c\u00e9l\u00e9br\u00e9e le dimanche 03 mai 2026 \u00e0 10 heures, en son si\u00e8ge sis \u00e0 la Mini\u00e8re, Commune de Dixinn, Conakry, sous le Haut Patronage de Son Excellence Monsieur le Pr\u00e9sident de la R\u00e9publique, Mamadi Doumbouya.<\/span><\/p>\n<p><span style=\"font-size: 16pt\">Plac\u00e9e sous le th\u00e8me international : \u00ab Fa\u00e7onner un avenir de paix \u00bb, cette \u00e9dition 2026 s\u2019inscrit dans la continuit\u00e9 de l\u2019\u00e9lan d\u2019unit\u00e9 qui a marqu\u00e9 les pr\u00e9c\u00e9dentes c\u00e9l\u00e9brations, tout en franchissant un nouveau pas. L\u2019ensemble de la presse nationale guin\u00e9enne \u2013 publique et priv\u00e9e, audiovisuelle, \u00e9crite et en ligne \u2013 comm\u00e9morera, d\u2019une seule voix et dans un esprit de solidarit\u00e9, ce grand rendez-vous de la libert\u00e9 d\u2019expression.<\/span><\/p>\n<p><span style=\"font-size: 16pt\">Cette c\u00e9r\u00e9monie solennelle enregistrera la participation de la Primature, de plusieurs d\u00e9partements minist\u00e9riels, notamment le Minist\u00e8re de la Communication, de l\u2019\u00c9conomie num\u00e9rique et de l\u2019Innovation, dont l\u2019allocution est vivement attendue, aux c\u00f4t\u00e9s de celles du Pr\u00e9sident de la Haute Autorit\u00e9 de la Communication et du Pr\u00e9sident du Conseil d\u2019Administration de la Maison de la Presse de Guin\u00e9e.<\/span><\/p>\n<p><span style=\"font-size: 16pt\">Temps fort de la c\u00e9r\u00e9monie : la remise de reconnaissances \u00e0 des pionniers de la presse guin\u00e9enne, pour leur contribution exceptionnelle \u00e0 la promotion de la libert\u00e9 de la presse et \u00e0 l\u2019excellence professionnelle. Ces distinctions honorifiques seront d\u00e9cern\u00e9es \u00e0 titre anthume, en hommage \u00e0 leur engagement inlassable au service du d\u00e9veloppement de la presse nationale et de la consolidation d\u00e9mocratique.<\/span><\/p>\n<p><span style=\"font-size: 16pt\">La libert\u00e9 de la presse \u00e9tant un bien commun et un pilier fondamental de la d\u00e9mocratie, la Maison de la Presse de Guin\u00e9e invite l\u2019ensemble des journalistes, les partenaires techniques et financiers, les institutions r\u00e9publicaines ainsi que tous les d\u00e9fenseurs des libert\u00e9s publiques \u00e0 prendre part \u00e0 cette c\u00e9l\u00e9bration historique.<\/span><\/p>\n<p><span style=\"font-size: 16pt\">L\u2019unit\u00e9 de la presse guin\u00e9enne, sous le Haut Patronage du Chef de l\u2019\u00c9tat, constitue le message fort de ce 03 mai 2026.<\/span><\/p>\n<p><span style=\"font-size: 16pt\">Fait \u00e0 Conakry, le 21 avril 2026<\/span><\/p>\n<p><span style=\"font-size: 16pt\">Maison de la Presse de Guin\u00e9e<\/span><\/p>\n<p><span style=\"font-size: 16pt\"><strong>Le Pr\u00e9sident du Conseil d\u2019Administration<\/strong><\/span><\/p>\n","protected":false},"excerpt":{"rendered":"<p>\u00c0 l\u2019occasion de la Journ\u00e9e Internationale de la Libert\u00e9 de la Presse, la Maison de la Presse de Guin\u00e9e organise, le dimanche 03 mai 2026 \u00e0 Conakry, une c\u00e9r\u00e9monie solennelle plac\u00e9e sous le Haut Patronage du Pr\u00e9sident de la R\u00e9publique, le G\u00e9n\u00e9ral Mamadi Doumbouya. Sous le th\u00e8me \u00ab Fa\u00e7onner un avenir de paix \u00bb, ce [&hellip;]<\/p>\n","protected":false},"author":5,"featured_media":16624,"comment_status":"closed","ping_status":"closed","sticky":false,"template":"","format":"standard","meta":{"footnotes":""},"categories":[2,1],"tags":[],"class_list":{"0":"post-16621","1":"post","2":"type-post","3":"status-publish","4":"format-standard","5":"has-post-thumbnail","7":"category-featured","8":"category-non-classe"},"_links":{"self":[{"href":"https:\/\/tabouleinfos.com\/index.php\/wp-json\/wp\/v2\/posts\/16621","targetHints":{"allow":["GET"]}}],"collection":[{"href":"https:\/\/tabouleinfos.com\/index.php\/wp-json\/wp\/v2\/posts"}],"about":[{"href":"https:\/\/tabouleinfos.com\/index.php\/wp-json\/wp\/v2\/types\/post"}],"author":[{"embeddable":true,"href":"https:\/\/tabouleinfos.com\/index.php\/wp-json\/wp\/v2\/users\/5"}],"replies":[{"embeddable":true,"href":"https:\/\/tabouleinfos.com\/index.php\/wp-json\/wp\/v2\/comments?post=16621"}],"version-history":[{"count":1,"href":"https:\/\/tabouleinfos.com\/index.php\/wp-json\/wp\/v2\/posts\/16621\/revisions"}],"predecessor-version":[{"id":16623,"href":"https:\/\/tabouleinfos.com\/index.php\/wp-json\/wp\/v2\/posts\/16621\/revisions\/16623"}],"wp:featuredmedia":[{"embeddable":true,"href":"https:\/\/tabouleinfos.com\/index.php\/wp-json\/wp\/v2\/media\/16624"}],"wp:attachment":[{"href":"https:\/\/tabouleinfos.com\/index.php\/wp-json\/wp\/v2\/media?parent=16621"}],"wp:term":[{"taxonomy":"category","embeddable":true,"href":"https:\/\/tabouleinfos.com\/index.php\/wp-json\/wp\/v2\/categories?post=16621"},{"taxonomy":"post_tag","embeddable":true,"href":"https:\/\/tabouleinfos.com\/index.php\/wp-json\/wp\/v2\/tags?post=16621"}],"curies":[{"name":"wp","href":"https:\/\/api.w.org\/{rel}","templated":true}]}}