{"id":1695,"date":"2020-08-19T18:17:57","date_gmt":"2020-08-19T18:17:57","guid":{"rendered":"https:\/\/tabouleinfos.com\/?p=1695"},"modified":"2020-08-19T19:02:16","modified_gmt":"2020-08-19T19:02:16","slug":"journee-mondiale-de-la-photographie-les-photographes-et-les-videastes-en-competition","status":"publish","type":"post","link":"https:\/\/tabouleinfos.com\/index.php\/journee-mondiale-de-la-photographie-les-photographes-et-les-videastes-en-competition\/","title":{"rendered":"La journ\u00e9e mondiale de la photographie c\u00e9l\u00e9br\u00e9e en Guin\u00e9e"},"content":{"rendered":"<p><span style=\"font-size: 12pt\"><strong>La Guin\u00e9e a c\u00e9l\u00e9br\u00e9 la journ\u00e9e mondiale de la photographie ce mercredi 19 ao\u00fbt 2020. Une c\u00e9r\u00e9monie au cours de la laquelle l&rsquo;ONACIG et le minist\u00e8re des Sports, de la Culture et du Patrimoine Historique ont lanc\u00e9 le concours de courts m\u00e9trages et de photos sous le th\u00e8me \u2018\u2019Covid-19 en image\u2019\u2019.<\/strong><\/span><\/p>\n<p><span style=\"font-size: 12pt\">Initi\u00e9 par <strong>l\u2019Office National du Cin\u00e9ma, de la Vid\u00e9o et de la Photographie de Guin\u00e9e (ONACIG)<\/strong>, ce concours vise \u00e0 accompagner les efforts du gouvernement guin\u00e9en et ses partenaires dans la lutte contre le Covid-19. Mais aussi pousser les photographes et vid\u00e9astes du pays \u00e0 mettre leurs talents au service de la lutte contre le Covid-19.<\/span><\/p>\n<p><span style=\"font-size: 12pt\">Pour les th\u00e8mes choisis, on a\u00a0: <strong><em>\u00ab\u00a0le covid en tant que virus, les gestes barri\u00e8res, les agents de lutte, la stigmatisation et le confinement\u00a0\u00bb<\/em><\/strong><\/span><\/p>\n<p><span style=\"font-size: 12pt\">Selon le Directeur G\u00e9n\u00e9ral adjoint de l\u2019ONACIG, No\u00ebl Lamah : <strong><em>\u00ab\u00a0Les meilleurs photos seront expos\u00e9es le 15 novembre 2020 ici \u00e0 Onomo et les meilleurs courts m\u00e9trages projet\u00e9s le 12 octobre 2020 \u00e0 l\u2019occasion de la journ\u00e9e du cin\u00e9ma africain. C\u2019est donc l\u2019occasion de pousser les cin\u00e9astes et les vid\u00e9astes de Guin\u00e9e \u00e0 se pencher sur la pand\u00e9mie qui a endeuill\u00e9 des milliers de familles de par le monde.\u00bb, <\/em><\/strong>a-t-il soulign\u00e9.<strong><em>\u00a0<\/em><\/strong><\/span><\/p>\n<p><span style=\"font-size: 12pt\">De son c\u00f4t\u00e9, le ministre d\u2019Etat en charge des Sports, de la Culture et du Patrimoine Historique, Sanoussy Bantama Sow a d\u2019abord soulign\u00e9 l\u2019importance de la photographie dans l\u2019histoire de la Guin\u00e9e\u00a0: <strong><em>\u00ab\u00a0Il est \u00e9tabli que la photographie, gardienne de m\u00e9moire collective des soci\u00e9t\u00e9s, a \u00e9t\u00e9 utilis\u00e9e comme l\u2019un des supports importants pour faire connaitre notre pays la Guin\u00e9e \u00e0 son accession \u00e0 l\u2019ind\u00e9pendance. Elle le sera encore dans la lutte contre la Covid-19\u00a0\u00bb<\/em><\/strong><\/span><\/p>\n<p><span style=\"font-size: 12pt\">Puis d\u2019ajouter\u00a0: <strong><em>\u00ab\u00a0Les photographes guin\u00e9ens partageant le quotidien de leurs compatriotes, se sont engag\u00e9s \u00e0 c\u00e9l\u00e9brer cette ann\u00e9e en leur fa\u00e7on, en s\u2019impliquant de mani\u00e8re citoyenne aupr\u00e8s du gouvernement et ses partenaires techniques et financiers dans la lutte contre ce redoutable ennemi invisible qui a endeuill\u00e9 des milliers de familles de par le monde, je veux citer la Covid-19.\u00a0\u00bb<\/em><\/strong><\/span><\/p>\n<p><span style=\"font-size: 12pt\">Pour finir, <strong><em>\u00ab\u00a0Je r\u00e9it\u00e8re l\u2019engagement de mon d\u00e9partement \u00e0 apporter le soutien n\u00e9cessaire \u00e0 la promotion de la photographie en Guin\u00e9e, afin de faire de la photo un moyen de communication et de sensibilisation des populations guin\u00e9ennes.\u00bb<\/em><\/strong><\/span><\/p>\n<p><span style=\"font-size: 12pt\"><strong>Aboubacar Fod\u00e9 Bangoura<\/strong><\/span><\/p>\n","protected":false},"excerpt":{"rendered":"<p>La Guin\u00e9e a c\u00e9l\u00e9br\u00e9 la journ\u00e9e mondiale de la photographie ce mercredi 19 ao\u00fbt 2020. Une c\u00e9r\u00e9monie au cours de la laquelle l&rsquo;ONACIG et le minist\u00e8re des Sports, de la Culture et du Patrimoine Historique ont lanc\u00e9 le concours de courts m\u00e9trages et de photos sous le th\u00e8me \u2018\u2019Covid-19 en image\u2019\u2019. Initi\u00e9 par l\u2019Office National [&hellip;]<\/p>\n","protected":false},"author":2,"featured_media":1696,"comment_status":"open","ping_status":"open","sticky":false,"template":"","format":"standard","meta":{"footnotes":""},"categories":[21,2],"tags":[],"class_list":{"0":"post-1695","1":"post","2":"type-post","3":"status-publish","4":"format-standard","5":"has-post-thumbnail","7":"category-events","8":"category-featured"},"_links":{"self":[{"href":"https:\/\/tabouleinfos.com\/index.php\/wp-json\/wp\/v2\/posts\/1695","targetHints":{"allow":["GET"]}}],"collection":[{"href":"https:\/\/tabouleinfos.com\/index.php\/wp-json\/wp\/v2\/posts"}],"about":[{"href":"https:\/\/tabouleinfos.com\/index.php\/wp-json\/wp\/v2\/types\/post"}],"author":[{"embeddable":true,"href":"https:\/\/tabouleinfos.com\/index.php\/wp-json\/wp\/v2\/users\/2"}],"replies":[{"embeddable":true,"href":"https:\/\/tabouleinfos.com\/index.php\/wp-json\/wp\/v2\/comments?post=1695"}],"version-history":[{"count":0,"href":"https:\/\/tabouleinfos.com\/index.php\/wp-json\/wp\/v2\/posts\/1695\/revisions"}],"wp:featuredmedia":[{"embeddable":true,"href":"https:\/\/tabouleinfos.com\/index.php\/wp-json\/wp\/v2\/media\/1696"}],"wp:attachment":[{"href":"https:\/\/tabouleinfos.com\/index.php\/wp-json\/wp\/v2\/media?parent=1695"}],"wp:term":[{"taxonomy":"category","embeddable":true,"href":"https:\/\/tabouleinfos.com\/index.php\/wp-json\/wp\/v2\/categories?post=1695"},{"taxonomy":"post_tag","embeddable":true,"href":"https:\/\/tabouleinfos.com\/index.php\/wp-json\/wp\/v2\/tags?post=1695"}],"curies":[{"name":"wp","href":"https:\/\/api.w.org\/{rel}","templated":true}]}}