{"id":1705,"date":"2020-08-19T21:07:24","date_gmt":"2020-08-19T21:07:24","guid":{"rendered":"https:\/\/tabouleinfos.com\/?p=1705"},"modified":"2020-08-19T21:11:59","modified_gmt":"2020-08-19T21:11:59","slug":"qualification-can-cameroun-le-syli-va-va-retrouver-la-competition-en-novembre","status":"publish","type":"post","link":"https:\/\/tabouleinfos.com\/index.php\/qualification-can-cameroun-le-syli-va-va-retrouver-la-competition-en-novembre\/","title":{"rendered":"Qualification CAN Cameroun: le Syli National reprend la comp\u00e9tition en novembre"},"content":{"rendered":"<p><strong>Suspendus en raison de coronavirus, les \u00e9liminatoires de la Coupe d&rsquo;Afrique des Nations Cameroun 2021 reprendront au mois de novembre prochain.<\/strong><\/p>\n<p>Le comit\u00e9 de la Conf\u00e9d\u00e9ration Africaine de Football (CAF) l&rsquo;a annonc\u00e9 lors d&rsquo;une rencontre ce mercredi 19 ao\u00fbt 2020.<\/p>\n<p>L&rsquo;instance africaine du football a r\u00e9am\u00e9nag\u00e9 le calendrier des comp\u00e9titions en raison de la pand\u00e9mie de Covid-19 qui a an\u00e9anti le cours normal des rencontres sportives sur tout le continent depuis plusieurs mois.<\/p>\n<p>Le comit\u00e9 d&rsquo;urgence r\u00e9uni ce mercredi a approuv\u00e9 la date de la reprise des \u00e9liminatoires de la Coupe d&rsquo;Afrique des Nations qui vont d\u00e9marrer du 9 au 17 novembre 2020\u00a0 avec les matchs de la 3<sup>\u00e8me<\/sup> \u00a0et 4<sup>\u00e8me<\/sup> \u00a0journ\u00e9e. Les deux derni\u00e8res journ\u00e9es concernant\u00a0 les matchs de la 5<sup>\u00e8me<\/sup> \u00a0et 6<sup>\u00e8me<\/sup> \u00a0journ\u00e9e sont programm\u00e9es du 22 au 30 mars 2021.<\/p>\n<p>Les phases de groupes des \u00e9liminatoires de la coupe du monde FIFA, ont \u00e9t\u00e9 d\u00e9cal\u00e9es au mois de mai 2022 au Qater.<\/p>\n<p>Le Syli National de Guin\u00e9e fera la premi\u00e8re sortie face aux Namibiens au mois de novembre prochain avant de d\u00e9fier l&rsquo;\u00e9quipe nationale de Tchad plus tard au compte des phases de groupes des \u00e9liminatoires CAN Cameroun 2021.<\/p>\n<p><strong>Facely Diawara<\/strong><\/p>\n","protected":false},"excerpt":{"rendered":"<p>Suspendus en raison de coronavirus, les \u00e9liminatoires de la Coupe d&rsquo;Afrique des Nations Cameroun 2021 reprendront au mois de novembre prochain. Le comit\u00e9 de la Conf\u00e9d\u00e9ration Africaine de Football (CAF) l&rsquo;a annonc\u00e9 lors d&rsquo;une rencontre ce mercredi 19 ao\u00fbt 2020. L&rsquo;instance africaine du football a r\u00e9am\u00e9nag\u00e9 le calendrier des comp\u00e9titions en raison de la pand\u00e9mie [&hellip;]<\/p>\n","protected":false},"author":2,"featured_media":1707,"comment_status":"open","ping_status":"open","sticky":false,"template":"","format":"standard","meta":{"footnotes":""},"categories":[2,23],"tags":[],"class_list":{"0":"post-1705","1":"post","2":"type-post","3":"status-publish","4":"format-standard","5":"has-post-thumbnail","7":"category-featured","8":"category-sport"},"_links":{"self":[{"href":"https:\/\/tabouleinfos.com\/index.php\/wp-json\/wp\/v2\/posts\/1705","targetHints":{"allow":["GET"]}}],"collection":[{"href":"https:\/\/tabouleinfos.com\/index.php\/wp-json\/wp\/v2\/posts"}],"about":[{"href":"https:\/\/tabouleinfos.com\/index.php\/wp-json\/wp\/v2\/types\/post"}],"author":[{"embeddable":true,"href":"https:\/\/tabouleinfos.com\/index.php\/wp-json\/wp\/v2\/users\/2"}],"replies":[{"embeddable":true,"href":"https:\/\/tabouleinfos.com\/index.php\/wp-json\/wp\/v2\/comments?post=1705"}],"version-history":[{"count":0,"href":"https:\/\/tabouleinfos.com\/index.php\/wp-json\/wp\/v2\/posts\/1705\/revisions"}],"wp:featuredmedia":[{"embeddable":true,"href":"https:\/\/tabouleinfos.com\/index.php\/wp-json\/wp\/v2\/media\/1707"}],"wp:attachment":[{"href":"https:\/\/tabouleinfos.com\/index.php\/wp-json\/wp\/v2\/media?parent=1705"}],"wp:term":[{"taxonomy":"category","embeddable":true,"href":"https:\/\/tabouleinfos.com\/index.php\/wp-json\/wp\/v2\/categories?post=1705"},{"taxonomy":"post_tag","embeddable":true,"href":"https:\/\/tabouleinfos.com\/index.php\/wp-json\/wp\/v2\/tags?post=1705"}],"curies":[{"name":"wp","href":"https:\/\/api.w.org\/{rel}","templated":true}]}}