{"id":1898,"date":"2020-09-03T18:21:37","date_gmt":"2020-09-03T18:21:37","guid":{"rendered":"https:\/\/tabouleinfos.com\/?p=1898"},"modified":"2020-09-03T18:21:37","modified_gmt":"2020-09-03T18:21:37","slug":"le-footballeur-guineen-momo-yansane-victime-du-racisme","status":"publish","type":"post","link":"https:\/\/tabouleinfos.com\/index.php\/le-footballeur-guineen-momo-yansane-victime-du-racisme\/","title":{"rendered":"Le footballeur guin\u00e9en Momo Yansane victime du racisme !"},"content":{"rendered":"<p><span style=\"font-size: 12pt\"><strong>Le footballeur guin\u00e9en Momo Yansane a \u00e9t\u00e9 victime du racisme l&rsquo;ann\u00e9e derni\u00e8re au Maroc, lorsqu\u2019il jouait pour le FUS Rabat.<\/strong><\/span><\/p>\n<p><span style=\"font-size: 12pt\">Actuellement en Bi\u00e9lorussie o\u00f9 il joue pour le club <strong>Isloch Minsk Raion<\/strong>, Momo Yansane s\u2019est confi\u00e9 \u00e0 <strong>BBC Sport Africa<\/strong> concernant ce qu\u2019il a subi au Maroc.<\/span><\/p>\n<p><span style=\"font-size: 12pt\">En dehors de son d\u00e9saccord avec son entra\u00eeneur d\u2019alors, <strong>Walid Regragui<\/strong>\u00a0: <strong><em>\u00ab Il y avait beaucoup de racisme, m\u00eame de la part de mes co\u00e9quipiers.\u00bb<\/em><\/strong>, a-t-il rappel\u00e9.<\/span><\/p>\n<p><span style=\"font-size: 12pt\">Puis d\u2019ajouter\u00a0: <strong><em>\u00ab\u00a0Plus vous vous entra\u00eenez ensemble, plus vous \u00eates ensemble, plus vous pouvez d\u00e9couvrir. Une partie de la population marocaine est \u00e9galement raciste. Parfois, quand vous vous promenez ou que vous parlez \u00e0 quelqu&rsquo;un, il vous traite de mani\u00e8re raciste.\u00bb<\/em><\/strong>, a d\u00e9plor\u00e9 footballeur guin\u00e9en.<\/span><\/p>\n<p><span style=\"font-size: 12pt\">Il n\u2019a pas manqu\u00e9 de souligner qu\u2019il \u00e9t\u00e9 aussi la cible des pires insultes raciales.<\/span><\/p>\n<p><span style=\"font-size: 12pt\">A souligner que, ce sportif a travers\u00e9 des moments difficiles \u00e0 cause du racisme dont il a \u00e9t\u00e9 victime, s\u2019entra\u00eener pendant Covid-19 \u00e0 Isloch Minsk Raion et le d\u00e9c\u00e8s de sa maman en juillet dernier.<\/span><\/p>\n<p><span style=\"font-size: 12pt\"><strong>Aboubacar Fod\u00e9 Bangoura<\/strong><\/span><\/p>\n","protected":false},"excerpt":{"rendered":"<p>Le footballeur guin\u00e9en Momo Yansane a \u00e9t\u00e9 victime du racisme l&rsquo;ann\u00e9e derni\u00e8re au Maroc, lorsqu\u2019il jouait pour le FUS Rabat. Actuellement en Bi\u00e9lorussie o\u00f9 il joue pour le club Isloch Minsk Raion, Momo Yansane s\u2019est confi\u00e9 \u00e0 BBC Sport Africa concernant ce qu\u2019il a subi au Maroc. En dehors de son d\u00e9saccord avec son entra\u00eeneur [&hellip;]<\/p>\n","protected":false},"author":2,"featured_media":1900,"comment_status":"open","ping_status":"open","sticky":false,"template":"","format":"standard","meta":{"footnotes":""},"categories":[2,24],"tags":[],"class_list":{"0":"post-1898","1":"post","2":"type-post","3":"status-publish","4":"format-standard","5":"has-post-thumbnail","7":"category-featured","8":"category-people"},"_links":{"self":[{"href":"https:\/\/tabouleinfos.com\/index.php\/wp-json\/wp\/v2\/posts\/1898","targetHints":{"allow":["GET"]}}],"collection":[{"href":"https:\/\/tabouleinfos.com\/index.php\/wp-json\/wp\/v2\/posts"}],"about":[{"href":"https:\/\/tabouleinfos.com\/index.php\/wp-json\/wp\/v2\/types\/post"}],"author":[{"embeddable":true,"href":"https:\/\/tabouleinfos.com\/index.php\/wp-json\/wp\/v2\/users\/2"}],"replies":[{"embeddable":true,"href":"https:\/\/tabouleinfos.com\/index.php\/wp-json\/wp\/v2\/comments?post=1898"}],"version-history":[{"count":0,"href":"https:\/\/tabouleinfos.com\/index.php\/wp-json\/wp\/v2\/posts\/1898\/revisions"}],"wp:featuredmedia":[{"embeddable":true,"href":"https:\/\/tabouleinfos.com\/index.php\/wp-json\/wp\/v2\/media\/1900"}],"wp:attachment":[{"href":"https:\/\/tabouleinfos.com\/index.php\/wp-json\/wp\/v2\/media?parent=1898"}],"wp:term":[{"taxonomy":"category","embeddable":true,"href":"https:\/\/tabouleinfos.com\/index.php\/wp-json\/wp\/v2\/categories?post=1898"},{"taxonomy":"post_tag","embeddable":true,"href":"https:\/\/tabouleinfos.com\/index.php\/wp-json\/wp\/v2\/tags?post=1898"}],"curies":[{"name":"wp","href":"https:\/\/api.w.org\/{rel}","templated":true}]}}