{"id":1969,"date":"2020-09-09T11:13:51","date_gmt":"2020-09-09T11:13:51","guid":{"rendered":"https:\/\/tabouleinfos.com\/?p=1969"},"modified":"2020-09-09T11:13:51","modified_gmt":"2020-09-09T11:13:51","slug":"cote-divoire-oudy-1er-et-kandia-kora-a-la-conquete-du-primud-2020","status":"publish","type":"post","link":"https:\/\/tabouleinfos.com\/index.php\/cote-divoire-oudy-1er-et-kandia-kora-a-la-conquete-du-primud-2020\/","title":{"rendered":"C\u00f4te d\u2019Ivoire\u00a0: Oudy 1er et Kandia Kora \u00e0 la conqu\u00eate du PRIMUD 2020"},"content":{"rendered":"<p><strong>Cette ann\u00e9e, au Prix international des musiques urbaines \u00ab\u00a0PRIMUD\u00a0\u00bb en C\u00f4te d\u2019Ivoire, la Guin\u00e9e est repr\u00e9sent\u00e9e par les chanteurs Kandia Kora et Oudy 1er qui sont tous nomin\u00e9s dans la cat\u00e9gorie \u2019Meilleur Artiste de l\u2019Afrique de l\u2019Ouest Francophone\u2019\u2019.<\/strong><\/p>\n<p><strong>Le \u00ab\u00a0PRIMUD\u00a0\u00bb PRIX international des musiques urbaines<\/strong> est la plus grande c\u00e9r\u00e9monie de r\u00e9compenses et de distinctions en C\u00f4te d\u2019ivoire avec la participation d\u2019officiels, d&rsquo;ic\u00f4nes internationales dans divers domaines d\u2019activit\u00e9s. Au compte de cette cinqui\u00e8me \u00e9dition dont les votes d\u00e9buteront le 18 septembre prochain, l\u2019\u00e9v\u00e9nement r\u00e9unira plus de 200 artistes. Et la c\u00e9r\u00e9monie de cl\u00f4ture pr\u00e9vue pour le 9 f\u00e9vrier 2021, sera pr\u00e9c\u00e9d\u00e9e d\u2019un festival de 02 jours gratuit nomm\u00e9 <strong>\u2018\u2019FESTI PRIMUD\u2019\u2019<\/strong> o\u00f9 il y aura plus de 70 artistes performent sur sc\u00e8ne.<\/p>\n<p>Quant \u00e0 la participation des deux artistes guin\u00e9ens, Oudy 1er et Kandia Kora ont annonc\u00e9 leur nomination via les r\u00e9seaux sociaux.<\/p>\n<p>Oudy 1er\u00a0: <strong><em>\u00ab\u00a0J\u2019ai l\u2019agr\u00e9able plaisir de vous annoncer que je suis nomin\u00e9 au PRIMUD 2020 dans la cat\u00e9gorie meilleur artiste de l\u2019Afrique de l\u2019Ouest. Je compte sur mes indiens pour exploser les votes\u00a0\u00bb<\/em><\/strong><\/p>\n<p><a href=\"https:\/\/tabouleinfos.com\/wp-content\/uploads\/2020\/09\/kandia.jpg\"><img loading=\"lazy\" decoding=\"async\" width=\"828\" height=\"853\" class=\"alignnone size-full wp-image-1970\" src=\"https:\/\/tabouleinfos.com\/wp-content\/uploads\/2020\/09\/kandia.jpg\" alt=\"\" srcset=\"https:\/\/tabouleinfos.com\/wp-content\/uploads\/2020\/09\/kandia.jpg 828w, https:\/\/tabouleinfos.com\/wp-content\/uploads\/2020\/09\/kandia-291x300.jpg 291w, https:\/\/tabouleinfos.com\/wp-content\/uploads\/2020\/09\/kandia-768x791.jpg 768w, https:\/\/tabouleinfos.com\/wp-content\/uploads\/2020\/09\/kandia-696x717.jpg 696w, https:\/\/tabouleinfos.com\/wp-content\/uploads\/2020\/09\/kandia-408x420.jpg 408w, https:\/\/tabouleinfos.com\/wp-content\/uploads\/2020\/09\/kandia-750x773.jpg 750w\" sizes=\"auto, (max-width: 828px) 100vw, 828px\" \/><\/a><\/p>\n<p>De son c\u00f4t\u00e9, Kandia Kora a laiss\u00e9 lire ceci\u00a0: <strong><em>\u00ab\u00a0Rendez vous en octobre \u00e0 Abidjan C\u00f4te d\u2019Ivoire <\/em><\/strong><strong><em>primud\u00a0\u00bb <\/em><\/strong><\/p>\n<p>Compte tenu de la situation socio-politique de la C\u00f4te d\u2019Ivoire \u00e0 l\u2019approche de l\u2019\u00e9lection pr\u00e9sidentielle 2020, les organisateurs ont choisi <strong>\u00ab\u00a0POUR LA PAIX ET LA COH\u00c9SION SOCIALE\u00a0\u00bb<\/strong> comme le th\u00e8me de cette \u00e9dition.<\/p>\n<p>A souligner que, les initiateurs du <strong>Prix international des musiques urbaines \u00ab\u00a0PRIMUD\u00a0\u00bb<\/strong> comptent primer les meilleurs artistes Coup\u00e9 D\u00e9cal\u00e9, Zouglou, Rap Ivoire, afro beat Vari\u00e9t\u00e9 Urbaine y compris les artistes de l\u2019Afrique de l\u2019Ouest et Centrale.<\/p>\n<p><strong>Aboubacar Fod\u00e9 Bangoura<\/strong><\/p>\n","protected":false},"excerpt":{"rendered":"<p>Cette ann\u00e9e, au Prix international des musiques urbaines \u00ab\u00a0PRIMUD\u00a0\u00bb en C\u00f4te d\u2019Ivoire, la Guin\u00e9e est repr\u00e9sent\u00e9e par les chanteurs Kandia Kora et Oudy 1er qui sont tous nomin\u00e9s dans la cat\u00e9gorie \u2019Meilleur Artiste de l\u2019Afrique de l\u2019Ouest Francophone\u2019\u2019. Le \u00ab\u00a0PRIMUD\u00a0\u00bb PRIX international des musiques urbaines est la plus grande c\u00e9r\u00e9monie de r\u00e9compenses et de distinctions [&hellip;]<\/p>\n","protected":false},"author":2,"featured_media":1972,"comment_status":"open","ping_status":"open","sticky":false,"template":"","format":"standard","meta":{"footnotes":""},"categories":[21,2],"tags":[],"class_list":{"0":"post-1969","1":"post","2":"type-post","3":"status-publish","4":"format-standard","5":"has-post-thumbnail","7":"category-events","8":"category-featured"},"_links":{"self":[{"href":"https:\/\/tabouleinfos.com\/index.php\/wp-json\/wp\/v2\/posts\/1969","targetHints":{"allow":["GET"]}}],"collection":[{"href":"https:\/\/tabouleinfos.com\/index.php\/wp-json\/wp\/v2\/posts"}],"about":[{"href":"https:\/\/tabouleinfos.com\/index.php\/wp-json\/wp\/v2\/types\/post"}],"author":[{"embeddable":true,"href":"https:\/\/tabouleinfos.com\/index.php\/wp-json\/wp\/v2\/users\/2"}],"replies":[{"embeddable":true,"href":"https:\/\/tabouleinfos.com\/index.php\/wp-json\/wp\/v2\/comments?post=1969"}],"version-history":[{"count":0,"href":"https:\/\/tabouleinfos.com\/index.php\/wp-json\/wp\/v2\/posts\/1969\/revisions"}],"wp:featuredmedia":[{"embeddable":true,"href":"https:\/\/tabouleinfos.com\/index.php\/wp-json\/wp\/v2\/media\/1972"}],"wp:attachment":[{"href":"https:\/\/tabouleinfos.com\/index.php\/wp-json\/wp\/v2\/media?parent=1969"}],"wp:term":[{"taxonomy":"category","embeddable":true,"href":"https:\/\/tabouleinfos.com\/index.php\/wp-json\/wp\/v2\/categories?post=1969"},{"taxonomy":"post_tag","embeddable":true,"href":"https:\/\/tabouleinfos.com\/index.php\/wp-json\/wp\/v2\/tags?post=1969"}],"curies":[{"name":"wp","href":"https:\/\/api.w.org\/{rel}","templated":true}]}}