{"id":2034,"date":"2020-09-15T23:43:23","date_gmt":"2020-09-15T23:43:23","guid":{"rendered":"https:\/\/tabouleinfos.com\/?p=2034"},"modified":"2020-09-15T23:48:28","modified_gmt":"2020-09-15T23:48:28","slug":"formation-fodac-une-centaine-dacteurs-culturels-recoivent-leurs-attestations","status":"publish","type":"post","link":"https:\/\/tabouleinfos.com\/index.php\/formation-fodac-une-centaine-dacteurs-culturels-recoivent-leurs-attestations\/","title":{"rendered":"Formation\/FODAC : une centaine d\u2019acteurs culturels re\u00e7oivent leurs attestations"},"content":{"rendered":"<p><span style=\"font-size: 12pt\"><strong>Quelques semaines apr\u00e8s la session de formation sur le renforcement des capacit\u00e9s des acteurs culturels guin\u00e9ens, la direction du Fonds de D\u00e9veloppement des Arts et de la Culture (FODAC) a proc\u00e9d\u00e9 \u00e0 la remise des satisf\u00e9cits aux participants. La c\u00e9r\u00e9monie qui s\u2019est tenue ce mardi 15 septembre 2020, a \u00e9t\u00e9 pr\u00e9sid\u00e9e par Sanoussy Bantama Sow, ministre d\u2019Etat en charge des Sports, de la Culture et du Patrimoine Historique.<\/strong><\/span><\/p>\n<p><a href=\"https:\/\/tabouleinfos.com\/wp-content\/uploads\/2020\/09\/malick-kebe-scaled.jpg\"><img loading=\"lazy\" decoding=\"async\" width=\"1024\" height=\"470\" class=\"size-large wp-image-2038\" src=\"https:\/\/tabouleinfos.com\/wp-content\/uploads\/2020\/09\/malick-kebe-1024x470.jpg\" alt=\"\" srcset=\"https:\/\/tabouleinfos.com\/wp-content\/uploads\/2020\/09\/malick-kebe-1024x470.jpg 1024w, https:\/\/tabouleinfos.com\/wp-content\/uploads\/2020\/09\/malick-kebe-300x138.jpg 300w, https:\/\/tabouleinfos.com\/wp-content\/uploads\/2020\/09\/malick-kebe-768x353.jpg 768w, https:\/\/tabouleinfos.com\/wp-content\/uploads\/2020\/09\/malick-kebe-1536x705.jpg 1536w, https:\/\/tabouleinfos.com\/wp-content\/uploads\/2020\/09\/malick-kebe-2048x940.jpg 2048w, https:\/\/tabouleinfos.com\/wp-content\/uploads\/2020\/09\/malick-kebe-696x320.jpg 696w, https:\/\/tabouleinfos.com\/wp-content\/uploads\/2020\/09\/malick-kebe-1068x490.jpg 1068w, https:\/\/tabouleinfos.com\/wp-content\/uploads\/2020\/09\/malick-kebe-915x420.jpg 915w, https:\/\/tabouleinfos.com\/wp-content\/uploads\/2020\/09\/malick-kebe-1920x881.jpg 1920w, https:\/\/tabouleinfos.com\/wp-content\/uploads\/2020\/09\/malick-kebe-750x344.jpg 750w, https:\/\/tabouleinfos.com\/wp-content\/uploads\/2020\/09\/malick-kebe-1140x523.jpg 1140w\" sizes=\"auto, (max-width: 1024px) 100vw, 1024px\" \/><\/a><\/p>\n<p><span style=\"font-size: 12pt\">A cette occasion, le directeur g\u00e9n\u00e9ral du Fonds de D\u00e9veloppement des Arts et de la Culture (FODAC), <strong>Malick Kebe<\/strong> a d\u2019abord remerci\u00e9 l\u2019ensemble des b\u00e9n\u00e9ficiaires pour leur participation massive et de leur engagement de prendre part aux activit\u00e9s initi\u00e9es par sa direction. Sans oublier le chef de l\u2019Etat Pr Alpha Cond\u00e9 et son gouvernement pour leur soutien pour la mise en place du FODAC. \u00a0Ainsi que le ministre Sanoussy Bantama Sow pour sa clairvoyance et sa d\u00e9termination \u00e0 faire du FODAC un instrument au service du d\u00e9veloppement socioculturel de la Guin\u00e9e.<\/span><\/p>\n<p><span style=\"font-size: 12pt\"><strong><em>\u00ab\u00a0Je voudrais vous affirmer l\u2019engagement de toute la direction g\u00e9n\u00e9rale du FODAC \u00e0 \u0153uvrer dans le cadre de la mise en \u0153uvre et de l\u2019accompagnement de vos diff\u00e9rents projets.\u00bb<\/em><\/strong>, a-t-il rassur\u00e9.<\/span><\/p>\n<p><a href=\"https:\/\/tabouleinfos.com\/wp-content\/uploads\/2020\/09\/bantama-sow-scaled.jpg\"><img loading=\"lazy\" decoding=\"async\" width=\"1024\" height=\"439\" class=\"size-large wp-image-2039\" src=\"https:\/\/tabouleinfos.com\/wp-content\/uploads\/2020\/09\/bantama-sow-1024x439.jpg\" alt=\"\" srcset=\"https:\/\/tabouleinfos.com\/wp-content\/uploads\/2020\/09\/bantama-sow-1024x439.jpg 1024w, https:\/\/tabouleinfos.com\/wp-content\/uploads\/2020\/09\/bantama-sow-300x129.jpg 300w, https:\/\/tabouleinfos.com\/wp-content\/uploads\/2020\/09\/bantama-sow-768x329.jpg 768w, https:\/\/tabouleinfos.com\/wp-content\/uploads\/2020\/09\/bantama-sow-1536x658.jpg 1536w, https:\/\/tabouleinfos.com\/wp-content\/uploads\/2020\/09\/bantama-sow-2048x878.jpg 2048w, https:\/\/tabouleinfos.com\/wp-content\/uploads\/2020\/09\/bantama-sow-696x298.jpg 696w, https:\/\/tabouleinfos.com\/wp-content\/uploads\/2020\/09\/bantama-sow-1068x458.jpg 1068w, https:\/\/tabouleinfos.com\/wp-content\/uploads\/2020\/09\/bantama-sow-980x420.jpg 980w, https:\/\/tabouleinfos.com\/wp-content\/uploads\/2020\/09\/bantama-sow-1920x823.jpg 1920w, https:\/\/tabouleinfos.com\/wp-content\/uploads\/2020\/09\/bantama-sow-750x321.jpg 750w, https:\/\/tabouleinfos.com\/wp-content\/uploads\/2020\/09\/bantama-sow-1140x489.jpg 1140w\" sizes=\"auto, (max-width: 1024px) 100vw, 1024px\" \/><\/a><\/p>\n<p><span style=\"font-size: 12pt\">De son c\u00f4t\u00e9, le ministre d\u2019Etat Sanoussy Bantama Sow, \u00a0s\u2019est engag\u00e9 pour que le fonds soit au service des hommes de culture, tout en sollicitant le soutien de ces derniers dans tout projet initi\u00e9 par son d\u00e9partement\u00a0<strong><em>: \u00ab\u00a0Nous ferons tout pour que la subvention de l\u2019Etat augmente. Nous ferons des d\u00e9marches vers tous les partenaires au d\u00e9veloppement pour nous aider \u00e0 faire fonctionner ce fonds. D\u2019ici la fin de la semaine, je vais rencontrer un homme important qui accompagne les projets dans ce pays. Je voudrais que vous vous engager. Quelque soit la volont\u00e9 du ministre et son cabinet, s\u2019ils n\u2019ont pas le soutien des hommes de culture, ils ne r\u00e9ussiront absolument rien. Quand le minist\u00e8re a des bonnes initiatives, elles doivent \u00eatre accompagn\u00e9es par vous. Mais si chaque fois quand il y a des bonnes initiatives et qu\u2019il y a de bruits entre nous, \u00e7a d\u00e9courage ceux qui nous aident.\u00bb<\/em><\/strong>, dit-il.<\/span><\/p>\n<p><a href=\"https:\/\/tabouleinfos.com\/wp-content\/uploads\/2020\/09\/samba-bah.jpg\"><img loading=\"lazy\" decoding=\"async\" width=\"720\" height=\"350\" class=\"alignnone size-full wp-image-2040\" src=\"https:\/\/tabouleinfos.com\/wp-content\/uploads\/2020\/09\/samba-bah.jpg\" alt=\"\" srcset=\"https:\/\/tabouleinfos.com\/wp-content\/uploads\/2020\/09\/samba-bah.jpg 720w, https:\/\/tabouleinfos.com\/wp-content\/uploads\/2020\/09\/samba-bah-300x146.jpg 300w, https:\/\/tabouleinfos.com\/wp-content\/uploads\/2020\/09\/samba-bah-696x338.jpg 696w\" sizes=\"auto, (max-width: 720px) 100vw, 720px\" \/><\/a><\/p>\n<p><span style=\"font-size: 12pt\">Pour finir, <strong>Mamadou Samba Bah<\/strong> repr\u00e9sentant des participants \u00a0\u00e0 cette session de formation tenue du <strong>17 au 23 ao\u00fbt dernier<\/strong>, a profit\u00e9 de l\u2019occasion pour remercier les formateurs. Sans oublier le minist\u00e8re des Sports, de la Culture et du Patrimoine Historique qui a accompagn\u00e9 la direction du Fonds de D\u00e9veloppement des Arts et de la Culture \u00e0 organiser ce stage de formation. Dans son intervention, il a rassur\u00e9\u00a0M. le ministre d\u2019Etat et l\u2019ensemble des membres de son cabinet pour la mise en pratique des cinq jours de formation qu\u2019ils ont suivi sur <strong>\u2018\u2019les th\u00e9matiques de montage d&rsquo;un projet culturel\u2019\u2019 et sur \u2018\u2019les proc\u00e9dures op\u00e9rationnelles du fonds\u00a0\u00bb<\/strong>.<\/span><\/p>\n<p><span style=\"font-size: 12pt\">Au nom des acteurs culturels, Mamadou Samba Bah a plaid\u00e9 pour que cette formation soit continuelle. Car les cinq jours sont insuffisants. Et a demand\u00e9 les soci\u00e9t\u00e9s existantes en Guin\u00e9e de renflouer la caisse du FODAC afin de financer les projets \u00e0 venir.<\/span><\/p>\n<p><span style=\"font-size: 12pt\"><strong>Aboubacar Fod\u00e9 Bangoura<\/strong><\/span><\/p>\n","protected":false},"excerpt":{"rendered":"<p>Quelques semaines apr\u00e8s la session de formation sur le renforcement des capacit\u00e9s des acteurs culturels guin\u00e9ens, la direction du Fonds de D\u00e9veloppement des Arts et de la Culture (FODAC) a proc\u00e9d\u00e9 \u00e0 la remise des satisf\u00e9cits aux participants. La c\u00e9r\u00e9monie qui s\u2019est tenue ce mardi 15 septembre 2020, a \u00e9t\u00e9 pr\u00e9sid\u00e9e par Sanoussy Bantama Sow, [&hellip;]<\/p>\n","protected":false},"author":2,"featured_media":2037,"comment_status":"open","ping_status":"open","sticky":false,"template":"","format":"standard","meta":{"footnotes":""},"categories":[2,25],"tags":[],"class_list":{"0":"post-2034","1":"post","2":"type-post","3":"status-publish","4":"format-standard","5":"has-post-thumbnail","7":"category-featured","8":"category-news"},"_links":{"self":[{"href":"https:\/\/tabouleinfos.com\/index.php\/wp-json\/wp\/v2\/posts\/2034","targetHints":{"allow":["GET"]}}],"collection":[{"href":"https:\/\/tabouleinfos.com\/index.php\/wp-json\/wp\/v2\/posts"}],"about":[{"href":"https:\/\/tabouleinfos.com\/index.php\/wp-json\/wp\/v2\/types\/post"}],"author":[{"embeddable":true,"href":"https:\/\/tabouleinfos.com\/index.php\/wp-json\/wp\/v2\/users\/2"}],"replies":[{"embeddable":true,"href":"https:\/\/tabouleinfos.com\/index.php\/wp-json\/wp\/v2\/comments?post=2034"}],"version-history":[{"count":0,"href":"https:\/\/tabouleinfos.com\/index.php\/wp-json\/wp\/v2\/posts\/2034\/revisions"}],"wp:featuredmedia":[{"embeddable":true,"href":"https:\/\/tabouleinfos.com\/index.php\/wp-json\/wp\/v2\/media\/2037"}],"wp:attachment":[{"href":"https:\/\/tabouleinfos.com\/index.php\/wp-json\/wp\/v2\/media?parent=2034"}],"wp:term":[{"taxonomy":"category","embeddable":true,"href":"https:\/\/tabouleinfos.com\/index.php\/wp-json\/wp\/v2\/categories?post=2034"},{"taxonomy":"post_tag","embeddable":true,"href":"https:\/\/tabouleinfos.com\/index.php\/wp-json\/wp\/v2\/tags?post=2034"}],"curies":[{"name":"wp","href":"https:\/\/api.w.org\/{rel}","templated":true}]}}