{"id":2464,"date":"2020-10-18T12:03:55","date_gmt":"2020-10-18T12:03:55","guid":{"rendered":"https:\/\/tabouleinfos.com\/?p=2464"},"modified":"2020-10-18T12:03:55","modified_gmt":"2020-10-18T12:03:55","slug":"beby-linsan-nest-pas-morte-elle-respire-bien","status":"publish","type":"post","link":"https:\/\/tabouleinfos.com\/index.php\/beby-linsan-nest-pas-morte-elle-respire-bien\/","title":{"rendered":"Beby Linsan n\u2019est pas morte, \u00ab\u00a0elle respire bien\u00a0\u00bb"},"content":{"rendered":"<p><span style=\"font-size: 14pt\"><strong>L\u2019artiste chanteuse guin\u00e9enne Beby Linsan n\u2019est pas morte, mais plut\u00f4t malade et hospitalis\u00e9e \u00e0 l\u2019h\u00f4pital Ignace Deen.<\/strong><\/span><\/p>\n<p><span style=\"font-size: 14pt\">Contrairement aux rumeurs qui circulent ces derni\u00e8res heures sur les r\u00e9seaux sociaux parlant de son d\u00e9c\u00e8s\u00a0:\u00a0<strong><em>\u00ab\u00a0Elle arrive \u00e0 manger, \u00e0 marcher, elle respire bien\u00a0\u00bb<\/em><\/strong>, confie Mariame Dram\u00e9 au micro de nos confr\u00e8res de <strong>generation224.com.<\/strong><\/span><\/p>\n<p><span style=\"font-size: 14pt\">\u00a0Mais seulement\u00a0: <strong><em>\u00ab\u00a0elle souffre d\u2019un probl\u00e8me cardiaque et d\u2019une an\u00e9mie s\u00e9v\u00e8re. Une maladie qu\u2019elle tra\u00eene depuis le mois de Ramadan dernier et qui l\u2019a retient entre les quatre murs de l\u2019h\u00f4pital Ignace Deen, depuis plus d\u2019une dizaine de jours\u00a0\u00bb<\/em><\/strong>, a-t-elle affirm\u00e9.<\/span><\/p>\n<p><span style=\"font-size: 14pt\">Pour rappel, Beby Linsan est la fille de la regrett\u00e9e <strong>Fatou Linsan Barry<\/strong>, artiste chanteuse de la musique pastorale guin\u00e9enne.<\/span><\/p>\n<p><span style=\"font-size: 14pt\"><strong>Aboubacar Fod\u00e9 Bangoura \u00a0\u00a0<\/strong><\/span><\/p>\n","protected":false},"excerpt":{"rendered":"<p>L\u2019artiste chanteuse guin\u00e9enne Beby Linsan n\u2019est pas morte, mais plut\u00f4t malade et hospitalis\u00e9e \u00e0 l\u2019h\u00f4pital Ignace Deen. Contrairement aux rumeurs qui circulent ces derni\u00e8res heures sur les r\u00e9seaux sociaux parlant de son d\u00e9c\u00e8s\u00a0:\u00a0\u00ab\u00a0Elle arrive \u00e0 manger, \u00e0 marcher, elle respire bien\u00a0\u00bb, confie Mariame Dram\u00e9 au micro de nos confr\u00e8res de generation224.com. \u00a0Mais seulement\u00a0: \u00ab\u00a0elle souffre [&hellip;]<\/p>\n","protected":false},"author":2,"featured_media":2466,"comment_status":"open","ping_status":"open","sticky":false,"template":"","format":"standard","meta":{"footnotes":""},"categories":[2,25],"tags":[],"class_list":{"0":"post-2464","1":"post","2":"type-post","3":"status-publish","4":"format-standard","5":"has-post-thumbnail","7":"category-featured","8":"category-news"},"_links":{"self":[{"href":"https:\/\/tabouleinfos.com\/index.php\/wp-json\/wp\/v2\/posts\/2464","targetHints":{"allow":["GET"]}}],"collection":[{"href":"https:\/\/tabouleinfos.com\/index.php\/wp-json\/wp\/v2\/posts"}],"about":[{"href":"https:\/\/tabouleinfos.com\/index.php\/wp-json\/wp\/v2\/types\/post"}],"author":[{"embeddable":true,"href":"https:\/\/tabouleinfos.com\/index.php\/wp-json\/wp\/v2\/users\/2"}],"replies":[{"embeddable":true,"href":"https:\/\/tabouleinfos.com\/index.php\/wp-json\/wp\/v2\/comments?post=2464"}],"version-history":[{"count":0,"href":"https:\/\/tabouleinfos.com\/index.php\/wp-json\/wp\/v2\/posts\/2464\/revisions"}],"wp:featuredmedia":[{"embeddable":true,"href":"https:\/\/tabouleinfos.com\/index.php\/wp-json\/wp\/v2\/media\/2466"}],"wp:attachment":[{"href":"https:\/\/tabouleinfos.com\/index.php\/wp-json\/wp\/v2\/media?parent=2464"}],"wp:term":[{"taxonomy":"category","embeddable":true,"href":"https:\/\/tabouleinfos.com\/index.php\/wp-json\/wp\/v2\/categories?post=2464"},{"taxonomy":"post_tag","embeddable":true,"href":"https:\/\/tabouleinfos.com\/index.php\/wp-json\/wp\/v2\/tags?post=2464"}],"curies":[{"name":"wp","href":"https:\/\/api.w.org\/{rel}","templated":true}]}}