{"id":2581,"date":"2020-10-30T15:17:53","date_gmt":"2020-10-30T15:17:53","guid":{"rendered":"https:\/\/tabouleinfos.com\/?p=2581"},"modified":"2020-10-30T15:17:53","modified_gmt":"2020-10-30T15:17:53","slug":"caf-le-president-ahmad-ahmad-teste-positif-au-covid-19","status":"publish","type":"post","link":"https:\/\/tabouleinfos.com\/index.php\/caf-le-president-ahmad-ahmad-teste-positif-au-covid-19\/","title":{"rendered":"CAF : le pr\u00e9sident Ahmad Ahmad test\u00e9 positif au Covid-19"},"content":{"rendered":"<p><span style=\"font-size: 14pt\"><strong>Le pr\u00e9sident de la Conf\u00e9d\u00e9ration Africaine de Football, Ahmad Ahmad est atteint du coronavirus. L\u2019annonce a \u00e9t\u00e9 faite ce vendredi 30 octobre 2020 par la CAF.<\/strong><\/span><\/p>\n<p><span style=\"font-size: 14pt\">Ahmad a contract\u00e9 le coronavirus pendant son s\u00e9jour \u00e0 Casablanca pour la finale de la Coupe de la Conf\u00e9d\u00e9ration. Le 28 octobre dernier, il a fait le test.<\/span><\/p>\n<p><span style=\"font-size: 14pt\"><strong><em>\u00ab\u00a0A son arriv\u00e9e au Caire le 28 octobre, le pr\u00e9sident Ahmad qui pr\u00e9sentait des sympt\u00f4mes grippaux, s\u2019est soumis au protocole sanitaire. les r\u00e9sultats ce jour r\u00e9v\u00e8lent qu\u2019il est positif au Covid-19\u00a0\u00bb<\/em><\/strong>, annonce la CAF en demandant aux personnes qui sont entr\u00e9es en contact avec le pr\u00e9sident de prendre les <strong><em>\u00ab\u00a0pr\u00e9cautions n\u00e9cessaires\u00a0\u00bb<\/em><\/strong>.<\/span><\/p>\n<p><span style=\"font-size: 14pt\">A souligner que, cette nouvelle est tomb\u00e9e quelques jours apr\u00e8s\u00a0l\u2019annonce de la maladie du pr\u00e9sident de la F\u00e9d\u00e9ration Internationale de Football <strong>(FIFA)<\/strong>, <strong>Gianni Infantino<\/strong> <strong>test\u00e9 positif au Covid-19<\/strong>.<\/span><\/p>\n<p><span style=\"font-size: 14pt\"><strong>Tabouleinfos.com<\/strong><\/span><\/p>\n","protected":false},"excerpt":{"rendered":"<p>Le pr\u00e9sident de la Conf\u00e9d\u00e9ration Africaine de Football, Ahmad Ahmad est atteint du coronavirus. L\u2019annonce a \u00e9t\u00e9 faite ce vendredi 30 octobre 2020 par la CAF. Ahmad a contract\u00e9 le coronavirus pendant son s\u00e9jour \u00e0 Casablanca pour la finale de la Coupe de la Conf\u00e9d\u00e9ration. Le 28 octobre dernier, il a fait le test. \u00ab\u00a0A [&hellip;]<\/p>\n","protected":false},"author":2,"featured_media":2582,"comment_status":"open","ping_status":"open","sticky":false,"template":"","format":"standard","meta":{"footnotes":""},"categories":[2,23],"tags":[],"class_list":{"0":"post-2581","1":"post","2":"type-post","3":"status-publish","4":"format-standard","5":"has-post-thumbnail","7":"category-featured","8":"category-sport"},"_links":{"self":[{"href":"https:\/\/tabouleinfos.com\/index.php\/wp-json\/wp\/v2\/posts\/2581","targetHints":{"allow":["GET"]}}],"collection":[{"href":"https:\/\/tabouleinfos.com\/index.php\/wp-json\/wp\/v2\/posts"}],"about":[{"href":"https:\/\/tabouleinfos.com\/index.php\/wp-json\/wp\/v2\/types\/post"}],"author":[{"embeddable":true,"href":"https:\/\/tabouleinfos.com\/index.php\/wp-json\/wp\/v2\/users\/2"}],"replies":[{"embeddable":true,"href":"https:\/\/tabouleinfos.com\/index.php\/wp-json\/wp\/v2\/comments?post=2581"}],"version-history":[{"count":0,"href":"https:\/\/tabouleinfos.com\/index.php\/wp-json\/wp\/v2\/posts\/2581\/revisions"}],"wp:featuredmedia":[{"embeddable":true,"href":"https:\/\/tabouleinfos.com\/index.php\/wp-json\/wp\/v2\/media\/2582"}],"wp:attachment":[{"href":"https:\/\/tabouleinfos.com\/index.php\/wp-json\/wp\/v2\/media?parent=2581"}],"wp:term":[{"taxonomy":"category","embeddable":true,"href":"https:\/\/tabouleinfos.com\/index.php\/wp-json\/wp\/v2\/categories?post=2581"},{"taxonomy":"post_tag","embeddable":true,"href":"https:\/\/tabouleinfos.com\/index.php\/wp-json\/wp\/v2\/tags?post=2581"}],"curies":[{"name":"wp","href":"https:\/\/api.w.org\/{rel}","templated":true}]}}