{"id":2636,"date":"2020-11-06T10:01:40","date_gmt":"2020-11-06T10:01:40","guid":{"rendered":"https:\/\/tabouleinfos.com\/?p=2636"},"modified":"2020-11-06T10:12:47","modified_gmt":"2020-11-06T10:12:47","slug":"ideal-fonike-luccino-coupe-ses-rastas-et-les-met-aux-encheres","status":"publish","type":"post","link":"https:\/\/tabouleinfos.com\/index.php\/ideal-fonike-luccino-coupe-ses-rastas-et-les-met-aux-encheres\/","title":{"rendered":"Id\u00e9al Fonik\u00e9\u00a0: Luccino coupe ses rastas et les met aux ench\u00e8res"},"content":{"rendered":"<p><span style=\"font-size: 14pt\"><strong>Apr\u00e8s avoir pass\u00e9 une d\u2019une dizaine d\u2019ann\u00e9es avec les dreadlocks, l\u2019ex membre du groupe Id\u00e9al Fonik\u00e9, Luccino a opt\u00e9 pour une nouvelle coupe de cheveux. Le lundi 2 novembre dernier, il s\u2019est totalement d\u00e9barrass\u00e9 de ses longs rastas.<\/strong><\/span><\/p>\n<p><a href=\"https:\/\/tabouleinfos.com\/wp-content\/uploads\/2020\/11\/luccin-sans.jpg\"><img loading=\"lazy\" decoding=\"async\" width=\"479\" height=\"473\" class=\"alignnone size-full wp-image-2648\" src=\"https:\/\/tabouleinfos.com\/wp-content\/uploads\/2020\/11\/luccin-sans.jpg\" alt=\"\" srcset=\"https:\/\/tabouleinfos.com\/wp-content\/uploads\/2020\/11\/luccin-sans.jpg 479w, https:\/\/tabouleinfos.com\/wp-content\/uploads\/2020\/11\/luccin-sans-300x296.jpg 300w, https:\/\/tabouleinfos.com\/wp-content\/uploads\/2020\/11\/luccin-sans-425x420.jpg 425w, https:\/\/tabouleinfos.com\/wp-content\/uploads\/2020\/11\/luccin-sans-75x75.jpg 75w\" sizes=\"auto, (max-width: 479px) 100vw, 479px\" \/><\/a><\/p>\n<p><span style=\"font-size: 14pt\">Si auparavant, Luciano ne passait \u00a0pas inaper\u00e7u dans son quartier \u00e0 cause de ses dreadlocks, pr\u00e9sentement, il est m\u00e9connaissable avec son nouveau look. Le nouveau visage que porte d\u00e9sormais Lansana Doumbouya sous les cheveux courts, est une renaissance pour ses fans et ses connaissances. Mais surtout pour les membres de sa famille.<\/span><\/p>\n<p><span style=\"font-size: 14pt\">Sur le r\u00e9seau social <strong>facebook<\/strong>, l\u2019ancien compagnon de <strong>Jason, Payton<\/strong> et de <strong>4.6<\/strong> avait fait un live sur son compte pendant qu\u2019il se trouvait dans un salon de coiffure en train de se faire coiffer. Tr\u00e8s curieux, quelques internautes ont cherch\u00e9 \u00e0 connaitre les raisons de cette d\u00e9cision, mais en vain.<\/span><\/p>\n<p><span style=\"font-size: 14pt\">Depuis <strong>quinze (15) ans<\/strong>, Luciano porte les rastas. Il est tomb\u00e9 facilement amoureux de cette coiffure en 2005. Mais l\u2019enlever a \u00e9t\u00e9 pour lui comme de la mer \u00e0 boire. Etre artiste chanteur dans une famille pieuse ou porter les dreadlocks n\u2019est pas chose-facile.<\/span><\/p>\n<p><span style=\"font-size: 16pt\"><strong>Que s\u2019est-il pass\u00e9\u00a0?<\/strong><\/span><\/p>\n<p><span style=\"font-size: 14pt\">Pour connaitre le pourquoi de cette d\u00e9cision, la r\u00e9daction de votre quotidien en ligne <strong>Tabouleinfos.com<\/strong> a joint l\u2019artiste dans la nuit du mercredi 5 novembre 2020. Selon lui, c\u2019est \u00e0 cause de sa maman qu\u2019il a enlev\u00e9 ses rastas. <strong><em>\u00ab\u00a0Il y a plusieurs ann\u00e9es de cela, elle me demande de me d\u00e9barrasser de mes locks. Elle m\u2019a parl\u00e9 des raisons professionnelles. Pour avoir du travail, je dois les enlever. J\u2019ai d\u00e9j\u00e0 un dipl\u00f4me. C\u2019est fini avec les rastas. Je ne vais plus les mettre.\u00bb<\/em><\/strong>, a-t-il expliqu\u00e9.<\/span><\/p>\n<p><a href=\"https:\/\/tabouleinfos.com\/wp-content\/uploads\/2020\/11\/luccin-.jpg\"><img loading=\"lazy\" decoding=\"async\" width=\"449\" height=\"363\" class=\"alignnone size-full wp-image-2650\" src=\"https:\/\/tabouleinfos.com\/wp-content\/uploads\/2020\/11\/luccin-.jpg\" alt=\"\" srcset=\"https:\/\/tabouleinfos.com\/wp-content\/uploads\/2020\/11\/luccin-.jpg 449w, https:\/\/tabouleinfos.com\/wp-content\/uploads\/2020\/11\/luccin--300x243.jpg 300w\" sizes=\"auto, (max-width: 449px) 100vw, 449px\" \/><\/a><\/p>\n<p><span style=\"font-size: 14pt\">Fini la coupe rasta. Mais l\u2019ex membre du groupe Id\u00e9al Fonik\u00e9 ne compte pas aussi jeter ses cheveux, ni les garder. Depuis le lundi dernier, des acheteurs se succ\u00e8dent chez lui l\u2019un apr\u00e8s l\u2019autre, avec des propositions <strong>d\u2019un million (1.000.000GNF), deux millions (2.000.000GNF), deux-millions-cinq-cent (2.500.000GNF).<\/strong> Et le dernier demandeur <strong>(un salon de coiffure)<\/strong> lui a propos\u00e9 une somme de <strong>trois millions de francs guin\u00e9ens (3.000.000GNF)<\/strong>. Pour le moment, il n\u2019a pas dit son dernier prix. Il attend l\u2019arriv\u00e9e du grand payeur.<\/span><\/p>\n<p><strong><span style=\"font-size: 14pt\">Aboubacar Fod\u00e9 Bangoura<\/span> <\/strong><\/p>\n","protected":false},"excerpt":{"rendered":"<p>Apr\u00e8s avoir pass\u00e9 une d\u2019une dizaine d\u2019ann\u00e9es avec les dreadlocks, l\u2019ex membre du groupe Id\u00e9al Fonik\u00e9, Luccino a opt\u00e9 pour une nouvelle coupe de cheveux. Le lundi 2 novembre dernier, il s\u2019est totalement d\u00e9barrass\u00e9 de ses longs rastas. Si auparavant, Luciano ne passait \u00a0pas inaper\u00e7u dans son quartier \u00e0 cause de ses dreadlocks, pr\u00e9sentement, il [&hellip;]<\/p>\n","protected":false},"author":2,"featured_media":2649,"comment_status":"open","ping_status":"open","sticky":false,"template":"","format":"standard","meta":{"footnotes":""},"categories":[2,24],"tags":[],"class_list":{"0":"post-2636","1":"post","2":"type-post","3":"status-publish","4":"format-standard","5":"has-post-thumbnail","7":"category-featured","8":"category-people"},"_links":{"self":[{"href":"https:\/\/tabouleinfos.com\/index.php\/wp-json\/wp\/v2\/posts\/2636","targetHints":{"allow":["GET"]}}],"collection":[{"href":"https:\/\/tabouleinfos.com\/index.php\/wp-json\/wp\/v2\/posts"}],"about":[{"href":"https:\/\/tabouleinfos.com\/index.php\/wp-json\/wp\/v2\/types\/post"}],"author":[{"embeddable":true,"href":"https:\/\/tabouleinfos.com\/index.php\/wp-json\/wp\/v2\/users\/2"}],"replies":[{"embeddable":true,"href":"https:\/\/tabouleinfos.com\/index.php\/wp-json\/wp\/v2\/comments?post=2636"}],"version-history":[{"count":0,"href":"https:\/\/tabouleinfos.com\/index.php\/wp-json\/wp\/v2\/posts\/2636\/revisions"}],"wp:featuredmedia":[{"embeddable":true,"href":"https:\/\/tabouleinfos.com\/index.php\/wp-json\/wp\/v2\/media\/2649"}],"wp:attachment":[{"href":"https:\/\/tabouleinfos.com\/index.php\/wp-json\/wp\/v2\/media?parent=2636"}],"wp:term":[{"taxonomy":"category","embeddable":true,"href":"https:\/\/tabouleinfos.com\/index.php\/wp-json\/wp\/v2\/categories?post=2636"},{"taxonomy":"post_tag","embeddable":true,"href":"https:\/\/tabouleinfos.com\/index.php\/wp-json\/wp\/v2\/tags?post=2636"}],"curies":[{"name":"wp","href":"https:\/\/api.w.org\/{rel}","templated":true}]}}