{"id":2671,"date":"2020-11-07T08:41:36","date_gmt":"2020-11-07T08:41:36","guid":{"rendered":"https:\/\/tabouleinfos.com\/?p=2671"},"modified":"2020-11-07T08:41:36","modified_gmt":"2020-11-07T08:41:36","slug":"le-senat-mexicain-dans-des-volutes-de-marijuana","status":"publish","type":"post","link":"https:\/\/tabouleinfos.com\/index.php\/le-senat-mexicain-dans-des-volutes-de-marijuana\/","title":{"rendered":"Le S\u00e9nat mexicain dans des volutes de marijuana"},"content":{"rendered":"<p><span style=\"font-size: 14pt\"><strong>Des effluves de marijuana chatouillent depuis quelques mois les narines des l\u00e9gislateurs mexicains qui vont \u00eatre appel\u00e9s avant la fin 2020 \u00e0 d\u00e9p\u00e9naliser cette substance.<\/strong><\/span><\/p>\n<p><span style=\"font-size: 14pt\">Un groupe de militants opini\u00e2tres qui pr\u00f4ne la l\u00e9galisation de l\u2019herbe s\u2019est install\u00e9 depuis f\u00e9vrier sous les fen\u00eatres du S\u00e9nat \u00e0 Mexico, donnant quelques couleurs \u00e0 ce lieu aust\u00e8re.<\/span><\/p>\n<p><span style=\"font-size: 14pt\">Pour mieux convaincre les occupants du b\u00e2timent, ils en ont plant\u00e9 pr\u00e8s de l\u2019une des entr\u00e9es. La pluie et la chaleur aidant, les pousses atteignent 2 m de haut.<\/span><\/p>\n<p><span style=\"font-size: 14pt\"><strong><em>\u00abNous revendiquons d\u2019abord nos droits en tant que consommateurs responsables, avant de penser aux int\u00e9r\u00eats du march\u00e9\u00bb<\/em><\/strong>, explique \u00e0 <strong>l\u2019AFP<\/strong> Enrique Espinoza, 30 ans, membre du Mouvement Cannabique Mexicain.<\/span><\/p>\n<p><span style=\"font-size: 14pt\">Une vingtaine de jeunes veillent sur les plants tout en s\u2019adonnant \u00e0 la cuisine et \u00e0 la fabrique de produits \u00e0 base de chanvre, en musique.<\/span><\/p>\n<p><span style=\"font-size: 14pt\">La r\u00e8gle en vigueur ici est de ne pas toucher aux plantes pour les fumer. Elles se veulent un symbole de la lutte pour la d\u00e9p\u00e9nalisation. Chacun apporte donc ses joints.<\/span><\/p>\n<p><span style=\"font-size: 14pt\"><strong>Non \u00e0 l\u2019extorsion<\/strong><\/span><\/p>\n<p><span style=\"font-size: 14pt\">Au Mexique, la consommation de marijuana \u00e0 des fins r\u00e9cr\u00e9atives est autoris\u00e9e depuis 2015, mais pas sa vente.<\/span><\/p>\n<p><span style=\"font-size: 14pt\">En outre, chaque personne n\u2019a le droit d\u2019en poss\u00e9der sur elle que cinq grammes, ce qui n\u2019est pas toujours commode \u00e0 v\u00e9rifier lors d\u2019une inspection de police.<\/span><\/p>\n<p><span style=\"font-size: 14pt\">\u00abNous en avons assez de l\u2019extorsion des policiers qui nous imposent des amendes pour nous laisser passer\u00bb, temp\u00eate Enrique Espinoza.<\/span><\/p>\n<p><span style=\"font-size: 14pt\">Les tentatives afin d\u2019augmenter la dose minimale de cinq grammes ont jusque-l\u00e0 \u00e9chou\u00e9 au Congr\u00e8s, mais la justice a fix\u00e9 au 15 d\u00e9cembre la limite pour l\u00e9gif\u00e9rer.<\/span><\/p>\n<p><span style=\"font-size: 14pt\">Entre-temps, la plante a d\u2019ores et d\u00e9j\u00e0 \u00e9t\u00e9 retir\u00e9e de la liste des <strong><em>\u00abm\u00e9dicaments absolument interdits\u00bb<\/em><\/strong>, en permettant ainsi la consommation \u00e0 des fins th\u00e9rapeutiques.<\/span><\/p>\n<p><span style=\"font-size: 14pt\">Nicolas Guerra, 23 ans, coursier, d\u00e9fend avec ardeur les propri\u00e9t\u00e9s m\u00e9dicinales du cannabis. Il en fume depuis quatre ans pour surmonter une n\u00e9vrose.<\/span><\/p>\n<p><span style=\"font-size: 14pt\"><strong><em>\u00abLa marijuana et les arts martiaux m\u2019ont aid\u00e9 \u00e0 diminuer ma n\u00e9vrose. C\u2019est mon m\u00e9dicament et c\u2019est la raison pour laquelle je suis favorable \u00e0 sa l\u00e9galisation\u00bb<\/em><\/strong>, raconte-t-il.<\/span><\/p>\n<p><span style=\"font-size: 14pt\">Depuis l\u2019installation de la plantation, une douzaine de s\u00e9nateurs se sont d\u00e9j\u00e0 pr\u00e9sent\u00e9s pour s\u2019adresser aux militants.<\/span><\/p>\n<p><span style=\"font-size: 14pt\"><strong><em>\u00abOn leur a dit de ne pas se comporter comme des moutons\u00bb<\/em><\/strong>, lance Enrique Espinoza.<\/span><\/p>\n<p><span style=\"font-size: 14pt\"><strong>Un rem\u00e8de contre la violence?<\/strong><\/span><\/p>\n<p><span style=\"font-size: 14pt\">Pour la cinquantaine d\u2019organisations qui militent pour la libre consommation de cannabis au Mexique, la loi \u00e0 adopter devra autoriser la \u00abpossession simple et suffisante\u00bb d\u2019herbe, que les usagers ne soient pas r\u00e9pertori\u00e9s, que la consommation soit libre dans des espaces ad\u00e9quats et que l\u2019exploitation de la plante toute enti\u00e8re soit accessible.<\/span><\/p>\n<p><span style=\"font-size: 14pt\">Si elle est adopt\u00e9e, le Mexique ira dans le sillage de l\u2019Uruguay, qui a adopt\u00e9 en 2013 une loi autorisant la vente en pharmacie de marijuana provenant de plantations priv\u00e9es sous contr\u00f4le de l\u2019\u00c9tat, en plus des cultures domestiques et coop\u00e9ratives.<\/span><\/p>\n<p><span style=\"font-size: 14pt\">Les autorit\u00e9s uruguayennes souhaitaient rogner sur le march\u00e9 des trafiquants, un objectif qui a \u00e9t\u00e9 atteint puisque la consommation de marijuana fabriqu\u00e9e ill\u00e9galement a \u00e9t\u00e9 divis\u00e9e par cinq entre 2014 et 2018, selon les chiffres officiels.<\/span><\/p>\n<p><span style=\"font-size: 14pt\">Le Mexique, o\u00f9 la marijuana est la drogue la plus couramment saisie avec 185 tonnes cette ann\u00e9e, souffre de la violence li\u00e9e au trafic, qui est stimul\u00e9 par sa proximit\u00e9 avec les \u00c9tats-Unis, principal consommateur de stup\u00e9fiants.<\/span><\/p>\n<p><span style=\"font-size: 14pt\">Depuis 2006, lorsque le gouvernement mexicain a militaris\u00e9 la lutte contre les cartels, 296 000 meurtres ont \u00e9t\u00e9 enregistr\u00e9s.<\/span><\/p>\n<p><span style=\"font-size: 14pt\">Le pr\u00e9sident de gauche Andres Manuel Lopez Obrador, qui attribue la plupart des meurtres au crime organis\u00e9, a d\u00e9clar\u00e9 \u00e0 plusieurs reprises son intention de l\u00e9galiser certaines drogues dans le cadre de sa politique s\u00e9curitaire.<\/span><\/p>\n<p><span style=\"font-size: 14pt\">En attendant que les l\u00e9gislateurs mexicains se prononcent, C\u00e9leste, 27 ans, livreuse de profession, estime que le <strong>\u00abjardin\u00bb<\/strong> de cannabis au pied du S\u00e9nat est un \u00abbastion\u00bb de libert\u00e9.<\/span><\/p>\n<p><span style=\"font-size: 14pt\"><strong><em>\u00abPourquoi devrions-nous nous cacher?\u00bb<\/em><\/strong>, dit-elle, le visage noy\u00e9 dans ses volutes de fum\u00e9e.<\/span><\/p>\n<p><span style=\"font-size: 14pt\">A lire sur\u00a0:<a href=\"https:\/\/www.journaldemontreal.com\/2020\/10\/04\/le-senat-mexicain-dans-des-volutes-de-marijuana\"> <strong>journaldemontreal.com<\/strong><\/a><\/span><\/p>\n","protected":false},"excerpt":{"rendered":"<p>Des effluves de marijuana chatouillent depuis quelques mois les narines des l\u00e9gislateurs mexicains qui vont \u00eatre appel\u00e9s avant la fin 2020 \u00e0 d\u00e9p\u00e9naliser cette substance. Un groupe de militants opini\u00e2tres qui pr\u00f4ne la l\u00e9galisation de l\u2019herbe s\u2019est install\u00e9 depuis f\u00e9vrier sous les fen\u00eatres du S\u00e9nat \u00e0 Mexico, donnant quelques couleurs \u00e0 ce lieu aust\u00e8re. Pour [&hellip;]<\/p>\n","protected":false},"author":2,"featured_media":2672,"comment_status":"open","ping_status":"open","sticky":false,"template":"","format":"standard","meta":{"footnotes":""},"categories":[2,24],"tags":[],"class_list":{"0":"post-2671","1":"post","2":"type-post","3":"status-publish","4":"format-standard","5":"has-post-thumbnail","7":"category-featured","8":"category-people"},"_links":{"self":[{"href":"https:\/\/tabouleinfos.com\/index.php\/wp-json\/wp\/v2\/posts\/2671","targetHints":{"allow":["GET"]}}],"collection":[{"href":"https:\/\/tabouleinfos.com\/index.php\/wp-json\/wp\/v2\/posts"}],"about":[{"href":"https:\/\/tabouleinfos.com\/index.php\/wp-json\/wp\/v2\/types\/post"}],"author":[{"embeddable":true,"href":"https:\/\/tabouleinfos.com\/index.php\/wp-json\/wp\/v2\/users\/2"}],"replies":[{"embeddable":true,"href":"https:\/\/tabouleinfos.com\/index.php\/wp-json\/wp\/v2\/comments?post=2671"}],"version-history":[{"count":0,"href":"https:\/\/tabouleinfos.com\/index.php\/wp-json\/wp\/v2\/posts\/2671\/revisions"}],"wp:featuredmedia":[{"embeddable":true,"href":"https:\/\/tabouleinfos.com\/index.php\/wp-json\/wp\/v2\/media\/2672"}],"wp:attachment":[{"href":"https:\/\/tabouleinfos.com\/index.php\/wp-json\/wp\/v2\/media?parent=2671"}],"wp:term":[{"taxonomy":"category","embeddable":true,"href":"https:\/\/tabouleinfos.com\/index.php\/wp-json\/wp\/v2\/categories?post=2671"},{"taxonomy":"post_tag","embeddable":true,"href":"https:\/\/tabouleinfos.com\/index.php\/wp-json\/wp\/v2\/tags?post=2671"}],"curies":[{"name":"wp","href":"https:\/\/api.w.org\/{rel}","templated":true}]}}