{"id":2864,"date":"2020-11-23T12:55:07","date_gmt":"2020-11-23T12:55:07","guid":{"rendered":"https:\/\/tabouleinfos.com\/?p=2864"},"modified":"2020-11-23T12:55:07","modified_gmt":"2020-11-23T12:55:07","slug":"caf-le-president-ahmad-suspendu-cinq-ans-par-la-fifa","status":"publish","type":"post","link":"https:\/\/tabouleinfos.com\/index.php\/caf-le-president-ahmad-suspendu-cinq-ans-par-la-fifa\/","title":{"rendered":"CAF : le pr\u00e9sident Ahmad suspendu cinq ans par la Fifa"},"content":{"rendered":"<p><span style=\"font-size: 14pt\"><strong>La commission d&rsquo;\u00e9thique de la Fifa a suspendu pour cinq ans l&rsquo;actuel\u00a0pr\u00e9sident de la Conf\u00e9d\u00e9ration africaine de football (CAF), lui infligeant de surcro\u00eet 185\u00a0000\u00a0euros d&rsquo;amende, notamment pour d\u00e9tournements de fonds.<\/strong><\/span><\/p>\n<p><span style=\"font-size: 14pt\">Apr\u00e8s 30 ann\u00e9es de pr\u00e9sidence Ayatou au sein de la Conf\u00e9d\u00e9ration africaine de football, Ahmad le Malgache \u00e9lu \u00e0 la surprise g\u00e9n\u00e9rale en mars 2017, devait r\u00e9volutionner le monde du ballon rond sur le continent africain.<\/span><\/p>\n<p><span style=\"font-size: 14pt\">Presque quatre ann\u00e9es plus tard,\u00a0candidat \u00e0 sa propre succession, l\u2019actuel pr\u00e9sident de la Conf\u00e9d\u00e9ration africaine Ahmad vient d\u2019\u00eatre suspendu pour cinq ans par la commission d\u2019\u00e9thique de la Fifa qui lui a inflig\u00e9 au passage une amende de 185 000 euros. Ahmad avait par ailleurs \u00e9t\u00e9 plac\u00e9 en garde \u00e0 vue pour des soup\u00e7ons de corruption en juin 2019 \u00e0 Paris. Selon le communiqu\u00e9 de la Fifa\u00a0: <em><strong>\u00ab\u00a0La d\u00e9cision a \u00e9t\u00e9 notifi\u00e9e \u00e0 M.\u00a0Ahmad aujourd\u2019hui (23 novembre 2020), date \u00e0 laquelle l\u2019interdiction est entr\u00e9e en vigueur.\u00a0\u00bb<\/strong><\/em><\/span><\/p>\n<p><span style=\"font-size: 14pt\"><strong>\u00ab\u00a0M.\u00a0Ahmad avait manqu\u00e9 \u00e0 son devoir de loyaut\u00e9 \u00bb<\/strong><\/span><\/p>\n<p><span style=\"font-size: 14pt\">N\u00e9 le 30 d\u00e9cembre 1959 \u00e0 Madagascar, cet ancien homme politique, qui a \u00e9t\u00e9 secr\u00e9taire d&rsquo;\u00c9tat au Sport et ministre de la P\u00eache \u00e0 Madagascar, est \u00ab\u00a0coupable d\u2019avoir enfreint les articles\u00a015 (Devoir de loyaut\u00e9), 20 (Acceptation et distribution de cadeaux ou autres avantages) et 25 (Abus de pouvoir) de l\u2019\u00e9dition 2020 du Code d\u2019\u00e9thique de la Fifa, ainsi que l\u2019art.\u00a028 (D\u00e9tournement de fonds) de son \u00e9dition 2018\u00a0\u00bb.<\/span><\/p>\n<p><span style=\"font-size: 14pt\"><strong><em>\u00ab\u00a0L\u2019enqu\u00eate sur le comportement de M.\u00a0Ahmad au poste de pr\u00e9sident de la CAF entre 2017 et 2019 a port\u00e9 sur diverses questions li\u00e9es \u00e0 la gouvernance de la CAF, dont l\u2019organisation et le financement d\u2019un p\u00e8lerinage \u00e0 La Mecque (Oumra), ses accointances avec l\u2019entreprise d\u2019\u00e9quipement sportif Tactical Steel et d\u2019autres activit\u00e9s\u00a0\u00bb<\/em><\/strong>, indique le communiqu\u00e9 de la Fifa.<\/span><\/p>\n<p><span style=\"font-size: 14pt\">\u00ab\u00a0Dans sa d\u00e9cision, qui a fait suite \u00e0 une longue audition, la chambre de jugement de la Commission d\u2019\u00e9thique a \u00e9tabli, sur la base des informations recueillies par la chambre d\u2019instruction, que M.\u00a0Ahmad avait manqu\u00e9 \u00e0 son devoir de loyaut\u00e9, accord\u00e9 des cadeaux et d\u2019autres avantages, g\u00e9r\u00e9 des fonds de mani\u00e8re inappropri\u00e9e et abus\u00e9 de sa fonction de pr\u00e9sident de la CAF\u00a0\u00bb, peut-on aussi lire.<\/span><\/p>\n<p><span style=\"font-size: 14pt\"><strong>Fragilis\u00e9e par plusieurs pol\u00e9miques et des probl\u00e8mes de gouvernance<\/strong><\/span><\/p>\n<p><span style=\"font-size: 14pt\">\u00c0\u00a0l&rsquo;\u00e9t\u00e9 2019, Ahmad avait demand\u00e9 l&rsquo;aide de la Fifa pour superviser son organisation, fragilis\u00e9e par plusieurs pol\u00e9miques et des probl\u00e8mes de gouvernance. La num\u00e9ro deux de la Fifa, Fatma Samoura, avait notamment effectu\u00e9 un mandat de six mois mais celui-ci, qui visait \u00e0 acc\u00e9l\u00e9rer le processus de r\u00e9formes au sein de l&rsquo;instance, n&rsquo;avait pas \u00e9t\u00e9 renouvel\u00e9 d\u00e9but f\u00e9vrier 2020.<\/span><\/p>\n<p><span style=\"font-size: 14pt\">Par ailleurs, licenci\u00e9 en avril 2019, le secr\u00e9taire g\u00e9n\u00e9ral de la CAF,\u00a0Amr Fahmy, d\u00e9c\u00e9d\u00e9 depuis, avait envoy\u00e9 une lettre \u00e0 la Fifa dans laquelle\u00a0il accusait M. Ahmad de corruption\u00a0&#8211;\u00a0paiement de pots de vin \u00e0 plusieurs dirigeants, usage personnel de fonds de la CAF\u00a0&#8211; et de harc\u00e8lement sexuel \u00e0 l&rsquo;encontre de plusieurs salari\u00e9es de la Conf\u00e9d\u00e9ration.<\/span><\/p>\n<p><span style=\"font-size: 14pt\">Test\u00e9 positif au Covid-19, fin octobre, puis hospitalis\u00e9, Ahmad observe actuellement une p\u00e9riode de convalescence de 20 jours durant lesquels il a quitt\u00e9 son poste. Le premier vice-pr\u00e9sident, Constant Omari, assure actuellement l\u2019int\u00e9rim \u00e0 la t\u00eate de l\u2019ex\u00e9cutif de la CAF et ce jusqu\u2019au 30 novembre 2020.<\/span><\/p>\n<p><span style=\"font-size: 14pt\">En ce qui concerne la prochaine \u00e9lection \u00e0 la pr\u00e9sidence de la CAF,\u00a0le S\u00e9n\u00e9galais Augustin Senghor,\u00a0le Mauritanien Ahmed Yahya,\u00a0l&rsquo;Ivoirien Jacques Anouma\u00a0et le milliardaire sud-africain Patrice Motsepe ont d\u00e9clar\u00e9 leur candidature. L&rsquo;\u00e9lection aura lieu le 12\u00a0mars 2021 au Maroc.<\/span><\/p>\n<p><span style=\"font-size: 14pt\"><strong>\u00a0Source\u00a0: <a href=\"https:\/\/www.rfi.fr\/fr\/en-bref\/20201123-football-le-pr\u00e9sident-de-la-conf\u00e9d\u00e9ration-africaine-ahmad-est-suspendu-cinq-ans-par-la-fifa\">rfi.fr<\/a><\/strong><\/span><\/p>\n<p>&nbsp;<\/p>\n","protected":false},"excerpt":{"rendered":"<p>La commission d&rsquo;\u00e9thique de la Fifa a suspendu pour cinq ans l&rsquo;actuel\u00a0pr\u00e9sident de la Conf\u00e9d\u00e9ration africaine de football (CAF), lui infligeant de surcro\u00eet 185\u00a0000\u00a0euros d&rsquo;amende, notamment pour d\u00e9tournements de fonds. Apr\u00e8s 30 ann\u00e9es de pr\u00e9sidence Ayatou au sein de la Conf\u00e9d\u00e9ration africaine de football, Ahmad le Malgache \u00e9lu \u00e0 la surprise g\u00e9n\u00e9rale en mars 2017, [&hellip;]<\/p>\n","protected":false},"author":2,"featured_media":2865,"comment_status":"open","ping_status":"open","sticky":false,"template":"","format":"standard","meta":{"footnotes":""},"categories":[2,23],"tags":[],"class_list":{"0":"post-2864","1":"post","2":"type-post","3":"status-publish","4":"format-standard","5":"has-post-thumbnail","7":"category-featured","8":"category-sport"},"_links":{"self":[{"href":"https:\/\/tabouleinfos.com\/index.php\/wp-json\/wp\/v2\/posts\/2864","targetHints":{"allow":["GET"]}}],"collection":[{"href":"https:\/\/tabouleinfos.com\/index.php\/wp-json\/wp\/v2\/posts"}],"about":[{"href":"https:\/\/tabouleinfos.com\/index.php\/wp-json\/wp\/v2\/types\/post"}],"author":[{"embeddable":true,"href":"https:\/\/tabouleinfos.com\/index.php\/wp-json\/wp\/v2\/users\/2"}],"replies":[{"embeddable":true,"href":"https:\/\/tabouleinfos.com\/index.php\/wp-json\/wp\/v2\/comments?post=2864"}],"version-history":[{"count":0,"href":"https:\/\/tabouleinfos.com\/index.php\/wp-json\/wp\/v2\/posts\/2864\/revisions"}],"wp:featuredmedia":[{"embeddable":true,"href":"https:\/\/tabouleinfos.com\/index.php\/wp-json\/wp\/v2\/media\/2865"}],"wp:attachment":[{"href":"https:\/\/tabouleinfos.com\/index.php\/wp-json\/wp\/v2\/media?parent=2864"}],"wp:term":[{"taxonomy":"category","embeddable":true,"href":"https:\/\/tabouleinfos.com\/index.php\/wp-json\/wp\/v2\/categories?post=2864"},{"taxonomy":"post_tag","embeddable":true,"href":"https:\/\/tabouleinfos.com\/index.php\/wp-json\/wp\/v2\/tags?post=2864"}],"curies":[{"name":"wp","href":"https:\/\/api.w.org\/{rel}","templated":true}]}}