{"id":3082,"date":"2020-12-08T15:02:07","date_gmt":"2020-12-08T15:02:07","guid":{"rendered":"https:\/\/tabouleinfos.com\/?p=3082"},"modified":"2020-12-08T15:02:07","modified_gmt":"2020-12-08T15:02:07","slug":"gims-papa-demdem-revele-les-prenoms-de-leurs-enfants-un-tendre-hommage","status":"publish","type":"post","link":"https:\/\/tabouleinfos.com\/index.php\/gims-papa-demdem-revele-les-prenoms-de-leurs-enfants-un-tendre-hommage\/","title":{"rendered":"Gims papa : Demdem r\u00e9v\u00e8le les pr\u00e9noms de leurs enfants, un tendre hommage"},"content":{"rendered":"<p><span style=\"font-size: 14pt\"><strong>Sur Instagram, le 7 d\u00e9cembre 2020, Demdem a r\u00e9v\u00e9l\u00e9 le pr\u00e9nom de deux de ses enfants : un gar\u00e7on Yahya et une fille, A\u00efcha. L&rsquo;occasion pour la styliste d&rsquo;en dire plus sur le pr\u00e9nom de sa plus jeune fille, Haby.<\/strong><\/span><\/p>\n<p><span style=\"font-size: 14pt\">Ensemble,\u00a0Demdem\u00a0et Gims\u00a0ont accueilli quatre enfants. D&rsquo;eux, on ne conna\u00eet que l&rsquo;\u00e2ge et le pr\u00e9nom de\u00a0la petite derni\u00e8re, Haby\u00a0(8 mois), n\u00e9e en mars 2020. Sur Instagram, la styliste s&rsquo;est confi\u00e9e au sujet des pr\u00e9noms de ses enfants. <strong><em>\u00ab\u00a0J&rsquo;ai une petite\u00a0A\u00efsha. Je l&rsquo;ai choisi vraiment par amour pour la m\u00e8re des croyants, \u00e0 force de lire des r\u00e9cits la concernant. A\u00efsha Lalla Parcke ! \u00c0 l&rsquo;\u00e9poque je savais que c&rsquo;\u00e9tait un titre au Maroc, chez nous c&rsquo;est un pr\u00e9nom\u00a0\u00bb<\/em><\/strong>, a-t-elle r\u00e9v\u00e9l\u00e9, en r\u00e9pondant \u00e0 un fan, r\u00e9v\u00e9lant ici le pr\u00e9nom\u00a0d&rsquo;une de ses filles.<\/span><\/p>\n<p><span style=\"font-size: 14pt\">Tout en publiant une photo de\u00a0son fils, de dos, Demdem r\u00e9v\u00e8le son pr\u00e9nom : <strong><em>\u00ab\u00a0Voil\u00e0 mon\u00a0Yahya\u00a0\u00e0 moi. Yahya Alou. (L&rsquo;\u00e9quivalent de Ali chez nous et pour qu&rsquo;il porte le pr\u00e9nom de son papa.\u00a0\u00bb L&rsquo;occasion pour Demdem d&rsquo;en dire encore un peu plus sur la petite Haby. \u00ab\u00a0Ma derni\u00e8re fille c&rsquo;est Haby. Je l&rsquo;appelle Habybatou et son papa l&rsquo;appelle Habygaelle (Inshallah elle finit pas bipops).\u00a0Haby Catherine\u00a0en hommage \u00e0 ma maman&#8230;\u00a0\u00bb<\/em><\/strong>, r\u00e9v\u00e8le Demdem. Un tendre clin d&rsquo;\u0153il.<\/span><\/p>\n<p><span style=\"font-size: 14pt\">Avec un travail aussi prenant, Gims a conscience de n&rsquo;\u00eatre que peu pr\u00e9sent pour ses enfants. Un choix de carri\u00e8re qu&rsquo;il d\u00e9plore parfois, comme il l&rsquo;avait confi\u00e9 dans\u00a0son documentaire diffus\u00e9 sur Netflix.\u00a0<strong><em>\u00ab\u00a0Il souffre de ne pas \u00eatre assez pr\u00e9sent pour ses enfants. C&rsquo;est son regret\u00a0\u00bb<\/em><\/strong>, expliquait Demdem.<\/span><\/p>\n<p><span style=\"font-size: 14pt\"><strong><em>\u00ab\u00a0Je laisse mes enfants s&rsquo;\u00e9panouir. Personnellement, j&rsquo;ai beaucoup de souvenirs de moi \u00e9tant gosse et je sais ce que j&rsquo;aimais et ce que je n&rsquo;aimais pas chez un adulte. Je n&rsquo;ai pas envie que mes enfants aient cette vision de moi. Je les laisse s&rsquo;amuser. J&rsquo;essaie de placer les bonnes phrases au bon moment, de leur enseigner la vie, mais en rigolant, car c&rsquo;est plus efficace. Comme je ne suis pas souvent l\u00e0, j&rsquo;ai du mal \u00e0 \u00eatre dur avec eux\u00a0\u00bb<\/em><\/strong>, avait-il d\u00e9taill\u00e9 \u00e0\u00a0TV Magazine\u00a0en septembre dernier.<\/span><\/p>\n<p><span style=\"font-size: 14pt\">Malgr\u00e9 cette absence, Demdem cultive le doute quant \u00e0 une hypoth\u00e9tique cinqui\u00e8me grossesse. Le 4 novembre dernier, elle\u00a0publiait une photo d&rsquo;elle sur Snapchat, le ventre arrondi, avec la l\u00e9gende suivante : <strong>\u00ab\u00a0And if you don&rsquo;t know, now you know\u00a0\u00bb<\/strong>. Suspense&#8230;<\/span><\/p>\n<p><span style=\"font-size: 14pt\">A lire sur\u00a0: <a href=\"https:\/\/www.purepeople.com\/article\/gims-papa-demdem-revele-les-prenoms-de-leurs-enfants-un-tendre-hommage_a415379\/1\"><strong>purepeople.com<\/strong><\/a><\/span><\/p>\n","protected":false},"excerpt":{"rendered":"<p>Sur Instagram, le 7 d\u00e9cembre 2020, Demdem a r\u00e9v\u00e9l\u00e9 le pr\u00e9nom de deux de ses enfants : un gar\u00e7on Yahya et une fille, A\u00efcha. L&rsquo;occasion pour la styliste d&rsquo;en dire plus sur le pr\u00e9nom de sa plus jeune fille, Haby. Ensemble,\u00a0Demdem\u00a0et Gims\u00a0ont accueilli quatre enfants. D&rsquo;eux, on ne conna\u00eet que l&rsquo;\u00e2ge et le pr\u00e9nom de\u00a0la [&hellip;]<\/p>\n","protected":false},"author":2,"featured_media":3083,"comment_status":"open","ping_status":"open","sticky":false,"template":"","format":"standard","meta":{"footnotes":""},"categories":[2,24],"tags":[],"class_list":{"0":"post-3082","1":"post","2":"type-post","3":"status-publish","4":"format-standard","5":"has-post-thumbnail","7":"category-featured","8":"category-people"},"_links":{"self":[{"href":"https:\/\/tabouleinfos.com\/index.php\/wp-json\/wp\/v2\/posts\/3082","targetHints":{"allow":["GET"]}}],"collection":[{"href":"https:\/\/tabouleinfos.com\/index.php\/wp-json\/wp\/v2\/posts"}],"about":[{"href":"https:\/\/tabouleinfos.com\/index.php\/wp-json\/wp\/v2\/types\/post"}],"author":[{"embeddable":true,"href":"https:\/\/tabouleinfos.com\/index.php\/wp-json\/wp\/v2\/users\/2"}],"replies":[{"embeddable":true,"href":"https:\/\/tabouleinfos.com\/index.php\/wp-json\/wp\/v2\/comments?post=3082"}],"version-history":[{"count":0,"href":"https:\/\/tabouleinfos.com\/index.php\/wp-json\/wp\/v2\/posts\/3082\/revisions"}],"wp:featuredmedia":[{"embeddable":true,"href":"https:\/\/tabouleinfos.com\/index.php\/wp-json\/wp\/v2\/media\/3083"}],"wp:attachment":[{"href":"https:\/\/tabouleinfos.com\/index.php\/wp-json\/wp\/v2\/media?parent=3082"}],"wp:term":[{"taxonomy":"category","embeddable":true,"href":"https:\/\/tabouleinfos.com\/index.php\/wp-json\/wp\/v2\/categories?post=3082"},{"taxonomy":"post_tag","embeddable":true,"href":"https:\/\/tabouleinfos.com\/index.php\/wp-json\/wp\/v2\/tags?post=3082"}],"curies":[{"name":"wp","href":"https:\/\/api.w.org\/{rel}","templated":true}]}}