{"id":3237,"date":"2020-12-18T18:02:31","date_gmt":"2020-12-18T18:02:31","guid":{"rendered":"https:\/\/tabouleinfos.com\/?p=3237"},"modified":"2020-12-18T18:05:46","modified_gmt":"2020-12-18T18:05:46","slug":"salon-sur-les-metiers-des-arts-et-la-culture-la-premiere-edition-enfin-lancee","status":"publish","type":"post","link":"https:\/\/tabouleinfos.com\/index.php\/salon-sur-les-metiers-des-arts-et-la-culture-la-premiere-edition-enfin-lancee\/","title":{"rendered":"Salon sur les M\u00e9tiers des Arts et la Culture : la premi\u00e8re \u00e9dition enfin lanc\u00e9e !"},"content":{"rendered":"<p class=\"MsoNormal\"><b><span style=\"line-height: 115%\">\u00abL\u2019entreprenariat culturel et d\u00e9veloppement durable, quelles strat\u00e9gies envisageables pour r\u00e9inventer\u00a0 un \u00e9cosyst\u00e8me culturel fond\u00e9 sur nos valeurs locales\u00a0\u00bb, est le th\u00e8me de la premi\u00e8re \u00e9dition du Salon sur les M\u00e9tiers des Arts et la Culture, dont le lancement officiel a eu lieu \u00e0 Conakry, ce vendredi 18 d\u00e9cembre 2020.<\/span><\/b><\/p>\n<p class=\"MsoNormal\"><span style=\"font-size: 14pt;line-height: 115%\">Initi\u00e9 par l\u2019Association Cultures Ensemble \u2018\u2019ACE\u2019\u2019 compos\u00e9e de 28 structures membres, le Salon sur les M\u00e9tiers des Arts et la Culture est un espace multi \u00e9change de haut niveau entre l\u2019Etat, les professionnels, les artistes et les populations en vue de contribuer activement \u00e0 la promotion du secteur culturel et cr\u00e9atif guin\u00e9en. Il est aussi un \u00e9v\u00e9nement culturel majeur qui permettra de r\u00e9affirmer l\u2019encrage de entrepreneuriat culturel et la mise en valeur des m\u00e9tiers des arts et de la culture inspir\u00e9e des valeurs locales guin\u00e9ennes.\u00a0<\/span><\/p>\n<p><a href=\"https:\/\/tabouleinfos.com\/wp-content\/uploads\/2020\/12\/lancine-kone.jpg\"><img loading=\"lazy\" decoding=\"async\" width=\"750\" height=\"729\" class=\"alignnone size-full wp-image-3241\" src=\"https:\/\/tabouleinfos.com\/wp-content\/uploads\/2020\/12\/lancine-kone.jpg\" alt=\"\" srcset=\"https:\/\/tabouleinfos.com\/wp-content\/uploads\/2020\/12\/lancine-kone.jpg 750w, https:\/\/tabouleinfos.com\/wp-content\/uploads\/2020\/12\/lancine-kone-300x292.jpg 300w, https:\/\/tabouleinfos.com\/wp-content\/uploads\/2020\/12\/lancine-kone-696x677.jpg 696w, https:\/\/tabouleinfos.com\/wp-content\/uploads\/2020\/12\/lancine-kone-432x420.jpg 432w\" sizes=\"auto, (max-width: 750px) 100vw, 750px\" \/><\/a><\/p>\n<p class=\"MsoNormal\"><span style=\"font-size: 14pt;line-height: 115%\">Selon le pr\u00e9sident de l\u2019Association Cultures Ensemble \u2018\u2019ACE\u2019\u2019\u00a0: <b><i>\u00ab\u00a0Le Salon sur les M\u00e9tiers des Arts et la Culture 2021 vise essentiellement \u00e0 mettre en place une dynamique d\u2019action collective autour de l\u2019\u00e9cosyst\u00e8me culturel et cr\u00e9atif guin\u00e9en dans son ensemble en vue d\u2019une am\u00e9lioration collective des conditions de cr\u00e9ation, de promotion, d\u2019accompagnement et de valorisation des productions artistiques sur le march\u00e9 local et international \u00e0 travers des formations, d\u2019exposition et des espaces multi-\u00e9changes entre l\u2019Etat, les diff\u00e9rents acteurs du domaine et les partenaires au d\u00e9veloppement.\u00bb <\/i><\/b><\/span><\/p>\n<p class=\"MsoNormal\"><span style=\"font-size: 14pt;line-height: 115%\">Parlant de l\u2019objectif sp\u00e9cifique, dira-t-il c\u2019est\u00a0: <b><i>\u00ab\u00a0d\u2019\u00e9valuer l\u2019impact de la pand\u00e9mie sur le secteur culturel et cr\u00e9atif \u00e0 travers une enqu\u00eate dans les huit (8) r\u00e9gions administratives du pays et cr\u00e9atif, r\u00e9aliser et publier un reportage sur les m\u00e9tiers porteurs de croissance en vue d\u2019une appr\u00e9hension et accompagnement des acteurs concern\u00e9s; promouvoir et accompagner les productions culturelles et artistiques \u00e0 travers une exposition-vente, renforcer les capacit\u00e9s de 250 acteurs culturels guin\u00e9ens et africains (producteurs, promoteurs, journalistes culturels et managers d\u2019artistes) via des ateliers de formation \u2018\u2019masters class\u2019\u2019 \u00e0 Conakry et les sept (7) r\u00e9gions du pays\u00a0; cr\u00e9er une r\u00e9sidence de cr\u00e9ation artistique pour une formation pratique de trente (30) artistes talents et de renom sur les techniques de cr\u00e9ativit\u00e9, de performances vocales et de maitrise du live musique, promouvoir la culture et les valeurs citoyennes \u00e0 travers des concerts et show case durant la p\u00e9riode du Salon sur les M\u00e9tiers des Arts et la Culture \u00e0 Conakry, favoriser l\u2019insertion socioprofessionnelle des artistes sous leurs propres initiatives entrepreneuriales via des appuis financiers aupr\u00e8s des partenaires concern\u00e9s (l\u2019Etat, institutions, entreprises priv\u00e9es\u2026)\u00bb<\/i><\/b>, explique Lacine Kone.<\/span><\/p>\n<p><a href=\"https:\/\/tabouleinfos.com\/wp-content\/uploads\/2020\/12\/malick-kebe.jpg\"><img loading=\"lazy\" decoding=\"async\" width=\"750\" height=\"743\" class=\"alignnone size-full wp-image-3242\" src=\"https:\/\/tabouleinfos.com\/wp-content\/uploads\/2020\/12\/malick-kebe.jpg\" alt=\"\" srcset=\"https:\/\/tabouleinfos.com\/wp-content\/uploads\/2020\/12\/malick-kebe.jpg 750w, https:\/\/tabouleinfos.com\/wp-content\/uploads\/2020\/12\/malick-kebe-300x297.jpg 300w, https:\/\/tabouleinfos.com\/wp-content\/uploads\/2020\/12\/malick-kebe-150x150.jpg 150w, https:\/\/tabouleinfos.com\/wp-content\/uploads\/2020\/12\/malick-kebe-696x690.jpg 696w, https:\/\/tabouleinfos.com\/wp-content\/uploads\/2020\/12\/malick-kebe-424x420.jpg 424w, https:\/\/tabouleinfos.com\/wp-content\/uploads\/2020\/12\/malick-kebe-75x75.jpg 75w\" sizes=\"auto, (max-width: 750px) 100vw, 750px\" \/><\/a><\/p>\n<p class=\"MsoNormal\"><span style=\"font-size: 14pt;line-height: 115%\">A cette occasion, le Directeur G\u00e9n\u00e9ral du <b>FODAC<\/b>, Malick Kebe a rappel\u00e9 que\u00a0: <b><i>\u00ab\u00a0professionnaliser ce secteur a toujours \u00e9t\u00e9 ma priorit\u00e9 depuis les premi\u00e8res heures du festival RAP AUSSI, j\u2019ai mis l\u2019accent sur la formation. J\u2019ai commenc\u00e9 par la formation des managers, des artistes en danse hip hop, des disques jokey, en \u00e9criture des textes pour les artistes. Suite \u00e0 l\u2019installation de la direction du Fonds des Arts et de la Culture, qui a \u00e0 son sein des objectifs comme ce que vous en train de faire aujourd\u2019hui qui consiste \u00e0 renforcer les capacit\u00e9s des op\u00e9rateurs culturels\u2026\u00a0Au nom du d\u00e9partement des Sports, de la Culture et du Patrimoine Historique, je voudrai vous dire que nous allons \u00eatre \u00e0 vos c\u00f4t\u00e9s pour vous accompagner. Le Fonds des Arts et de la Culture vous accompagnera, non seulement sur le plan institutionnel, mais si nous avons les moyens financiers\u2026\u00bb<\/i><\/b><\/span><\/p>\n<p class=\"MsoNormal\"><span style=\"font-size: 14pt;line-height: 115%\">A souligner que, les activit\u00e9s pr\u00e9vues pour cette premi\u00e8re \u00e9dition seront r\u00e9alis\u00e9es <b>du 18 f\u00e9vrier au 12 mars 2021 dans les huit (8) r\u00e9gions et du 22 au 27 mars \u00e0 Conakry.<\/b><\/span><\/p>\n<p class=\"MsoNormal\"><span style=\"font-size: 14pt\"><b><span style=\"line-height: 115%\">Tabouleinfos.com<\/span><\/b><\/span><\/p>\n","protected":false},"excerpt":{"rendered":"<p>\u00abL\u2019entreprenariat culturel et d\u00e9veloppement durable, quelles strat\u00e9gies envisageables pour r\u00e9inventer\u00a0 un \u00e9cosyst\u00e8me culturel fond\u00e9 sur nos valeurs locales\u00a0\u00bb, est le th\u00e8me de la premi\u00e8re \u00e9dition du Salon sur les M\u00e9tiers des Arts et la Culture, dont le lancement officiel a eu lieu \u00e0 Conakry, ce vendredi 18 d\u00e9cembre 2020. Initi\u00e9 par l\u2019Association Cultures Ensemble \u2018\u2019ACE\u2019\u2019 [&hellip;]<\/p>\n","protected":false},"author":2,"featured_media":3240,"comment_status":"open","ping_status":"open","sticky":false,"template":"","format":"standard","meta":{"footnotes":""},"categories":[21,2],"tags":[],"class_list":{"0":"post-3237","1":"post","2":"type-post","3":"status-publish","4":"format-standard","5":"has-post-thumbnail","7":"category-events","8":"category-featured"},"_links":{"self":[{"href":"https:\/\/tabouleinfos.com\/index.php\/wp-json\/wp\/v2\/posts\/3237","targetHints":{"allow":["GET"]}}],"collection":[{"href":"https:\/\/tabouleinfos.com\/index.php\/wp-json\/wp\/v2\/posts"}],"about":[{"href":"https:\/\/tabouleinfos.com\/index.php\/wp-json\/wp\/v2\/types\/post"}],"author":[{"embeddable":true,"href":"https:\/\/tabouleinfos.com\/index.php\/wp-json\/wp\/v2\/users\/2"}],"replies":[{"embeddable":true,"href":"https:\/\/tabouleinfos.com\/index.php\/wp-json\/wp\/v2\/comments?post=3237"}],"version-history":[{"count":0,"href":"https:\/\/tabouleinfos.com\/index.php\/wp-json\/wp\/v2\/posts\/3237\/revisions"}],"wp:featuredmedia":[{"embeddable":true,"href":"https:\/\/tabouleinfos.com\/index.php\/wp-json\/wp\/v2\/media\/3240"}],"wp:attachment":[{"href":"https:\/\/tabouleinfos.com\/index.php\/wp-json\/wp\/v2\/media?parent=3237"}],"wp:term":[{"taxonomy":"category","embeddable":true,"href":"https:\/\/tabouleinfos.com\/index.php\/wp-json\/wp\/v2\/categories?post=3237"},{"taxonomy":"post_tag","embeddable":true,"href":"https:\/\/tabouleinfos.com\/index.php\/wp-json\/wp\/v2\/tags?post=3237"}],"curies":[{"name":"wp","href":"https:\/\/api.w.org\/{rel}","templated":true}]}}