{"id":3576,"date":"2021-01-13T10:15:06","date_gmt":"2021-01-13T10:15:06","guid":{"rendered":"https:\/\/tabouleinfos.com\/?p=3576"},"modified":"2021-01-13T10:15:06","modified_gmt":"2021-01-13T10:15:06","slug":"fode-baro-le-souvenir-denfance-que-je-ne-pourrai-oublier-cest","status":"publish","type":"post","link":"https:\/\/tabouleinfos.com\/index.php\/fode-baro-le-souvenir-denfance-que-je-ne-pourrai-oublier-cest\/","title":{"rendered":"Fod\u00e9 Baro\u00a0: \u00ab\u00a0Le souvenir d\u2019enfance que je ne pourrai oublier, c\u2019est\u2026\u00a0\u00bb"},"content":{"rendered":"<p><span style=\"font-size: 14pt\"><strong>L\u2019agitateur Fod\u00e9 Baro a beaucoup de choses \u00e0 raconter sur son enfance. Malgr\u00e9 la gloire, il y a un souvenir que le concepteur de l\u2019Afro-zouk-mandingue n\u2019arrive toujours pas \u00e0 sortir de sa t\u00eate.<\/strong><\/span><\/p>\n<p><span style=\"font-size: 14pt\">Fils d\u2019<strong>Ibrahim Kalil Baro <\/strong>et de <strong>Samantenin Tour\u00e9<\/strong>, Fod\u00e9 Baro\u00a0a v\u00e9cu une enfance calme et tr\u00e8s sage. Aujourd\u2019hui, il a fond\u00e9 sa famille et il est en train de vivre le r\u00eave qu\u2019il s\u2019est souhait\u00e9 depuis tout petit.<\/span><\/p>\n<p><span style=\"font-size: 14pt\">Apr\u00e8s plusieurs ann\u00e9es pass\u00e9es, le chanteur nous raconte son enfance\u00a0: <strong><em>\u00ab\u00a0J\u2019\u00e9tais un enfant innocent. Je ne parlais pas beaucoup. Je ne faisais pas de b\u00eatises. J\u2019ai \u00e9volu\u00e9 avec un objectif. Des fois, j\u2019ai \u00e9t\u00e9 aga\u00e7ant comme tous les enfants, parce que c\u2019\u00e9tait l\u2019enfance. Donc tous les enfants ont ce petit caprice. Je m\u2019\u00e9tais beaucoup focalis\u00e9 sur mes ambitions. C\u2019est ce que je vis aujourd\u2019hui.\u00bb<\/em><\/strong>, nous confie l\u2019artiste.<\/span><\/p>\n<p><span style=\"font-size: 14pt\">Mais derri\u00e8re cette enfance paisible, se cache une histoire douloureuse. <strong><em>\u00ab\u00a0Le souvenir d\u2019enfance que je ne pourrai oublier, c\u2019est le d\u00e9part de ma carri\u00e8re. Une fois que j\u2019ai fait le choix de faire la musique, avec toutes les difficult\u00e9s que j\u2019ai rencontr\u00e9es pour faire ce m\u00e9tier par rapport au statut de ma famille tr\u00e8s religieuse. Cela m\u2019a beaucoup marqu\u00e9. J\u2019ai retenu cela et je le retiendrai toujours. Je n\u2019arrive jamais \u00e0 le sortir de ma t\u00eate. Mais heureusement, Dieu m\u2019a donn\u00e9 une route.\u00bb<\/em><\/strong>, r\u00e9v\u00e8le Fod\u00e9 Baro.<\/span><\/p>\n<p><span style=\"font-size: 14pt\">A souligner que, l\u2019enfant de la SIG Madina est sur les pr\u00e9paratifs de la sortie de son nouvel album, pr\u00e9vue <strong>le 12 mars au Noom h\u00f4tel<\/strong> <strong>et le 13 mars au palais du peuple.<\/strong><\/span><\/p>\n<p><span style=\"font-size: 14pt\"><strong>Aboubacar Fod\u00e9 Bangoura<\/strong><\/span><\/p>\n<p>&nbsp;<\/p>\n<p>&nbsp;<\/p>\n","protected":false},"excerpt":{"rendered":"<p>L\u2019agitateur Fod\u00e9 Baro a beaucoup de choses \u00e0 raconter sur son enfance. Malgr\u00e9 la gloire, il y a un souvenir que le concepteur de l\u2019Afro-zouk-mandingue n\u2019arrive toujours pas \u00e0 sortir de sa t\u00eate. Fils d\u2019Ibrahim Kalil Baro et de Samantenin Tour\u00e9, Fod\u00e9 Baro\u00a0a v\u00e9cu une enfance calme et tr\u00e8s sage. Aujourd\u2019hui, il a fond\u00e9 sa [&hellip;]<\/p>\n","protected":false},"author":2,"featured_media":3577,"comment_status":"open","ping_status":"open","sticky":false,"template":"","format":"standard","meta":{"footnotes":""},"categories":[2,24],"tags":[],"class_list":{"0":"post-3576","1":"post","2":"type-post","3":"status-publish","4":"format-standard","5":"has-post-thumbnail","7":"category-featured","8":"category-people"},"_links":{"self":[{"href":"https:\/\/tabouleinfos.com\/index.php\/wp-json\/wp\/v2\/posts\/3576","targetHints":{"allow":["GET"]}}],"collection":[{"href":"https:\/\/tabouleinfos.com\/index.php\/wp-json\/wp\/v2\/posts"}],"about":[{"href":"https:\/\/tabouleinfos.com\/index.php\/wp-json\/wp\/v2\/types\/post"}],"author":[{"embeddable":true,"href":"https:\/\/tabouleinfos.com\/index.php\/wp-json\/wp\/v2\/users\/2"}],"replies":[{"embeddable":true,"href":"https:\/\/tabouleinfos.com\/index.php\/wp-json\/wp\/v2\/comments?post=3576"}],"version-history":[{"count":0,"href":"https:\/\/tabouleinfos.com\/index.php\/wp-json\/wp\/v2\/posts\/3576\/revisions"}],"wp:featuredmedia":[{"embeddable":true,"href":"https:\/\/tabouleinfos.com\/index.php\/wp-json\/wp\/v2\/media\/3577"}],"wp:attachment":[{"href":"https:\/\/tabouleinfos.com\/index.php\/wp-json\/wp\/v2\/media?parent=3576"}],"wp:term":[{"taxonomy":"category","embeddable":true,"href":"https:\/\/tabouleinfos.com\/index.php\/wp-json\/wp\/v2\/categories?post=3576"},{"taxonomy":"post_tag","embeddable":true,"href":"https:\/\/tabouleinfos.com\/index.php\/wp-json\/wp\/v2\/tags?post=3576"}],"curies":[{"name":"wp","href":"https:\/\/api.w.org\/{rel}","templated":true}]}}