{"id":3587,"date":"2021-01-14T06:52:56","date_gmt":"2021-01-14T06:52:56","guid":{"rendered":"https:\/\/tabouleinfos.com\/?p=3587"},"modified":"2021-01-14T07:59:28","modified_gmt":"2021-01-14T07:59:28","slug":"fode-baro-en-2021-je-prevois-guinee-bercy-interview","status":"publish","type":"post","link":"https:\/\/tabouleinfos.com\/index.php\/fode-baro-en-2021-je-prevois-guinee-bercy-interview\/","title":{"rendered":"Fod\u00e9 Baro : \u00ab En 2021, je pr\u00e9vois Guin\u00e9e-Bercy \u00bb (Interview)"},"content":{"rendered":"<p><span style=\"font-size: 14pt\"><strong>Fod\u00e9 Baro est cet artiste chanteur guin\u00e9en qui n\u2019est plus \u00e0 pr\u00e9senter sur la sc\u00e8ne musicale africaine et internationale. Ces derniers jours, le concepteur de l\u2019Afro-zouk-mandingue affole la toile avec ses nouveaux looks. Sans oublier son dernier single \u2018\u2019Wo R\u00e9b\u00e9b\u00e9\u2019\u2019 qui s\u2019impose petit \u00e0 petit dans le paysage musical guin\u00e9en. D\u00e9j\u00e0 auteur de cinq albums sur le march\u00e9 du disque, l\u2019enfant de la SIG Madina s\u2019appr\u00eate \u00e0 livrer son sixi\u00e8me opus \u2018\u2019Coup Fatal\u2019\u2019 au public m\u00e9lomane, le 12 mars \u00e0 l\u2019h\u00f4tel Noom et le 13 mars 2021 au palais du peuple de Conakry.<\/strong><\/span><\/p>\n<p><a href=\"https:\/\/tabouleinfos.com\/wp-content\/uploads\/2021\/01\/fode-baro-entretien.jpg\"><img loading=\"lazy\" decoding=\"async\" width=\"724\" height=\"489\" class=\"alignnone size-full wp-image-3589\" src=\"https:\/\/tabouleinfos.com\/wp-content\/uploads\/2021\/01\/fode-baro-entretien.jpg\" alt=\"\" srcset=\"https:\/\/tabouleinfos.com\/wp-content\/uploads\/2021\/01\/fode-baro-entretien.jpg 724w, https:\/\/tabouleinfos.com\/wp-content\/uploads\/2021\/01\/fode-baro-entretien-300x203.jpg 300w, https:\/\/tabouleinfos.com\/wp-content\/uploads\/2021\/01\/fode-baro-entretien-696x470.jpg 696w, https:\/\/tabouleinfos.com\/wp-content\/uploads\/2021\/01\/fode-baro-entretien-622x420.jpg 622w\" sizes=\"auto, (max-width: 724px) 100vw, 724px\" \/><\/a><\/p>\n<p><span style=\"font-size: 14pt\">Le d\u00e9but de cette semaine, l\u2019\u00e9quipe de <a href=\"http:\/\/Tabouleinfos.com\"><strong>Tabouleinfos.com<\/strong><\/a> s\u2019est entretenue avec Fod\u00e9 Baro \u00e0 son domicile situ\u00e9 dans la commune de Ratoma. Lors de cet entretien, l\u2019Agitateur a parl\u00e9 de ses nouvelles coupes de cheveux, son single<strong> \u2018\u2019Wo R\u00e9b\u00e9b\u00e9\u2019\u2019<\/strong>, les pr\u00e9paratifs du concert d\u00e9dicace de l\u2019album <strong>\u2018\u2019Coup Fatal\u2019\u2019<\/strong> et de ce qu\u2019il souhaite faire apr\u00e8s la fin de sa carri\u00e8re musicale.<\/span><\/p>\n<p><span style=\"font-size: 14pt\"><strong>On vous laisse d\u00e9couvrir cette interview.<\/strong><\/span><\/p>\n<p><strong style=\"font-size: 14pt\">Tabouleinfos\u00a0: Aujourd\u2019hui, Fod\u00e9 Baro fait parler de lui \u00e0 travers ses nouveaux looks, cheveux teint\u00e9s et dread. Dites-nous, quel \u00e9tait l\u2019objectif cherch\u00e9 par ce changement de style\u00a0?<\/strong><\/p>\n<p><a href=\"https:\/\/tabouleinfos.com\/wp-content\/uploads\/2021\/01\/fode-baro-looks.png\"><img loading=\"lazy\" decoding=\"async\" width=\"800\" height=\"407\" class=\"alignnone size-full wp-image-3602\" src=\"https:\/\/tabouleinfos.com\/wp-content\/uploads\/2021\/01\/fode-baro-looks.png\" alt=\"\" srcset=\"https:\/\/tabouleinfos.com\/wp-content\/uploads\/2021\/01\/fode-baro-looks.png 800w, https:\/\/tabouleinfos.com\/wp-content\/uploads\/2021\/01\/fode-baro-looks-300x153.png 300w, https:\/\/tabouleinfos.com\/wp-content\/uploads\/2021\/01\/fode-baro-looks-768x391.png 768w, https:\/\/tabouleinfos.com\/wp-content\/uploads\/2021\/01\/fode-baro-looks-696x354.png 696w, https:\/\/tabouleinfos.com\/wp-content\/uploads\/2021\/01\/fode-baro-looks-750x382.png 750w\" sizes=\"auto, (max-width: 800px) 100vw, 800px\" \/><\/a><\/p>\n<p><span style=\"font-size: 14pt\"><strong>Fod\u00e9 Baro : <\/strong>Le morceau <strong>\u2018\u2019Wo r\u00e9b\u00e9b\u00e9\u2019\u2019<\/strong> a eu quelque chose \u00e0 voir dans mon histoire de coiffure. La chanson n\u2019existait pas. Elle n\u2019\u00e9tait pas dans mon programme. Je suis un artiste comme tout le monde. Je suis un cr\u00e9ateur. J\u2019ai chang\u00e9 de look par rapport au temps d\u2019aujourd\u2019hui. J\u2019ai chang\u00e9 mon look comme les autres grands artistes le font chez eux. Je suis un artisan. Un artiste, on ne lui donne pas de l\u2019instruction pour s\u2019habiller ou se faire coiffer\u2026 On voit les <strong>Koffi Olomide<\/strong>, ils viennent avec toute sorte d\u2019habillement et de coiffure, mais on n\u2019en parle pas. Il faut que nous les guin\u00e9ens essayions d\u2019\u00e9voluer un peu. Je suis un artiste panafricain connu plan\u00e9tairement. J\u2019ai fait dix ans d\u2019absence. Je suis en train de venir. Je vois ce qui se passe et ce qui marche. La coiffure n\u2019est pas importante, mais ce qu\u2019elle apporte au pays, c\u2019est que les gens doivent voir. Il ne faut pas que je me mets dans la m\u00eame coiffure que tout le monde. Je viens avec mon statut personnel parmi les gens qui font partie du moment. Ce changement de style vient de l\u00e0. Aujourd\u2019hui, je ne dirai pas que j\u2019ai chang\u00e9 de style, c\u2019est del\u00e0 que les guin\u00e9ens se trompent. C\u2019est comme un ma\u00e7on qui faisait des villas, et on lui donne un chantier d\u2019\u00e9tage. Il est toujours ma\u00e7on. Il ne recevait que le march\u00e9 de villas\u2026 Est-ce qu\u2019il a quelque chose \u00e0 prendre l\u00e0-bas.<\/span><\/p>\n<p><span style=\"font-size: 14pt;color: #0000ff\">Lire aussi\u00a0: <a style=\"color: #0000ff\" href=\"https:\/\/tabouleinfos.com\/index.php\/le-pere-de-fode-baro-est-decede\/\"><strong>le p\u00e8re de Fod\u00e9 Baro est d\u00e9c\u00e9d\u00e9<\/strong><\/a><\/span><\/p>\n<p><a href=\"https:\/\/tabouleinfos.com\/wp-content\/uploads\/2021\/01\/fode-baro-.jpg\"><img loading=\"lazy\" decoding=\"async\" width=\"810\" height=\"492\" class=\"alignnone size-full wp-image-3590\" src=\"https:\/\/tabouleinfos.com\/wp-content\/uploads\/2021\/01\/fode-baro-.jpg\" alt=\"\" srcset=\"https:\/\/tabouleinfos.com\/wp-content\/uploads\/2021\/01\/fode-baro-.jpg 810w, https:\/\/tabouleinfos.com\/wp-content\/uploads\/2021\/01\/fode-baro--300x182.jpg 300w, https:\/\/tabouleinfos.com\/wp-content\/uploads\/2021\/01\/fode-baro--768x466.jpg 768w, https:\/\/tabouleinfos.com\/wp-content\/uploads\/2021\/01\/fode-baro--696x423.jpg 696w, https:\/\/tabouleinfos.com\/wp-content\/uploads\/2021\/01\/fode-baro--691x420.jpg 691w, https:\/\/tabouleinfos.com\/wp-content\/uploads\/2021\/01\/fode-baro--750x456.jpg 750w\" sizes=\"auto, (max-width: 810px) 100vw, 810px\" \/><\/a><\/p>\n<p><span style=\"font-size: 14pt\">L\u2019afro, tout guin\u00e9en doit \u00eatre fier de Fod\u00e9 Baro, parce que l\u2019afro dont tout le monde fait partout a \u00e9t\u00e9 cr\u00e9\u00e9 en Guin\u00e9e. Je l\u2019ai dit et je l\u2019ai r\u00e9p\u00e9t\u00e9\u2026 Les trois rois culturels sur le plan mondial, la Guin\u00e9e a eu la chance. Parce qu\u2019il y a un guin\u00e9en qui figure parmi les trois. Quand je cr\u00e9ais l\u2019afro, on disait que ce n\u2019est pas de la musique guin\u00e9enne. J\u2019ai eu toutes les critiques du monde. C\u2019est cet afro qui a vendu la Guin\u00e9e sur le plan mondial. Il y avait le zouk, mais il n\u2019y avait pas d\u2019afro. J\u2019ai cr\u00e9e l\u2019afro, le soka-beat, afro-RnB, l\u2019afro-soukous\u2026 Aujourd\u2019hui, l\u2019afro est revenu sous une autre forme. Avant, quand je le faisais, le tempo ne d\u00e9passait pas 90. C\u2019\u00e9tait du zouk love. Ce n\u2019\u00e9tait pas rapide. Je l\u2019ai rendu rapide\u2026 Le morceau <strong>\u2018\u2019Chaptalat\u2019\u2019<\/strong> et <strong>\u2018\u2019Katoucha\u2019\u2019<\/strong>, ils sont afro-RnB\u2026<\/span><\/p>\n<p><span style=\"font-size: 14pt;color: #0000ff\">Lire aussi : <a style=\"color: #0000ff\" href=\"https:\/\/tabouleinfos.com\/index.php\/fode-baro-se-souvient-encore-du-jour-ou-il-a-ete-maudit-par-sa-famille\/\"><strong>Fod\u00e9 Baro se souvient encore du jour o\u00f9 il a \u00e9t\u00e9 maudit par sa famille !<\/strong><\/a><\/span><\/p>\n<p><a href=\"https:\/\/www.youtube.com\/watch?v=0NWBCxUGECY\">https:\/\/www.youtube.com\/watch?v=0NWBCxUGECY<\/a><\/p>\n<p><span style=\"font-size: 14pt\"><strong>Tabouleinfos\u00a0: Parlons du single \u2018\u2019Wo R\u00e9b\u00e9b\u00e9\u2019\u2019 qui est n\u00e9 suite aux diff\u00e9rentes critiques de quelques internautes. Combien de temps ou jours aviez-vous fait pour le cr\u00e9er\u00a0?<\/strong><\/span><\/p>\n<p><span style=\"font-size: 14pt\"><strong>Fod\u00e9 Baro : 72 heures<\/strong>. Quand j\u2019ai fait ma t\u00eate, les critiques ne m\u2019ont pas surpris. Je savais qu\u2019il allait avoir des gens qui vont mal prendre. Je suis un artiste. Donc je suis un cr\u00e9ateur. Tu cr\u00e9e, on te critique. Tu t\u2019en fous. C\u2019est toi qui dois faire adh\u00e9rer \u00e0 ton style les gens qui te critiquent. C\u2019est ce qu\u2019on appelle l\u2019art. C\u2019\u00e9tait mal vu, mais aujourd\u2019hui, les gens commencent \u00e0 adh\u00e9rer. C\u2019est ce qui a apport\u00e9 toute cette histoire de <strong>\u2018\u2019Wo r\u00e9b\u00e9b\u00e9\u2019\u2019<\/strong>.<\/span><\/p>\n<p><span style=\"color: #0000ff;font-size: 14pt\">Lire aussi\u00a0:<strong> <a style=\"color: #0000ff\" href=\"https:\/\/tabouleinfos.com\/index.php\/apres-les-moqueries-fode-baro-sort-le-single-wo-rebebe\/\">Fod\u00e9 Baro sort enfin le single \u2018\u2019W\u00d4 R\u00e9b\u00e9b\u00e9\u2019\u2019\u00a0!<\/a><\/strong><\/span><\/p>\n<p><span style=\"font-size: 14pt\"><strong>Tabouleinfos\u00a0: On est \u00e0 quelques mois de la sortie de votre album \u2018\u2019Coup Fatal\u2019\u2019, quel est le niveau des pr\u00e9paratifs et qu\u2019est-ce que les m\u00e9lomanes ou vos fans doivent s\u2019attendre\u00a0?<\/strong><\/span><\/p>\n<p><span style=\"font-size: 14pt\"><strong>Fod\u00e9 Baro : <\/strong>Je dirai \u00e0 tous les m\u00e9lomanes qu\u2019apr\u00e8s dix ans d\u2019absence, je reviens. Quand je me suis annonc\u00e9, je ne me suis cach\u00e9 \u00e0 personne. Aujourd\u2019hui, les dates sont l\u00e0. Je leur donnerai ce qu\u2019ils attendent de moi. Ils auront un album qu\u2019ils \u00e9couteront longtemps et ils seront fiers de moi. Le r\u00e9sultat, c\u2019est le peuple qui va le juger, mais je vous donnerai un album de tonnerre.<\/span><\/p>\n<p><span style=\"color: #0000ff;font-size: 14pt\">Lire aussi\u00a0: <a style=\"color: #0000ff\" href=\"https:\/\/tabouleinfos.com\/index.php\/fode-baro-le-clip-personne-nest-dieu-enfin-disponible\/\"><strong>Fod\u00e9 Baro\u00a0: le clip \u2018\u2019Personne n\u2019est Dieu\u2019\u2019 enfin disponible\u00a0!<\/strong><\/a><\/span><\/p>\n<p><a href=\"https:\/\/tabouleinfos.com\/wp-content\/uploads\/2021\/01\/fode-baro-interview.jpg\"><img loading=\"lazy\" decoding=\"async\" width=\"768\" height=\"421\" class=\"alignnone size-full wp-image-3591\" src=\"https:\/\/tabouleinfos.com\/wp-content\/uploads\/2021\/01\/fode-baro-interview.jpg\" alt=\"\" srcset=\"https:\/\/tabouleinfos.com\/wp-content\/uploads\/2021\/01\/fode-baro-interview.jpg 768w, https:\/\/tabouleinfos.com\/wp-content\/uploads\/2021\/01\/fode-baro-interview-300x164.jpg 300w, https:\/\/tabouleinfos.com\/wp-content\/uploads\/2021\/01\/fode-baro-interview-696x382.jpg 696w, https:\/\/tabouleinfos.com\/wp-content\/uploads\/2021\/01\/fode-baro-interview-766x420.jpg 766w, https:\/\/tabouleinfos.com\/wp-content\/uploads\/2021\/01\/fode-baro-interview-750x411.jpg 750w\" sizes=\"auto, (max-width: 768px) 100vw, 768px\" \/><\/a><\/p>\n<p><span style=\"font-size: 14pt\">Je suis en pleine pr\u00e9paration. On aura d\u2019autres titres qui arriveront avant la sortie de l\u2019album. Cette ann\u00e9e, on va cr\u00e9er notre danse avec le titre <strong>\u2018\u2019FOKA DANSE\u2019\u2019<\/strong>. On doit commencer les r\u00e9p\u00e9titions sur cette danse avec les danseurs pour pouvoir valoriser notre pays. Il faut qu\u2019on arr\u00eate de danser la danse des autres. Il faut que les autres commencent \u00e0 danser ce qu\u2019on a cr\u00e9\u00e9. En tous les cas, attendez vous \u00e0 du lourd.<\/span><\/p>\n<p><span style=\"font-size: 14pt;color: #0000ff\">Lire aussi\u00a0:<a style=\"color: #0000ff\" href=\"https:\/\/tabouleinfos.com\/index.php\/fode-baro-entre-deception-et-amertume\/\"><strong> Fod\u00e9 Baro entre d\u00e9ception et amertume\u00a0!<\/strong><\/a><\/span><\/p>\n<p><span style=\"font-size: 14pt\"><strong>Tabouleinfos\u00a0: Quelle activit\u00e9 comptez-vous faire apr\u00e8s la fin de votre carri\u00e8re musicale\u00a0?<\/strong><\/span><\/p>\n<p><span style=\"font-size: 14pt\"><strong>Fod\u00e9 Baro : <\/strong>C\u2019est le destin qui nous dira cela. J\u2019ai beaucoup de projets dans ma vie qui ne sont pas que le micro. Je suis en train de faire le studio. Je suis en train de faire une industrie musicale qui ne sera pas l\u00e0 seulement que pour Fod\u00e9, mais plut\u00f4t pour la Guin\u00e9e. En 2021, je pr\u00e9vois Guin\u00e9e-Bercy avec mon carnet d\u2019adresse pour que je puisse ramener beaucoup de jeunes avec moi. Cette ann\u00e9e, je veux quand Fod\u00e9 Baro se d\u00e9place qu\u2019on voit au moins 40 \u00e0 50 personnes derri\u00e8re lui. Les Koffi Olomide le font. Cela sera ma fiert\u00e9.<\/span><\/p>\n<p><span style=\"font-size: 14pt;color: #0000ff\">Lire aussi\u00a0:<strong> <a style=\"color: #0000ff\" href=\"https:\/\/tabouleinfos.com\/index.php\/fode-baro-le-souvenir-denfance-que-je-ne-pourrai-oublier-cest\/\">Fod\u00e9 Baro\u00a0: \u00ab\u00a0le souvenir d\u2019enfance que je ne pourrai oublier, c\u2019est\u2026\u00a0\u00bb<\/a><\/strong><\/span><\/p>\n<p><span style=\"font-size: 14pt\">Interview r\u00e9alis\u00e9e par <strong>Aboubacar Fod\u00e9 Bangoura<\/strong><\/span><\/p>\n","protected":false},"excerpt":{"rendered":"<p>Fod\u00e9 Baro est cet artiste chanteur guin\u00e9en qui n\u2019est plus \u00e0 pr\u00e9senter sur la sc\u00e8ne musicale africaine et internationale. Ces derniers jours, le concepteur de l\u2019Afro-zouk-mandingue affole la toile avec ses nouveaux looks. Sans oublier son dernier single \u2018\u2019Wo R\u00e9b\u00e9b\u00e9\u2019\u2019 qui s\u2019impose petit \u00e0 petit dans le paysage musical guin\u00e9en. D\u00e9j\u00e0 auteur de cinq albums [&hellip;]<\/p>\n","protected":false},"author":2,"featured_media":3588,"comment_status":"open","ping_status":"open","sticky":false,"template":"","format":"standard","meta":{"footnotes":""},"categories":[2,15],"tags":[],"class_list":{"0":"post-3587","1":"post","2":"type-post","3":"status-publish","4":"format-standard","5":"has-post-thumbnail","7":"category-featured","8":"category-interview"},"_links":{"self":[{"href":"https:\/\/tabouleinfos.com\/index.php\/wp-json\/wp\/v2\/posts\/3587","targetHints":{"allow":["GET"]}}],"collection":[{"href":"https:\/\/tabouleinfos.com\/index.php\/wp-json\/wp\/v2\/posts"}],"about":[{"href":"https:\/\/tabouleinfos.com\/index.php\/wp-json\/wp\/v2\/types\/post"}],"author":[{"embeddable":true,"href":"https:\/\/tabouleinfos.com\/index.php\/wp-json\/wp\/v2\/users\/2"}],"replies":[{"embeddable":true,"href":"https:\/\/tabouleinfos.com\/index.php\/wp-json\/wp\/v2\/comments?post=3587"}],"version-history":[{"count":0,"href":"https:\/\/tabouleinfos.com\/index.php\/wp-json\/wp\/v2\/posts\/3587\/revisions"}],"wp:featuredmedia":[{"embeddable":true,"href":"https:\/\/tabouleinfos.com\/index.php\/wp-json\/wp\/v2\/media\/3588"}],"wp:attachment":[{"href":"https:\/\/tabouleinfos.com\/index.php\/wp-json\/wp\/v2\/media?parent=3587"}],"wp:term":[{"taxonomy":"category","embeddable":true,"href":"https:\/\/tabouleinfos.com\/index.php\/wp-json\/wp\/v2\/categories?post=3587"},{"taxonomy":"post_tag","embeddable":true,"href":"https:\/\/tabouleinfos.com\/index.php\/wp-json\/wp\/v2\/tags?post=3587"}],"curies":[{"name":"wp","href":"https:\/\/api.w.org\/{rel}","templated":true}]}}